{"id":2307,"date":"2011-11-06T10:24:45","date_gmt":"2011-11-06T13:24:45","guid":{"rendered":"http:\/\/mundobibliotecario.wordpress.com\/?p=2307"},"modified":"2011-11-06T10:24:45","modified_gmt":"2011-11-06T13:24:45","slug":"bibliotecas-de-sp-perdem-867-mil-livros-por-ano","status":"publish","type":"post","link":"https:\/\/mundobibliotecario.com.br\/index.php\/2011\/11\/06\/bibliotecas-de-sp-perdem-867-mil-livros-por-ano\/","title":{"rendered":"Bibliotecas de SP perdem 86,7 mil livros por ano"},"content":{"rendered":"<p>05 de novembro de 2011 | 9h 36<\/p>\n<p>ADRIANA FERRAZ &#8211; Ag\u00eancia Estado<\/p>\n<p>O acervo cultural de S\u00e3o Paulo perde 86,7 mil livros por ano. Levantamento obtido pelo Estado com dados de 70 bibliotecas e pontos de leitura municipais mostra que 347 mil livros sumiram das prateleiras entre 2006 e 2010. A queda geral nos \u00faltimos quatro anos \u00e9 de 12%. Mas h\u00e1 unidades em que seis de cada dez obras desapareceram.<\/p>\n<p>O n\u00famero revela que falta manuten\u00e7\u00e3o nos acervos municipais, uma vez que os exemplares perdidos n\u00e3o s\u00e3o repostos na propor\u00e7\u00e3o equivalente. Em dezembro de 2006, a capital contava com 2,88 milh\u00f5es de livros &#8211; no mesmo per\u00edodo do ano passado, eram 2,53 milh\u00f5es.<\/p>\n<p>A queda ocorre tanto entre os g\u00eaneros adultos quanto entre os dedicados ao p\u00fablico infanto-juvenil, ainda que em menor propor\u00e7\u00e3o. E mesmo em locais que contam com telecentros, condi\u00e7\u00e3o considerada essencial para atrair leitores.<\/p>\n<p>Realizada pela Rede Nossa S\u00e3o Paulo com informa\u00e7\u00f5es da Secretaria Municipal da Cultura, a pesquisa mostra ainda que apenas 21 unidades seguiram o caminho inverso no per\u00edodo, ou seja, registraram amplia\u00e7\u00e3o do estoque. \u00c9 o caso da M\u00e1rio de Andrade, a primeira e maior biblioteca p\u00fablica da capital, fundada em 1925 e reinaugurada em janeiro, ap\u00f3s reforma. O ganho foi de 21 mil exemplares. As demais somam preju\u00edzos.<\/p>\n<p>H\u00e1 pelo menos tr\u00eas motivos que explicam a diferen\u00e7a: conserva\u00e7\u00e3o inadequada, atraso na devolu\u00e7\u00e3o dos empr\u00e9stimos e fatores externos, como enchentes. De acordo com bibliotec\u00e1rios da rede ouvidos pelo Estado, a informatiza\u00e7\u00e3o do sistema que permite a retirada tamb\u00e9m acelerou a sa\u00edda de livros das prateleiras p\u00fablicas. No processo, iniciado em 2008, houve transfer\u00eancia de exemplares para escolas ou mesmo descarte de t\u00edtulos.<\/p>\n<p>A falta de leitores ainda pode servir como uma &#8220;causa extra&#8221;. As informa\u00e7\u00f5es s\u00e3o do jornal O Estado de S. Paulo.<\/p>\n<p>Dispon\u00edvel em: &lt;<a href=\"http:\/\/www.estadao.com.br\/noticias\/geral,bibliotecas-de-sp-perdem-867-mil-livros-por-ano,794934,0.htm\">http:\/\/www.estadao.com.br\/noticias\/geral,bibliotecas-de-sp-perdem-867-mil-livros-por-ano,794934,0.htm<\/a>&gt;. Acesso em: 6 nov. 2011.<\/p>\n","protected":false},"excerpt":{"rendered":"<p>05 de novembro de 2011 | 9h 36 ADRIANA FERRAZ &#8211; Ag\u00eancia Estado O acervo cultural de S\u00e3o Paulo perde 86,7 mil livros por ano. Levantamento obtido pelo Estado com dados de 70 bibliotecas e pontos de leitura municipais mostra que 347 mil livros sumiram das prateleiras entre 2006 e 2010. A queda geral nos &#8230; <a title=\"Bibliotecas de SP perdem 86,7 mil livros por ano\" class=\"read-more\" href=\"https:\/\/mundobibliotecario.com.br\/index.php\/2011\/11\/06\/bibliotecas-de-sp-perdem-867-mil-livros-por-ano\/\" aria-label=\"Read more about Bibliotecas de SP perdem 86,7 mil livros por ano\">Ler mais<\/a><\/p>\n","protected":false},"author":1,"featured_media":0,"comment_status":"open","ping_status":"open","sticky":false,"template":"","format":"standard","meta":{"_mi_skip_tracking":false,"_exactmetrics_sitenote_active":false,"_exactmetrics_sitenote_note":"","_exactmetrics_sitenote_category":0,"_jetpack_newsletter_access":"","footnotes":""},"categories":[60],"tags":[70,862,9,863],"class_list":["post-2307","post","type-post","status-publish","format-standard","hentry","category-noticias","tag-biblioteca-publica","tag-desaparecimento","tag-livro","tag-perda"],"jetpack_featured_media_url":"","jetpack_sharing_enabled":true,"jetpack-related-posts":[{"id":2364,"url":"https:\/\/mundobibliotecario.com.br\/index.php\/2011\/12\/16\/fbn-investe-mais-de-r-40-milhoes-em-acervo-para-bibliotecas\/","url_meta":{"origin":2307,"position":0},"title":"FBN investe mais de R$ 40 milh\u00f5es em acervo para bibliotecas","author":"mundobibliotecario","date":"16\/12\/2011","format":false,"excerpt":"CBL - 05\/12\/2011 A Funda\u00e7\u00e3o Biblioteca Nacional publicou o maior edital de apoio \u00e0s bibliotecas da\u00a0hist\u00f3ria do Minist\u00e9rio da Cultura. Ser\u00e3o investidos mais de R$ 40 milh\u00f5es na amplia\u00e7\u00e3o e atualiza\u00e7\u00e3o de acervos de bibliotecas municipais, comunit\u00e1rias, rurais e pontos de leitura que estiverem inscritos no Cadastro Nacional de Bibliotecas.\u2026","rel":"","context":"Em &quot;Not\u00edcias&quot;","block_context":{"text":"Not\u00edcias","link":"https:\/\/mundobibliotecario.com.br\/index.php\/category\/noticias\/"},"img":{"alt_text":"","src":"","width":0,"height":0},"classes":[]},{"id":605,"url":"https:\/\/mundobibliotecario.com.br\/index.php\/2009\/05\/04\/todos-os-municipios-terao-biblioteca-publica-ate-julho\/","url_meta":{"origin":2307,"position":1},"title":"Todos os munic\u00edpios ter\u00e3o biblioteca p\u00fablica at\u00e9 julho","author":"mundobibliotecario","date":"04\/05\/2009","format":false,"excerpt":"Editado pela Secretaria de Comunica\u00e7\u00e3o Social da Presid\u00eancia da Rep\u00fablica N\u00ba 796 - Bras\u00edlia, 27 de Abril de 2009 Para abrir a primeira biblioteca p\u00fablica nas 661 cidades brasileiras que ainda n\u00e3o t\u00eam esse equipamento, o Minist\u00e9rio da Cultura, atrav\u00e9s do programa Mais Cultura, investe R$ 37,18 milh\u00f5es na aquisi\u00e7\u00e3o\u2026","rel":"","context":"Em &quot;Not\u00edcias&quot;","block_context":{"text":"Not\u00edcias","link":"https:\/\/mundobibliotecario.com.br\/index.php\/category\/noticias\/"},"img":{"alt_text":"","src":"","width":0,"height":0},"classes":[]},{"id":10014,"url":"https:\/\/mundobibliotecario.com.br\/index.php\/2022\/06\/27\/sao-paulo-lanca-biblioteca-digital-gratuita-com-mais-de-15-mil-titulos-e-atividades-culturais\/","url_meta":{"origin":2307,"position":2},"title":"S\u00e3o Paulo lan\u00e7a biblioteca digital gratuita com mais de 15 mil t\u00edtulos e atividades culturais","author":"mundobibliotecario","date":"27\/06\/2022","format":false,"excerpt":"A Secretaria de Cultura e Economia Criativa do Estado de S\u00e3o Paulo lan\u00e7ou a biblioteca digital gratuita do estado de S\u00e3o Paulo, BibliON, que abre com um acervo de mais de 15 mil t\u00edtulos e uma vasta grade de atividades culturais, como clubes de leitura e oficinas de capacita\u00e7\u00e3o. A\u2026","rel":"","context":"Em &quot;Not\u00edcias&quot;","block_context":{"text":"Not\u00edcias","link":"https:\/\/mundobibliotecario.com.br\/index.php\/category\/noticias\/"},"img":{"alt_text":"","src":"https:\/\/i0.wp.com\/mundobibliotecario.com.br\/wp-content\/uploads\/2022\/06\/bibliotecas-digitais-onde-podes-encontrar-livros-gratuitos-@Pexels-woman-sitting-on-chair-using-black-ipad-1024x683-1-696x464-1.jpg?resize=350%2C200&ssl=1","width":350,"height":200},"classes":[]},{"id":188,"url":"https:\/\/mundobibliotecario.com.br\/index.php\/2008\/11\/28\/europa-lanca-biblioteca-virtual-para-concorrer-com-o-google\/","url_meta":{"origin":2307,"position":3},"title":"Europa lan\u00e7a biblioteca virtual para concorrer com o Google","author":"mundobibliotecario","date":"28\/11\/2008","format":false,"excerpt":"Site pretende ter, em dois anos, mais de 10 milh\u00f5es de obras dispon\u00edveis a todos de forma gratuita Jamil Chade, de O Estado de S. Paulo > GENEBRA\u00a0-\u00a0A Europa lan\u00e7a sua biblioteca virtual e, impulsionada pela Fran\u00e7a, quer acabar com a supremacia da Google na Internet. Nesta quinta-feira, 20, Bruxelas\u2026","rel":"","context":"Em &quot;Not\u00edcias&quot;","block_context":{"text":"Not\u00edcias","link":"https:\/\/mundobibliotecario.com.br\/index.php\/category\/noticias\/"},"img":{"alt_text":"","src":"","width":0,"height":0},"classes":[]},{"id":845,"url":"https:\/\/mundobibliotecario.com.br\/index.php\/2009\/09\/06\/carandiru-vai-abrigar-biblioteca-central-do-estado-de-sp\/","url_meta":{"origin":2307,"position":4},"title":"Carandiru vai abrigar biblioteca central do Estado de SP","author":"mundobibliotecario","date":"06\/09\/2009","format":false,"excerpt":"\u00a0Ter, 01 Set, 09h50 Um sonho da d\u00e9cada de 1940 est\u00e1 prestes a ser realizado. Se tudo correr como previsto, os paulistas ter\u00e3o, a partir de 25 de janeiro do pr\u00f3ximo ano, uma biblioteca central para as 961 bibliotecas p\u00fablicas (municipais) espalhadas pelo Estado - dos 645 munic\u00edpios paulistas, apenas\u2026","rel":"","context":"Em &quot;Not\u00edcias&quot;","block_context":{"text":"Not\u00edcias","link":"https:\/\/mundobibliotecario.com.br\/index.php\/category\/noticias\/"},"img":{"alt_text":"","src":"","width":0,"height":0},"classes":[]},{"id":4892,"url":"https:\/\/mundobibliotecario.com.br\/index.php\/2012\/01\/02\/36-mil-livros-do-projeto-vai-e-vem-circularam-pela-cidade-ao-longo-deste-ano-2\/","url_meta":{"origin":2307,"position":5},"title":"36 mil livros do Projeto &quot;Vai e Vem&quot; circularam pela cidade ao longo deste ano","author":"mundobibliotecario","date":"02\/01\/2012","format":false,"excerpt":"36 mil livros do Projeto \"Vai e Vem\" circularam pela cidade ao longo deste ano Unidades m\u00f3veis e do Terminal Santo Ant\u00f4nio incentivam leitura Iniciativa da Prefeitura de Sorocaba para incentivar as pessoas \u00e0 leitura, o Projeto \"Vai e Vem\" \u00e9 um grande sucesso de p\u00fablico desde seu lan\u00e7amento. Ao\u2026","rel":"","context":"Em &quot;Not\u00edcias&quot;","block_context":{"text":"Not\u00edcias","link":"https:\/\/mundobibliotecario.com.br\/index.php\/category\/noticias\/"},"img":{"alt_text":"","src":"","width":0,"height":0},"classes":[]}],"jetpack_likes_enabled":true,"jetpack_shortlink":"https:\/\/wp.me\/pcbzwa-Bd","_links":{"self":[{"href":"https:\/\/mundobibliotecario.com.br\/index.php\/wp-json\/wp\/v2\/posts\/2307","targetHints":{"allow":["GET"]}}],"collection":[{"href":"https:\/\/mundobibliotecario.com.br\/index.php\/wp-json\/wp\/v2\/posts"}],"about":[{"href":"https:\/\/mundobibliotecario.com.br\/index.php\/wp-json\/wp\/v2\/types\/post"}],"author":[{"embeddable":true,"href":"https:\/\/mundobibliotecario.com.br\/index.php\/wp-json\/wp\/v2\/users\/1"}],"replies":[{"embeddable":true,"href":"https:\/\/mundobibliotecario.com.br\/index.php\/wp-json\/wp\/v2\/comments?post=2307"}],"version-history":[{"count":0,"href":"https:\/\/mundobibliotecario.com.br\/index.php\/wp-json\/wp\/v2\/posts\/2307\/revisions"}],"wp:attachment":[{"href":"https:\/\/mundobibliotecario.com.br\/index.php\/wp-json\/wp\/v2\/media?parent=2307"}],"wp:term":[{"taxonomy":"category","embeddable":true,"href":"https:\/\/mundobibliotecario.com.br\/index.php\/wp-json\/wp\/v2\/categories?post=2307"},{"taxonomy":"post_tag","embeddable":true,"href":"https:\/\/mundobibliotecario.com.br\/index.php\/wp-json\/wp\/v2\/tags?post=2307"}],"curies":[{"name":"wp","href":"https:\/\/api.w.org\/{rel}","templated":true}]}}