{"id":2343,"date":"2011-11-29T17:18:47","date_gmt":"2011-11-29T20:18:47","guid":{"rendered":"http:\/\/mundobibliotecario.wordpress.com\/?p=2343"},"modified":"2011-11-29T17:18:47","modified_gmt":"2011-11-29T20:18:47","slug":"9o-encontro-de-tecnicos-em-biblioteconomia-do-senac-sao-paulo","status":"publish","type":"post","link":"https:\/\/mundobibliotecario.com.br\/index.php\/2011\/11\/29\/9o-encontro-de-tecnicos-em-biblioteconomia-do-senac-sao-paulo\/","title":{"rendered":"9\u00ba Encontro de T\u00e9cnicos em Biblioteconomia do Senac S\u00e3o Paulo"},"content":{"rendered":"<p>O 9\u00ba Encontro de T\u00e9cnicos em Biblioteconomia | BIBLIOTECAS PARA TODOS \u00e9 uma oportunidade de atualiza\u00e7\u00e3o profissional que tamb\u00e9m oferece a possibilidade de reflex\u00e3o e um momento de encontro social. A 9\u00aa Edi\u00e7\u00e3o ter\u00e1 como tema central &#8220;Biblioteca para todos&#8221; e\u00a0 abordar\u00e1 assuntos como o design da informa\u00e7\u00e3o e redes sociais.<br \/>\n<strong>Para participar, \u00e9 necess\u00e1rio doar um livro usado em bom estado publicado a partir de 2005.<\/strong><br \/>\nVeja a programa\u00e7\u00e3o:<br \/>\n<strong>2\/12\/2011 &#8211;<\/strong><br \/>\n18h30: Caf\u00e9 de boas-vindas<br \/>\n19h10: Abertura<br \/>\n19h30: \u201cContribui\u00e7\u00f5es do Design da Informa\u00e7\u00e3o para a Biblioteconomia\u201d com Patr\u00edcia Tiemi Lopes Fujita e media\u00e7\u00e3o de Wanderson Scapechi.<br \/>\n20h30: Di\u00e1logos<br \/>\n20h45: Encerramento<br \/>\n<strong>3\/12\/2011 &#8211;<\/strong> \u00a0<br \/>\n10h: &#8220;Centros de Documenta\u00e7\u00e3o e Mem\u00f3ria: possibilidades de atua\u00e7\u00e3o do T\u00e9cnico em Biblioteconomia&#8221; com Clarissa Schmidt e media\u00e7\u00e3o de Andr\u00e9 de Araujo.<br \/>\n10h45: Di\u00e1logos<br \/>\n11h: \u201cDesenvolvimento em rede, um trajeto pelos afetos.\u201d com Glauco Soto e Patr\u00edcia Mar\u00e7al Frias, media\u00e7\u00e3o de Tatiana Zanquine da Silva Nakashima.<br \/>\n12h15: Di\u00e1logos<br \/>\n12h30: &#8220;Interven\u00e7\u00e3o Liter\u00e1ria&#8221; com a contadora de hist\u00f3rias Dorotilde.<br \/>\n13h15: Almo\u00e7o<br \/>\n14h15: &#8220;Perspectivas da atua\u00e7\u00e3o profissional na \u00e1rea da informa\u00e7\u00e3o\u201d com Michely Jabala Mamede Vogel e media\u00e7\u00e3o de Jeam Tiago da Silva Camilo.<br \/>\n15h15: Di\u00e1logos<br \/>\n15h30: Relato de experi\u00eancia T\u00e9cnico em Biblioteconomia \u2013 Mato Grosso do Sul<br \/>\n16h: Caf\u00e9.<br \/>\n16h30: \u201cBibliotecas p\u00fablicas, bibliotec\u00e1rios e censura na Era Vargas e Regime Militar\u201d com B\u00e1rbara Julia Menezello Leit\u00e3o.<br \/>\n17h: Relatos de experi\u00eancia T\u00e9cnico em Biblioteconomia \u2013 S\u00e3o Paulo.<br \/>\n17h30: Apresenta\u00e7\u00e3o da banda musical \u201cDoutor J\u00fapiter\u201d<br \/>\nDispon\u00edvel em: &lt;<a href=\"http:\/\/www.sp.senac.br\/jsp\/default.jsp?newsID=DYNAMIC,oracle.br.dataservers.ContentEventDataServer18,selectEvent&amp;template=946.dwt&amp;event=1049\">http:\/\/www.sp.senac.br\/jsp\/default.jsp?newsID=DYNAMIC,oracle.br.dataservers.ContentEventDataServer18,selectEvent&amp;template=946.dwt&amp;event=1049<\/a>&gt;. Acesso em: 29 nov. 2011.<\/p>\n","protected":false},"excerpt":{"rendered":"<p>O 9\u00ba Encontro de T\u00e9cnicos em Biblioteconomia | BIBLIOTECAS PARA TODOS \u00e9 uma oportunidade de atualiza\u00e7\u00e3o profissional que tamb\u00e9m oferece a possibilidade de reflex\u00e3o e um momento de encontro social. A 9\u00aa Edi\u00e7\u00e3o ter\u00e1 como tema central &#8220;Biblioteca para todos&#8221; e\u00a0 abordar\u00e1 assuntos como o design da informa\u00e7\u00e3o e redes sociais. Para participar, \u00e9 necess\u00e1rio &#8230; <a title=\"9\u00ba Encontro de T\u00e9cnicos em Biblioteconomia do Senac S\u00e3o Paulo\" class=\"read-more\" href=\"https:\/\/mundobibliotecario.com.br\/index.php\/2011\/11\/29\/9o-encontro-de-tecnicos-em-biblioteconomia-do-senac-sao-paulo\/\" aria-label=\"Read more about 9\u00ba Encontro de T\u00e9cnicos em Biblioteconomia do Senac S\u00e3o Paulo\">Ler mais<\/a><\/p>\n","protected":false},"author":1,"featured_media":0,"comment_status":"open","ping_status":"open","sticky":false,"template":"","format":"standard","meta":{"_mi_skip_tracking":false,"_exactmetrics_sitenote_active":false,"_exactmetrics_sitenote_note":"","_exactmetrics_sitenote_category":0,"_jetpack_newsletter_access":"","footnotes":""},"categories":[27],"tags":[63,147,138,1762],"class_list":["post-2343","post","type-post","status-publish","format-standard","hentry","category-eventos","tag-biblioteconomia","tag-encontro","tag-senac","tag-tecnico"],"jetpack_featured_media_url":"","jetpack_sharing_enabled":true,"jetpack-related-posts":[{"id":209,"url":"https:\/\/mundobibliotecario.com.br\/index.php\/2008\/12\/09\/6%c2%ba-encontro-de-tecnicos-em-biblioteconomia\/","url_meta":{"origin":2343,"position":0},"title":"6\u00ba Encontro de T\u00e9cnicos em Biblioteconomia","author":"mundobibliotecario","date":"09\/12\/2008","format":false,"excerpt":"O Senac Consola\u00e7\u00e3o promove o 6\u00ba Encontro de T\u00e9cnicos em Biblioteconomia, no dia 13 de dezembro de 2008, das 13 \u00e0s 18 horas. O evento \u00e9 realizado pela coordenadora do curso T\u00e9cnico em Biblioteconomia da unidade, Sueli Nemen Rocha. O encontro, que nessa edi\u00e7\u00e3o aborda o tema \u201cArquitetura da Informa\u00e7\u00e3o\u201d,\u2026","rel":"","context":"Em &quot;Eventos&quot;","block_context":{"text":"Eventos","link":"https:\/\/mundobibliotecario.com.br\/index.php\/category\/eventos\/"},"img":{"alt_text":"","src":"","width":0,"height":0},"classes":[]},{"id":1564,"url":"https:\/\/mundobibliotecario.com.br\/index.php\/2010\/11\/20\/8%c2%ba-encontro-de-tecnicos-em-biblioteconomia\/","url_meta":{"origin":2343,"position":1},"title":"8\u00ba Encontro de T\u00e9cnicos em Biblioteconomia","author":"mundobibliotecario","date":"20\/11\/2010","format":false,"excerpt":"A proposta do encontro \u00e9 reunir profissionais da \u00e1rea para atualiza\u00e7\u00e3o profissional e promover momentos de relacionamento social e troca de experi\u00eancias. Ser\u00e3o realizadas uma s\u00e9rie de atividades como apresenta\u00e7\u00e3o do coral Ecoart, sob a reg\u00eancia da musicista Lydia de Godau Pereira, a palestra As Bibliotecas nas Redes Sociais: Novas\u2026","rel":"","context":"Em &quot;Eventos&quot;","block_context":{"text":"Eventos","link":"https:\/\/mundobibliotecario.com.br\/index.php\/category\/eventos\/"},"img":{"alt_text":"","src":"","width":0,"height":0},"classes":[]},{"id":2045,"url":"https:\/\/mundobibliotecario.com.br\/index.php\/2011\/05\/24\/pet-em-biblioteconomia-e-ciencia-da-informacao-da-ufscar-promove-o-seminario-o-saber-profissional\/","url_meta":{"origin":2343,"position":2},"title":"PET em Biblioteconomia e Ci\u00eancia da Informa\u00e7\u00e3o da UFSCar promove o semin\u00e1rio &#8220;O Saber Profissional&#8221;","author":"mundobibliotecario","date":"24\/05\/2011","format":false,"excerpt":"O Programa de Educa\u00e7\u00e3o Tutorial em Biblioteconomia e Ci\u00eancia da Informa\u00e7\u00e3o (PET-BCI) da UFSCar realiza, no dia 3 de junho, o semin\u00e1rio \"O Saber Profissional\". O objetivo da atividade \u00e9 conhecer os trabalhos desenvolvidos por ex-alunos do Curso de Biblioteconomia e Ci\u00eancia da Informa\u00e7\u00e3o da UFSCar em diferentes segmentos de\u2026","rel":"","context":"Em &quot;Eventos&quot;","block_context":{"text":"Eventos","link":"https:\/\/mundobibliotecario.com.br\/index.php\/category\/eventos\/"},"img":{"alt_text":"","src":"","width":0,"height":0},"classes":[]},{"id":4879,"url":"https:\/\/mundobibliotecario.com.br\/index.php\/2011\/05\/24\/pet-em-biblioteconomia-e-ciencia-da-informacao-da-ufscar-promove-o-seminario-o-saber-profissional-2\/","url_meta":{"origin":2343,"position":3},"title":"PET em Biblioteconomia e Ci\u00eancia da Informa\u00e7\u00e3o da UFSCar promove o semin\u00e1rio &quot;O Saber Profissional&quot;","author":"mundobibliotecario","date":"24\/05\/2011","format":false,"excerpt":"O Programa de Educa\u00e7\u00e3o Tutorial em Biblioteconomia e Ci\u00eancia da Informa\u00e7\u00e3o (PET-BCI) da UFSCar realiza, no dia 3 de junho, o semin\u00e1rio \"O Saber Profissional\". O objetivo da atividade \u00e9 conhecer os trabalhos desenvolvidos por ex-alunos do Curso de Biblioteconomia e Ci\u00eancia da Informa\u00e7\u00e3o da UFSCar em diferentes segmentos de\u2026","rel":"","context":"Em &quot;Eventos&quot;","block_context":{"text":"Eventos","link":"https:\/\/mundobibliotecario.com.br\/index.php\/category\/eventos\/"},"img":{"alt_text":"","src":"","width":0,"height":0},"classes":[]},{"id":4882,"url":"https:\/\/mundobibliotecario.com.br\/index.php\/2011\/05\/24\/pet-em-biblioteconomia-e-ciencia-da-informacao-da-ufscar-promove-o-seminario-o-saber-profissional-2-2\/","url_meta":{"origin":2343,"position":4},"title":"PET em Biblioteconomia e Ci\u00eancia da Informa\u00e7\u00e3o da UFSCar promove o semin\u00e1rio &#034;O Saber Profissional&#034;","author":"mundobibliotecario","date":"24\/05\/2011","format":false,"excerpt":"O Programa de Educa\u00e7\u00e3o Tutorial em Biblioteconomia e Ci\u00eancia da Informa\u00e7\u00e3o (PET-BCI) da UFSCar realiza, no dia 3 de junho, o semin\u00e1rio \"O Saber Profissional\". O objetivo da atividade \u00e9 conhecer os trabalhos desenvolvidos por ex-alunos do Curso de Biblioteconomia e Ci\u00eancia da Informa\u00e7\u00e3o da UFSCar em diferentes segmentos de\u2026","rel":"","context":"Em &quot;Eventos&quot;","block_context":{"text":"Eventos","link":"https:\/\/mundobibliotecario.com.br\/index.php\/category\/eventos\/"},"img":{"alt_text":"","src":"","width":0,"height":0},"classes":[]},{"id":2330,"url":"https:\/\/mundobibliotecario.com.br\/index.php\/2011\/11\/23\/estagio-de-biblioteconomia-espm\/","url_meta":{"origin":2343,"position":5},"title":"Est\u00e1gio de Biblioteconomia &#8211; ESPM","author":"mundobibliotecario","date":"23\/11\/2011","format":false,"excerpt":"Local: ESPM \u2013 Escola Superior de Propaganda e Marketing Hor\u00e1rio do est\u00e1gio: 16h \u00e0s 22h Bolsa auxilio: R$ 900,00 Benef\u00edcios: VT + VR (20,00) \u00a0 PR\u00c9-REQUISITOS Escolaridade: Cursando 1\u00ba ao 4\u00ba Semestre de Biblioteconomia \u2013 per\u00edodo diurno \u00a0 Idiomas: Portugu\u00eas\u00a0\u00a0\u00a0\u00a0 \u00a0 1.\u00a0\u00a0\u00a0\u00a0 Compet\u00eancias t\u00e9cnicas: \u00a0Pacote Office, atendimento ao p\u00fablico (preferencialmente),\u2026","rel":"","context":"Em &quot;Eventos&quot;","block_context":{"text":"Eventos","link":"https:\/\/mundobibliotecario.com.br\/index.php\/category\/eventos\/"},"img":{"alt_text":"","src":"","width":0,"height":0},"classes":[]}],"jetpack_likes_enabled":true,"jetpack_shortlink":"https:\/\/wp.me\/pcbzwa-BN","_links":{"self":[{"href":"https:\/\/mundobibliotecario.com.br\/index.php\/wp-json\/wp\/v2\/posts\/2343","targetHints":{"allow":["GET"]}}],"collection":[{"href":"https:\/\/mundobibliotecario.com.br\/index.php\/wp-json\/wp\/v2\/posts"}],"about":[{"href":"https:\/\/mundobibliotecario.com.br\/index.php\/wp-json\/wp\/v2\/types\/post"}],"author":[{"embeddable":true,"href":"https:\/\/mundobibliotecario.com.br\/index.php\/wp-json\/wp\/v2\/users\/1"}],"replies":[{"embeddable":true,"href":"https:\/\/mundobibliotecario.com.br\/index.php\/wp-json\/wp\/v2\/comments?post=2343"}],"version-history":[{"count":0,"href":"https:\/\/mundobibliotecario.com.br\/index.php\/wp-json\/wp\/v2\/posts\/2343\/revisions"}],"wp:attachment":[{"href":"https:\/\/mundobibliotecario.com.br\/index.php\/wp-json\/wp\/v2\/media?parent=2343"}],"wp:term":[{"taxonomy":"category","embeddable":true,"href":"https:\/\/mundobibliotecario.com.br\/index.php\/wp-json\/wp\/v2\/categories?post=2343"},{"taxonomy":"post_tag","embeddable":true,"href":"https:\/\/mundobibliotecario.com.br\/index.php\/wp-json\/wp\/v2\/tags?post=2343"}],"curies":[{"name":"wp","href":"https:\/\/api.w.org\/{rel}","templated":true}]}}