{"id":2346,"date":"2011-12-03T15:43:31","date_gmt":"2011-12-03T18:43:31","guid":{"rendered":"http:\/\/mundobibliotecario.wordpress.com\/?p=2346"},"modified":"2020-07-21T23:20:48","modified_gmt":"2020-07-22T02:20:48","slug":"biblioteca-nacional-promove-divulgacao-de-lei-que-exige-envio-de-publicacoes-a-instituicao","status":"publish","type":"post","link":"https:\/\/mundobibliotecario.com.br\/index.php\/2011\/12\/03\/biblioteca-nacional-promove-divulgacao-de-lei-que-exige-envio-de-publicacoes-a-instituicao\/","title":{"rendered":"Biblioteca Nacional promove divulga\u00e7\u00e3o de lei que exige envio de publica\u00e7\u00f5es \u00e0 Institui\u00e7\u00e3o"},"content":{"rendered":"<p>A Biblioteca Nacional (BN) est\u00e1 intensificando, desde o in\u00edcio deste m\u00eas, a divulga\u00e7\u00e3o da lei de Dep\u00f3sito Legal, sancionada em 2004, e modificada no ano passado, que tem como objetivo exigir a remessa \u00e0 BN de pelo menos um exemplar de todas as publica\u00e7\u00f5es produzidas no Brasil.<br \/>\nDe acordo com a chefe da Divis\u00e3o de Dep\u00f3sito Legal da BN, Daniele Del Giudice, nesse primeiro momento a Biblioteca Nacional pretende ampliar seu acervo referente \u00e0 literatura de cordel, uma vez que atualmente a Institui\u00e7\u00e3o possui aproximadamente dois mil exemplares de cord\u00e9is, um n\u00famero considerado insatisfat\u00f3rio. &#8220;O cordel representa uma importante parte da nossa cultura, e a quantidade que temos hoje desse tipo de publica\u00e7\u00e3o \u00e9 muito pequena, considerando a dimens\u00e3o do nosso pa\u00eds, por isso a import\u00e2ncia desse programa de divulga\u00e7\u00e3o da lei&#8221;, explica.<br \/>\nSegundo Daniele Del Giudice, a Divis\u00e3o de Dep\u00f3sito Legal se reuniu com a Academia Brasileira de Literatura de Cordel (ABLC) buscando parceria para que a entrega dos cord\u00e9is \u00e0 BN seja ampliada. &#8220;N\u00f3s estamos criando essa parceria para contribuir com essa campanha que \u00e9 maravilhosa, mas tamb\u00e9m muito trabalhosa. A divulga\u00e7\u00e3o j\u00e1 vem surtindo efeito&#8221;, conta.<br \/>\nPara cumprir o que determina a lei, o autor precisa somente encaminhar \u00e0 BN, no m\u00ednimo, um exemplar de cada obra escrita por ele. &#8220;No caso dos cord\u00e9is, tamb\u00e9m \u00e9 necess\u00e1rio enviar um exemplar de cada folheto. Qualquer pessoa pode encaminhar sua publica\u00e7\u00e3o \u00e0 Biblioteca. E n\u00f3s estamos tamb\u00e9m entrando em contato com as editoras que publicam cord\u00e9is. Nossa inten\u00e7\u00e3o \u00e9 formar a Cole\u00e7\u00e3o Mem\u00f3ria Nacional, e preservar a hist\u00f3ria liter\u00e1ria do pa\u00eds&#8221;, destaca Daniele Del Giudice, acrescentando: &#8220;Junto com a obra, o autor tamb\u00e9m deve anexar seu e-mail, para que possamos emitir um recibo eletr\u00f4nico&#8221;, esclarece.<br \/>\nA lei de Dep\u00f3sito Legal isenta da obrigatoriedade de encaminhar \u00e0 Biblioteca Nacional exemplares das seguintes publica\u00e7\u00f5es: Materiais com fins publicit\u00e1rios; Cartazes de material de propaganda; Publica\u00e7\u00f5es em xerox do original publicado; Calend\u00e1rios\/ Cadernetas escolares; Agendas; Recortes de jornais; Obras n\u00e3o editadas; Folders\/Convites e Monografias\/Teses universit\u00e1rias(sendo de compet\u00eancia das universidades de origem, a preserva\u00e7\u00e3o e tratamento desse tipo de publica\u00e7\u00e3o).<br \/>\nOs autores que pretendem encaminhar exemplares de suas obras ao BN, devem endere\u00e7ar as publica\u00e7\u00f5es para: Funda\u00e7\u00e3o Biblioteca Nacional- Dep\u00f3sito Legal, avenida Rio Branco, 219, 3\u00b0 Andar, Centro, CEP &#8211; 20040-008 &#8211; Rio de Janeiro\/RJ.<\/p>\n<p>Dispon\u00edvel em: &lt;http:\/\/www.omossoroense.com.br\/universo\/80-universo\/11089-biblioteca-nacional-promove-divulgacao-de-lei-que-exige-envio-de-publicacoes-a-instituicao&gt;. Acesso em: 3 dez. 2011.<\/p>\n","protected":false},"excerpt":{"rendered":"<p>A Biblioteca Nacional (BN) est\u00e1 intensificando, desde o in\u00edcio deste m\u00eas, a divulga\u00e7\u00e3o da lei de Dep\u00f3sito Legal, sancionada em 2004, e modificada no ano passado, que tem como objetivo exigir a remessa \u00e0 BN de pelo menos um exemplar de todas as publica\u00e7\u00f5es produzidas no Brasil. De acordo com a chefe da Divis\u00e3o de &#8230; <a title=\"Biblioteca Nacional promove divulga\u00e7\u00e3o de lei que exige envio de publica\u00e7\u00f5es \u00e0 Institui\u00e7\u00e3o\" class=\"read-more\" href=\"https:\/\/mundobibliotecario.com.br\/index.php\/2011\/12\/03\/biblioteca-nacional-promove-divulgacao-de-lei-que-exige-envio-de-publicacoes-a-instituicao\/\" aria-label=\"Read more about Biblioteca Nacional promove divulga\u00e7\u00e3o de lei que exige envio de publica\u00e7\u00f5es \u00e0 Institui\u00e7\u00e3o\">Ler mais<\/a><\/p>\n","protected":false},"author":1,"featured_media":0,"comment_status":"open","ping_status":"open","sticky":false,"template":"","format":"standard","meta":{"_mi_skip_tracking":false,"_exactmetrics_sitenote_active":false,"_exactmetrics_sitenote_note":"","_exactmetrics_sitenote_category":0,"_jetpack_newsletter_access":"","footnotes":""},"categories":[60],"tags":[72,870],"class_list":["post-2346","post","type-post","status-publish","format-standard","hentry","category-noticias","tag-biblioteca-nacional","tag-deposito-legal"],"jetpack_featured_media_url":"","jetpack_sharing_enabled":true,"jetpack-related-posts":[{"id":9319,"url":"https:\/\/mundobibliotecario.com.br\/index.php\/2021\/08\/05\/inscricoes-para-o-premio-da-biblioteca-nacional-seguem-abertas-ate-20-08\/","url_meta":{"origin":2346,"position":0},"title":"Inscri\u00e7\u00f5es para o Pr\u00eamio da Biblioteca Nacional seguem abertas at\u00e9 20\/08","author":"mundobibliotecario","date":"05\/08\/2021","format":false,"excerpt":"A Funda\u00e7\u00e3o Biblioteca Nacional est\u00e1 com inscri\u00e7\u00f5es abertas para os seus pr\u00eamios liter\u00e1rios. Como aconteceu no ano passado, a BN suspendeu a categoria Projeto Gr\u00e1fico \u2013 Pr\u00eamio Alo\u00edsio Magalh\u00e3es por conta da log\u00edstica de recebimento e encaminhamento dos exemplares \u00e0 comiss\u00e3o julgadora. Isso porque a equipe da Biblioteca trabalha em\u2026","rel":"","context":"Post similar","block_context":{"text":"Post similar","link":""},"img":{"alt_text":"","src":"https:\/\/i0.wp.com\/mundobibliotecario.com.br\/wp-content\/uploads\/2021\/08\/logo_290x290_publishnews_colorido-1.png?resize=350%2C200&ssl=1","width":350,"height":200},"classes":[]},{"id":7753,"url":"https:\/\/mundobibliotecario.com.br\/index.php\/2020\/08\/09\/fundacao-biblioteca-nacional-adere-a-rede-cariniana-para-a-preservacao-digital-de-documentos\/","url_meta":{"origin":2346,"position":1},"title":"Funda\u00e7\u00e3o Biblioteca Nacional adere \u00e0 Rede Cariniana para a preserva\u00e7\u00e3o digital de documentos","author":"mundobibliotecario","date":"09\/08\/2020","format":false,"excerpt":"Fachada da bibliotecaCr\u00e9dito da foto: Funda\u00e7\u00e3o Biblioteca Nacional A Funda\u00e7\u00e3o Biblioteca Nacional (FBN) e o Instituto Brasileiro de Informa\u00e7\u00e3o em Ci\u00eancia e Tecnologia (Ibict\/MCTI) anunciam a ades\u00e3o da FBN \u00e0 Rede Brasileira de Servi\u00e7os de Preserva\u00e7\u00e3o Digital (Rede Cariniana\/Ibict). O acordo entre as institui\u00e7\u00f5es busca promover o arquivamento digital na\u2026","rel":"","context":"Em &quot;Not\u00edcias&quot;","block_context":{"text":"Not\u00edcias","link":"https:\/\/mundobibliotecario.com.br\/index.php\/category\/noticias\/"},"img":{"alt_text":"","src":"","width":0,"height":0},"classes":[]},{"id":2944,"url":"https:\/\/mundobibliotecario.com.br\/index.php\/2013\/02\/25\/obras-devem-levar-no-minimo-dez-anos\/","url_meta":{"origin":2346,"position":2},"title":"&#8216;Obras devem levar no m\u00ednimo dez anos&#8217;","author":"mundobibliotecario","date":"25\/02\/2013","format":false,"excerpt":"Fundada em 1810 e aberta ao p\u00fablico quatro anos depois, a Biblioteca Nacional \u00e9 a maior de sua esp\u00e9cie na Am\u00e9rica Latina e est\u00e1 entre as dez maiores do mundo. Acumulou, ao longo de sua hist\u00f3ria, 9 milh\u00f5es de itens entre livros, peri\u00f3dicos, cartas, documentos, mapas, discos, partituras e moedas.\u2026","rel":"","context":"Em &quot;Not\u00edcias&quot;","block_context":{"text":"Not\u00edcias","link":"https:\/\/mundobibliotecario.com.br\/index.php\/category\/noticias\/"},"img":{"alt_text":"","src":"","width":0,"height":0},"classes":[]},{"id":4918,"url":"https:\/\/mundobibliotecario.com.br\/index.php\/2013\/02\/25\/obras-devem-levar-no-minimo-dez-anos-2\/","url_meta":{"origin":2346,"position":3},"title":"&#039;Obras devem levar no m\u00ednimo dez anos&#039;","author":"mundobibliotecario","date":"25\/02\/2013","format":false,"excerpt":"Fundada em 1810 e aberta ao p\u00fablico quatro anos depois, a Biblioteca Nacional \u00e9 a maior de sua esp\u00e9cie na Am\u00e9rica Latina e est\u00e1 entre as dez maiores do mundo. Acumulou, ao longo de sua hist\u00f3ria, 9 milh\u00f5es de itens entre livros, peri\u00f3dicos, cartas, documentos, mapas, discos, partituras e moedas.\u2026","rel":"","context":"Em &quot;Not\u00edcias&quot;","block_context":{"text":"Not\u00edcias","link":"https:\/\/mundobibliotecario.com.br\/index.php\/category\/noticias\/"},"img":{"alt_text":"","src":"","width":0,"height":0},"classes":[]},{"id":2470,"url":"https:\/\/mundobibliotecario.com.br\/index.php\/2012\/02\/25\/bn-celebra-o-dia-do-bibliotecario\/","url_meta":{"origin":2346,"position":4},"title":"BN celebra o Dia do Bibliotec\u00e1rio","author":"mundobibliotecario","date":"25\/02\/2012","format":false,"excerpt":"A Biblioteca Nacional far\u00e1 uma grande festa para comemorar o Dia do Bibliotec\u00e1rio, festejado em 12\/03. Al\u00e9m de uma progama\u00e7\u00e3o especial, com semin\u00e1rio internacional e mesa-redonda para debater o mercado de trabalho no Brasil, haver\u00e1 um grande sarau. Realizado em parceria com o Conselho de Biblioteconomia do Rio de Janeiro\u2026","rel":"","context":"Em &quot;Not\u00edcias&quot;","block_context":{"text":"Not\u00edcias","link":"https:\/\/mundobibliotecario.com.br\/index.php\/category\/noticias\/"},"img":{"alt_text":"","src":"","width":0,"height":0},"classes":[]},{"id":2428,"url":"https:\/\/mundobibliotecario.com.br\/index.php\/2012\/02\/04\/projeto-obriga-editoras-a-doar-livros-para-bibliotecas-estaduais\/","url_meta":{"origin":2346,"position":5},"title":"Projeto obriga editoras a doar livros para bibliotecas estaduais","author":"mundobibliotecario","date":"04\/02\/2012","format":false,"excerpt":"04\/02\/2012 - Segundo autor da proposta, al\u00e9m dos problemas financeiros, existem tamb\u00e9m dificuldades decorrentes das limita\u00e7\u00f5es da estrutura de distribui\u00e7\u00e3o de livros no Brasil. A C\u00e2mara analisa o Projeto de Lei 3085\/12, do Senado, que obriga as editoras a realizar o dep\u00f3sito legal de pelo menos um exemplar de suas\u2026","rel":"","context":"Em &quot;Not\u00edcias&quot;","block_context":{"text":"Not\u00edcias","link":"https:\/\/mundobibliotecario.com.br\/index.php\/category\/noticias\/"},"img":{"alt_text":"","src":"","width":0,"height":0},"classes":[]}],"jetpack_likes_enabled":true,"jetpack_shortlink":"https:\/\/wp.me\/pcbzwa-BQ","_links":{"self":[{"href":"https:\/\/mundobibliotecario.com.br\/index.php\/wp-json\/wp\/v2\/posts\/2346","targetHints":{"allow":["GET"]}}],"collection":[{"href":"https:\/\/mundobibliotecario.com.br\/index.php\/wp-json\/wp\/v2\/posts"}],"about":[{"href":"https:\/\/mundobibliotecario.com.br\/index.php\/wp-json\/wp\/v2\/types\/post"}],"author":[{"embeddable":true,"href":"https:\/\/mundobibliotecario.com.br\/index.php\/wp-json\/wp\/v2\/users\/1"}],"replies":[{"embeddable":true,"href":"https:\/\/mundobibliotecario.com.br\/index.php\/wp-json\/wp\/v2\/comments?post=2346"}],"version-history":[{"count":1,"href":"https:\/\/mundobibliotecario.com.br\/index.php\/wp-json\/wp\/v2\/posts\/2346\/revisions"}],"predecessor-version":[{"id":6210,"href":"https:\/\/mundobibliotecario.com.br\/index.php\/wp-json\/wp\/v2\/posts\/2346\/revisions\/6210"}],"wp:attachment":[{"href":"https:\/\/mundobibliotecario.com.br\/index.php\/wp-json\/wp\/v2\/media?parent=2346"}],"wp:term":[{"taxonomy":"category","embeddable":true,"href":"https:\/\/mundobibliotecario.com.br\/index.php\/wp-json\/wp\/v2\/categories?post=2346"},{"taxonomy":"post_tag","embeddable":true,"href":"https:\/\/mundobibliotecario.com.br\/index.php\/wp-json\/wp\/v2\/tags?post=2346"}],"curies":[{"name":"wp","href":"https:\/\/api.w.org\/{rel}","templated":true}]}}