{"id":2351,"date":"2011-12-06T21:22:48","date_gmt":"2011-12-07T00:22:48","guid":{"rendered":"http:\/\/mundobibliotecario.wordpress.com\/?p=2351"},"modified":"2011-12-06T21:22:48","modified_gmt":"2011-12-07T00:22:48","slug":"moradores-de-bairro-tentam-resgatar-biblioteca-centenaria-em-londres","status":"publish","type":"post","link":"https:\/\/mundobibliotecario.com.br\/index.php\/2011\/12\/06\/moradores-de-bairro-tentam-resgatar-biblioteca-centenaria-em-londres\/","title":{"rendered":"Moradores de bairro tentam resgatar biblioteca centen\u00e1ria em Londres"},"content":{"rendered":"<p>06\/12\/2011<!--\/DATA--> &#8211; <!--HORA-->08h00<\/p>\n<p><!--\/HORA-->DA FRANCE PRESSE, EM LONDRES\u00a0<\/p>\n<p>Como centenas de bibliotecas municipais sacrificadas pelo plano de austeridade brit\u00e2nico, a de Kensal Rise tamb\u00e9m fechou suas portas. Mas a resist\u00eancia se organiza e os moradores desse bairro multi\u00e9tnico de Londres n\u00e3o perdem a esperan\u00e7a de v\u00ea-la renascer.<\/p>\n<p>No exterior do grande pr\u00e9dio vitoriano de tijolos, agora proibido ao p\u00fablico, na esquina de duas ruas povoadas de pequenas casas e de algumas lojas comerciais, uma biblioteca alternativa aparece. Livros trazidos pelos moradores est\u00e3o \u00e0 disposi\u00e7\u00e3o das pessoas que passam por ali, podendo at\u00e9 peg\u00e1-los emprestado.<\/p>\n<table>\n<tbody>\n<tr>\n<td rowspan=\"3\">\u00a0<\/td>\n<td>Ben Stansall\/France Presse<\/td>\n<td rowspan=\"3\">\u00a0<\/td>\n<\/tr>\n<tr>\n<td><img decoding=\"async\" src=\"http:\/\/f.i.uol.com.br\/folha\/turismo\/images\/11339842.jpeg\" alt=\"Biblioteca centen\u00e1ria Kensel Rise, cuja funda\u00e7\u00e3o ocorreu em 1900 pelo escritor Mark Twain, fechou as portas por verbas\" border=\"0\" \/><\/td>\n<\/tr>\n<tr>\n<td>Biblioteca centen\u00e1ria Kensel Rise, cuja funda\u00e7\u00e3o ocorreu em 1900 pelo escritor Mark Twain, fechou as portas<\/td>\n<\/tr>\n<\/tbody>\n<\/table>\n<p>&#8220;Salvem nossa biblioteca&#8221;; &#8220;deixem-nos administr\u00e1-la&#8221;, proclamam cartazes colados em suas paredes.<\/p>\n<p>Inaugurada pelo escritor americano Mark Twain, em 1900, Kensal Rise fazia parte das seis &#8220;livrarias&#8221; de um total de 12 do bairro de Brent (noroeste de Londres) que a prefeitura trabalhista decidiu fechar, h\u00e1 um ano.<\/p>\n<p>Motivos citados: os cortes no or\u00e7amento impostos pelo governo e uma frequ\u00eancia considerada insuficiente &#8211;uma exig\u00eancia de economia que amea\u00e7a, atualmente, as mais de 400 bibliotecas municipais do pa\u00eds, ou 10% de seu n\u00famero total, segundo os que se op\u00f5em ao fechamento.<\/p>\n<p>Revoltados por uma decis\u00e3o que penaliza, segundo eles, os mais carentes, os moradores de Kensal Rise se dizem dispostos a reagir.<\/p>\n<p>&#8220;Foi um choque, era um lugar de vida no bairro&#8221;, comenta Paula Gomez, m\u00e3e de fam\u00edlia, escandalizada com o fato de uma &#8220;prefeitura trabalhista ter uma tal mentalidade&#8221;.<\/p>\n<p>&#8220;Pessoas veem ler o jornal, usar os computadores, os desempregados os consultam para procurar trabalho, e as crian\u00e7as encontram ajuda para fazer seus deveres de escola&#8221;, enumera ela.<\/p>\n<p><strong>&#8220;SALVE NOSSA BIBLIOTECA&#8221;<\/strong><\/p>\n<p>Um blog foi criado, com reuni\u00f5es se sucedendo, ao lado de cartazes com os dizeres &#8220;salve nossa biblioteca&#8221;, que florescem nas janelas das casas. Os escritores Zadie Smith e Philip Pullman demonstraram seu apoio &#8211;o mesmo aconteceu com os grupos musicais Depeche Mode, Goldfrapp, Pet Shop Boys.<\/p>\n<p>O golpe foi dado em outubro: a Justi\u00e7a considerou legal o fechamento de seis bibliotecas. E a decis\u00e3o foi tomada de imediato.<\/p>\n<p>Os moradores entraram com um apelo. Em Kensal Rise, organizaram-se, para impedir a Prefeitura de isolar o pr\u00e9dio: durante alguns dias, os volunt\u00e1rios se revezaram dia e noite em frente, at\u00e9 a Prefeitura anunciar que desistira de intervir, antes do final do procedimento judici\u00e1rio.<\/p>\n<p>Na corte de apela\u00e7\u00e3o, defensores das bibliotecas disseram que os fechamentos acarretavam uma discrimina\u00e7\u00e3o indireta, em detrimento das pessoas de origem asi\u00e1tica, maioria estat\u00edstica, que as utilizam.<\/p>\n<p>Reprovaram tamb\u00e9m a prefeitura por n\u00e3o ter feito caso de suas propostas alternativas de retomar as bibliotecas, dizendo-se prontos a administr\u00e1-las eles pr\u00f3prios.<\/p>\n<p>A prefeitura respondeu que se comprometia a moderniz\u00e1-las, estando uma nova em constru\u00e7\u00e3o, para ser inaugurada no come\u00e7o de 2013.<\/p>\n<p>Enquanto esperam o veredicto dos tribunais, decis\u00f5es recentes da justi\u00e7a d\u00e3o esperan\u00e7a aos moradores. A Suprema Corte de Londres considerou ilegais, em meados de novembro, as decis\u00f5es das prefeituras de Somerset e de Gloucestershire (leste da Inglaterra) de retirar seus financiamentos a cerca de um ter\u00e7o de suas bibliotecas.<\/p>\n<p>Ante as campanhas intensas de mobiliza\u00e7\u00e3o, foi aberto um inqu\u00e9rito parlamentar para examinar a legalidade ou n\u00e3o desses fechamentos e suas repercuss\u00f5es nas popula\u00e7\u00f5es locais.<\/p>\n<p>Dispon\u00edvel em: &lt;<a href=\"http:\/\/www1.folha.uol.com.br\/turismo\/1017063-moradores-de-bairro-tentam-resgatar-biblioteca-centenaria-em-londres.shtml\">http:\/\/www1.folha.uol.com.br\/turismo\/1017063-moradores-de-bairro-tentam-resgatar-biblioteca-centenaria-em-londres.shtml<\/a>&gt;. Acesso em: 6 dez. 2011.<\/p>\n","protected":false},"excerpt":{"rendered":"<p>06\/12\/2011 &#8211; 08h00 DA FRANCE PRESSE, EM LONDRES\u00a0 Como centenas de bibliotecas municipais sacrificadas pelo plano de austeridade brit\u00e2nico, a de Kensal Rise tamb\u00e9m fechou suas portas. Mas a resist\u00eancia se organiza e os moradores desse bairro multi\u00e9tnico de Londres n\u00e3o perdem a esperan\u00e7a de v\u00ea-la renascer. No exterior do grande pr\u00e9dio vitoriano de tijolos, &#8230; <a title=\"Moradores de bairro tentam resgatar biblioteca centen\u00e1ria em Londres\" class=\"read-more\" href=\"https:\/\/mundobibliotecario.com.br\/index.php\/2011\/12\/06\/moradores-de-bairro-tentam-resgatar-biblioteca-centenaria-em-londres\/\" aria-label=\"Read more about Moradores de bairro tentam resgatar biblioteca centen\u00e1ria em Londres\">Ler mais<\/a><\/p>\n","protected":false},"author":1,"featured_media":0,"comment_status":"open","ping_status":"open","sticky":false,"template":"","format":"standard","meta":{"_mi_skip_tracking":false,"_exactmetrics_sitenote_active":false,"_exactmetrics_sitenote_note":"","_exactmetrics_sitenote_category":0,"_jetpack_newsletter_access":"","footnotes":""},"categories":[60],"tags":[2,871,872],"class_list":["post-2351","post","type-post","status-publish","format-standard","hentry","category-noticias","tag-biblioteca","tag-fechamento","tag-londres"],"jetpack_featured_media_url":"","jetpack_sharing_enabled":true,"jetpack-related-posts":[{"id":1956,"url":"https:\/\/mundobibliotecario.com.br\/index.php\/2011\/04\/15\/parceiros-do-rj-mostram-biblioteca-criada-por-moradora-na-baixada\/","url_meta":{"origin":2351,"position":0},"title":"Parceiros do RJ mostram biblioteca criada por moradora na Baixada","author":"mundobibliotecario","date":"15\/04\/2011","format":false,"excerpt":"Ela funciona h\u00e1 20 anos no bairro Parque Paulista, em Duque de Caxias. Espa\u00e7o \u00e9 mantido com dedica\u00e7\u00e3o por Dona Ang\u00e9lica. ********** Uma biblioteca no Parque Paulista, em Duque de Caxias, na Baixada Fluminense, pode ser usada por todos. A biblioteca comunit\u00e1ria foi criada h\u00e1 20 anos, mas no bairro,\u2026","rel":"","context":"Em &quot;Not\u00edcias&quot;","block_context":{"text":"Not\u00edcias","link":"https:\/\/mundobibliotecario.com.br\/index.php\/category\/noticias\/"},"img":{"alt_text":"","src":"","width":0,"height":0},"classes":[]},{"id":2126,"url":"https:\/\/mundobibliotecario.com.br\/index.php\/2011\/07\/15\/seis-onibus-percorrem-bairros-da-capital-paulista-levando-moradores-ao-mundo-da-literatura\/","url_meta":{"origin":2351,"position":1},"title":"Seis \u00f4nibus percorrem bairros da capital paulista levando moradores ao mundo da literatura","author":"mundobibliotecario","date":"15\/07\/2011","format":false,"excerpt":"Interessante iniciativa da Prefeitura de S\u00e3o Paulo: http:\/\/video.globo.com\/Videos\/Player\/Noticias\/0,,GIM1542088-7823-SEIS+ONIBUS+PERCORREM+BAIRROS+DA+CAPITAL+PAULISTA+LEVANDO+MORADORES+AO+MUNDO+DA+LITERATURA,00.html","rel":"","context":"Em &quot;Not\u00edcias&quot;","block_context":{"text":"Not\u00edcias","link":"https:\/\/mundobibliotecario.com.br\/index.php\/category\/noticias\/"},"img":{"alt_text":"","src":"","width":0,"height":0},"classes":[]},{"id":410,"url":"https:\/\/mundobibliotecario.com.br\/index.php\/2009\/02\/27\/ler-um-sonho-a-mais\/","url_meta":{"origin":2351,"position":2},"title":"&#039;Ler: Um sonho a mais&#039;","author":"mundobibliotecario","date":"27\/02\/2009","format":false,"excerpt":"Juliana Rocha \u00b7 Belo Horizonte (MG) \u00b7 8\/12\/2006 15:13 Todos os dias \u00e0s 8h os auxiliares de biblioteca Jo\u00e3o Eust\u00e1quio Gomes Cosso e Jos\u00e9 Fernandes da Silva saem em um caminh\u00e3o recheado de livros e seguem com destino a bairros da periferia de Belo Horizonte para levar conhecimento e divers\u00e3o\u2026","rel":"","context":"Em &quot;Not\u00edcias&quot;","block_context":{"text":"Not\u00edcias","link":"https:\/\/mundobibliotecario.com.br\/index.php\/category\/noticias\/"},"img":{"alt_text":"","src":"","width":0,"height":0},"classes":[]},{"id":2101,"url":"https:\/\/mundobibliotecario.com.br\/index.php\/2011\/11\/15\/biblioteca-exotica\/","url_meta":{"origin":2351,"position":3},"title":"Biblioteca ex\u00f3tica!","author":"mundobibliotecario","date":"15\/11\/2011","format":false,"excerpt":"Por Buanna Rosa em jun 27, 2011 Depois das latinhas de cerveja virarem um prancha de surf, agora \u00e9 a vez das garrafas desta bebida virar material de constru\u00e7\u00e3o. Isso mesmo. Que os alem\u00e3es t\u00eam a fama de beber muito, n\u00e3o \u00e9 novidade. Eles colecionam, inclusive, o t\u00edtulo de vice-campe\u00e3o\u2026","rel":"","context":"Em &quot;Not\u00edcias&quot;","block_context":{"text":"Not\u00edcias","link":"https:\/\/mundobibliotecario.com.br\/index.php\/category\/noticias\/"},"img":{"alt_text":"","src":"","width":0,"height":0},"classes":[]},{"id":3448,"url":"https:\/\/mundobibliotecario.com.br\/index.php\/2014\/04\/04\/britanico-transforma-cabine-telefonica-sem-uso-em-biblioteca\/","url_meta":{"origin":2351,"position":4},"title":"Brit\u00e2nico transforma cabine telef\u00f4nica sem uso em biblioteca","author":"mundobibliotecario","date":"04\/04\/2014","format":false,"excerpt":"BBC Brasil - 27\/03\/14 Sebastian Handley \"adotou\" a cabine, que \u00e9 oferecida pela empresa de telecomunica\u00e7\u00f5es BT. A telef\u00f4nica quer incentivar pessoas a reinventarem usos para as obsoletas cabines. O brit\u00e2nico pagou uma libra (pouco mais de R$ 3) pela cabine no bairro de Lewisham, no sul da cidade. Em\u2026","rel":"","context":"Em &quot;Not\u00edcias&quot;","block_context":{"text":"Not\u00edcias","link":"https:\/\/mundobibliotecario.com.br\/index.php\/category\/noticias\/"},"img":{"alt_text":"","src":"","width":0,"height":0},"classes":[]},{"id":1082,"url":"https:\/\/mundobibliotecario.com.br\/index.php\/2010\/01\/30\/biblioteca-do-novo-horizonte\/","url_meta":{"origin":2351,"position":5},"title":"Biblioteca do Novo Horizonte","author":"mundobibliotecario","date":"30\/01\/2010","format":false,"excerpt":"Pouco a pouco, a partir de alguns livros encontrados pelos moradores do bairro, foi montada a Biblioteca do Novo Horizonte, projeto desenvolvido em S\u00e3o Gon\u00e7alo do Sapuca\u00ed (MG) e que integra o Eixo 1 (Democratiza\u00e7\u00e3o do Acesso) do PNLL.\u00a0A biblioteca comunit\u00e1ria ainda em constru\u00e7\u00e3o, mas j\u00e1 atende crian\u00e7as e adultos\u2026","rel":"","context":"Em &quot;Not\u00edcias&quot;","block_context":{"text":"Not\u00edcias","link":"https:\/\/mundobibliotecario.com.br\/index.php\/category\/noticias\/"},"img":{"alt_text":"","src":"","width":0,"height":0},"classes":[]}],"jetpack_likes_enabled":true,"jetpack_shortlink":"https:\/\/wp.me\/pcbzwa-BV","_links":{"self":[{"href":"https:\/\/mundobibliotecario.com.br\/index.php\/wp-json\/wp\/v2\/posts\/2351","targetHints":{"allow":["GET"]}}],"collection":[{"href":"https:\/\/mundobibliotecario.com.br\/index.php\/wp-json\/wp\/v2\/posts"}],"about":[{"href":"https:\/\/mundobibliotecario.com.br\/index.php\/wp-json\/wp\/v2\/types\/post"}],"author":[{"embeddable":true,"href":"https:\/\/mundobibliotecario.com.br\/index.php\/wp-json\/wp\/v2\/users\/1"}],"replies":[{"embeddable":true,"href":"https:\/\/mundobibliotecario.com.br\/index.php\/wp-json\/wp\/v2\/comments?post=2351"}],"version-history":[{"count":0,"href":"https:\/\/mundobibliotecario.com.br\/index.php\/wp-json\/wp\/v2\/posts\/2351\/revisions"}],"wp:attachment":[{"href":"https:\/\/mundobibliotecario.com.br\/index.php\/wp-json\/wp\/v2\/media?parent=2351"}],"wp:term":[{"taxonomy":"category","embeddable":true,"href":"https:\/\/mundobibliotecario.com.br\/index.php\/wp-json\/wp\/v2\/categories?post=2351"},{"taxonomy":"post_tag","embeddable":true,"href":"https:\/\/mundobibliotecario.com.br\/index.php\/wp-json\/wp\/v2\/tags?post=2351"}],"curies":[{"name":"wp","href":"https:\/\/api.w.org\/{rel}","templated":true}]}}