{"id":2361,"date":"2011-12-13T17:02:04","date_gmt":"2011-12-13T20:02:04","guid":{"rendered":"http:\/\/mundobibliotecario.wordpress.com\/?p=2361"},"modified":"2020-07-21T23:20:48","modified_gmt":"2020-07-22T02:20:48","slug":"especialistas-falam-sobre-o-futuro-das-bibliotecas","status":"publish","type":"post","link":"https:\/\/mundobibliotecario.com.br\/index.php\/2011\/12\/13\/especialistas-falam-sobre-o-futuro-das-bibliotecas\/","title":{"rendered":"Especialistas falam sobre o futuro das bibliotecas"},"content":{"rendered":"<p><em>Ascom FBN &#8211; 15\/11\/2011 <\/em><\/p>\n<p>Nos dias 24 e 25 de outubro, a Biblioteca Nacional convidou especialistas de v\u00e1rias partes do mundo para discutir o futuro das bibliotecas, com foco especial nas institui\u00e7\u00f5es nacionais de cada pa\u00eds. O semin\u00e1rio Biblioteca Nacional + 200 Anos trouxe ao Rio de Janeiro experts e diretores de Bibliotecas Nacionais para apresentarem experi\u00eancias atuais e discutir perspectivas para o futuro da informa\u00e7\u00e3o e seu compartilhamento.<\/p>\n<p>Perguntamos para alguns dos convidados qual seria o futuro da &#8220;biblioteca&#8221; como institui\u00e7\u00e3o de preserva\u00e7\u00e3o de mem\u00f3ria e de oferta de conhecimento ao p\u00fablico. Como a biblioteca do futuro vai administrar a informa\u00e7\u00e3o digital? Ela vai deixar de ser um espa\u00e7o f\u00edsico para se transformar em virtual? Veja o que responderam:<\/p>\n<p><strong>Paulo Herkenhoff, cr\u00edtico de arte<br \/>\n<\/strong>Acho que a era digital \u00e9 uma era que vai ser determinada pelo leitor e pela leitura, mais que pelo objeto. Estar atento ao leitor me parece uma das chaves para o futuro da biblioteca. Se quisermos permanecer como sociedade, n\u00f3s precisamos de institui\u00e7\u00f5es que sejam capazes de representar simbolicamente nossa diversidade, nossos conflitos, nossas diferen\u00e7as. Quais s\u00e3o as contradi\u00e7\u00f5es, quais s\u00e3o os conflitos? Tudo isso deve estar dentro dessa institui\u00e7\u00e3o. O futuro da biblioteca poderia ser esse lugar onde uma rede de subjetividades se construa como um processo coletivo. Esse lugar \u00e9 virtual, mas \u00e9 um lugar com vontade de ser esse lugar e, por isso, exigir\u00e1 fineza pol\u00edtica para que n\u00e3o seja partid\u00e1rio, mas um projeto de estado.<\/p>\n<p><strong>Maria In\u00eas Cordeiro, subdiretora geral da Biblioteca Nacional de Portugal<br \/>\n<\/strong>Embora caminhemos rapidamente para uma parte do acervo estar dispon\u00edvel na internet, n\u00f3s n\u00e3o diminu\u00edmos o n\u00famero de leitores. At\u00e9 temos aumentado o n\u00famero de consultas localmente. E isso contradiz um pouco aquilo que normalmente as pessoas esperam que \u00e9 \u201cquanto maior for o acervo digital, menor ser\u00e1 a procura f\u00edsica, local, na biblioteca\u201d. Tem sido uma experi\u00eancia importante para n\u00f3s verificar que n\u00e3o. Uma coisa n\u00e3o invalida a outra. Penso que isso se deve tamb\u00e9m \u00e0 grande variedade do acervo e \u00e0 dimens\u00e3o enorme do acervo [da Biblioteca Nacional de Portugal]. N\u00e3o penso que daqui a 50 anos a biblioteca f\u00edsica vai deixar de existir enquanto tal, procurada pelas pessoas, porque n\u00f3s continuamos a preservar o patrim\u00f4nio f\u00edsico e a sociedade quer que continuem a existir os livros fisicamente. Mesmo que estejam digitalizados, haver\u00e1 sempre uma procura por raz\u00f5es de investiga\u00e7\u00e3o.<\/p>\n<p><strong>Marco Streefkerk, diretor da DEN Foundation (Dutch Knowledge Center for Digital Heritage)<br \/>\n<\/strong>Houve uma discuss\u00e3o na Holanda sobre o futuro das bibliotecas e n\u00e3o se chegou a uma resposta. H\u00e1 muitas opini\u00f5es sobre como ser\u00e1 esse futuro e acho importante que a biblioteca discuta, mas que abra essa discuss\u00e3o para a sociedade. O que \u00e9 esperado da Biblioteca? Que servi\u00e7os especiais ela deve oferecer? Ainda acho que as pessoas gostam de estar juntas. Aprender \u00e9 uma atividade social, n\u00e3o \u00e9 algo que se pode fazer apenas em casa, na frente do computador.<\/p>\n<p><strong>John K. Tsebe, diretor da Biblioteca Nacional da \u00c1frica do Sul<br \/>\n<\/strong>Os livros estar\u00e3o sempre a\u00ed, por isso devemos preservar o livro de papel. Ao mesmo tempo, devemos garantir a digitaliza\u00e7\u00e3o e o acesso a conte\u00fado virtual \u2013 talvez no sistema de computa\u00e7\u00e3o em nuvens. \u00c9 preciso que esse conte\u00fado seja acessado da forma mais universal poss\u00edvel. Minha vis\u00e3o \u00e9 que a Biblioteca Nacional como um objeto f\u00edsico, como uma constru\u00e7\u00e3o, sempre existir\u00e1, porque se voc\u00ea olhar para qualquer pa\u00eds do mundo, a Biblioteca Nacional sempre ser\u00e1 a maior biblioteca daquele pa\u00eds, em termos de espa\u00e7o f\u00edsico. \u00c9 o lugar onde as pessoas podem ir, interagir, compartilhar ideias. O formato digital \u00e9 importante, mas n\u00e3o vai substituir o livro f\u00edsico. Acredito que devemos promover um equil\u00edbrio entre as obras impressas e as virtuais \u2013 as que s\u00e3o digitalizadas ou as que j\u00e1 nascem digitais.<\/p>\n<p><strong>Roberto Aguirre Bello, chefe de cole\u00e7\u00f5es digitais da Biblioteca Nacional do Chile<br \/>\n<\/strong>As Bibliotecas Nacionais, como espa\u00e7o f\u00edsico, v\u00e3o continuar existindo, sem d\u00favida. Muitas pessoas v\u00e3o sempre preferir consultar os livros impressos, mas as bibliotecas virtuais oferecem algumas solu\u00e7\u00f5es, sobretudo para aqueles que desejam consultar obras de lugares remotos e a qualquer momento do dia. No Chile, a recep\u00e7\u00e3o aos objetos digitalizados tem sido muito boa e estamos fazendo todos os esfor\u00e7os para, cada vez mais, chegar a diferentes segmentos da comunidade com nossos servi\u00e7os.<\/p>\n<p><strong>Aquiles Brayner, curador da cole\u00e7\u00e3o digital da British Library e consultor da Biblioteca Nacional do Brasil<br \/>\n<\/strong>A biblioteca f\u00edsica vai virar um espa\u00e7o simb\u00f3lico e o simb\u00f3lico vai virar quase o real, que \u00e9 o virtual. A biblioteca vai ter que oferecer servi\u00e7os para acesso a conte\u00fados digitais, disso n\u00e3o se tem nenhuma d\u00favida, e os objetos que a biblioteca ret\u00e9m em seu acervo v\u00e3o ficar quase como um instrumento de museu, n\u00e3o exatamente nesse sentido, porque ele ainda vai ser manipulado. Mas com a c\u00f3pia digital, a biblioteca vai ter que trabalhar cada vez mais na presta\u00e7\u00e3o de servi\u00e7os do que propriamente na forma\u00e7\u00e3o de acervos.<\/p>\n<p>Dispon\u00edvel em: &lt;http:\/\/www.blogdogaleno.com.br\/texto_ler.php?id=10934&gt;. Acesso em: 13 dez. 2011.<\/p>\n","protected":false},"excerpt":{"rendered":"<p>Ascom FBN &#8211; 15\/11\/2011 Nos dias 24 e 25 de outubro, a Biblioteca Nacional convidou especialistas de v\u00e1rias partes do mundo para discutir o futuro das bibliotecas, com foco especial nas institui\u00e7\u00f5es nacionais de cada pa\u00eds. O semin\u00e1rio Biblioteca Nacional + 200 Anos trouxe ao Rio de Janeiro experts e diretores de Bibliotecas Nacionais para &#8230; <a title=\"Especialistas falam sobre o futuro das bibliotecas\" class=\"read-more\" href=\"https:\/\/mundobibliotecario.com.br\/index.php\/2011\/12\/13\/especialistas-falam-sobre-o-futuro-das-bibliotecas\/\" aria-label=\"Read more about Especialistas falam sobre o futuro das bibliotecas\">Ler mais<\/a><\/p>\n","protected":false},"author":1,"featured_media":0,"comment_status":"open","ping_status":"open","sticky":false,"template":"","format":"standard","meta":{"_mi_skip_tracking":false,"_exactmetrics_sitenote_active":false,"_exactmetrics_sitenote_note":"","_exactmetrics_sitenote_category":0,"_jetpack_newsletter_access":"","footnotes":""},"categories":[60],"tags":[2,869,8,9],"class_list":["post-2361","post","type-post","status-publish","format-standard","hentry","category-noticias","tag-biblioteca","tag-futuro","tag-leitura","tag-livro"],"jetpack_featured_media_url":"","jetpack_sharing_enabled":true,"jetpack-related-posts":[{"id":4353,"url":"https:\/\/mundobibliotecario.com.br\/index.php\/2016\/09\/20\/xixseminario-nacional-de-bibliotecas-universitarias\/","url_meta":{"origin":2361,"position":0},"title":"XIX Semin\u00e1rio Nacional de Bibliotecas Universit\u00e1rias","author":"mundobibliotecario","date":"20\/09\/2016","format":false,"excerpt":"XIX Semin\u00e1rio Nacional de Bibliotecas Universit\u00e1rias BIBLIOTECA UNIVERSIT\u00c1RIA COMO AGENTE DE SUSTENTABILIDADE INSTITUCIONAL O Sistema de Bibliotecas da Universidade Federal do Amazonas (UFAM) realizar\u00e1, em parceria com a Universidade do Estado do Amazonas (UEA) e com o Instituto Federal do Amazonas (IFAM), no per\u00edodo de 15 a 21 de outubro\u2026","rel":"","context":"Em &quot;Not\u00edcias&quot;","block_context":{"text":"Not\u00edcias","link":"https:\/\/mundobibliotecario.com.br\/index.php\/category\/noticias\/"},"img":{"alt_text":"XIX SNBU","src":"https:\/\/mundobibliotecario.files.wordpress.com\/2016\/09\/14423787_10210650812896680_312651280_o.jpg?w=350&h=200&crop=1","width":350,"height":200},"classes":[]},{"id":2736,"url":"https:\/\/mundobibliotecario.com.br\/index.php\/2012\/10\/13\/departamento-de-ciencia-da-informacao-promove-eventos-que-discutem-o-papel-de-bibliotecas-escolares-e-bibliotecas-publicas-e-comunitarias\/","url_meta":{"origin":2361,"position":1},"title":"Departamento de Ci\u00eancia da Informa\u00e7\u00e3o promove eventos que discutem o papel de bibliotecas escolares e bibliotecas p\u00fablicas e comunit\u00e1rias","author":"mundobibliotecario","date":"13\/10\/2012","format":false,"excerpt":"No dia 19 de outubro, sexta-feira, ser\u00e1 discutida na UFSCar a fun\u00e7\u00e3o de bibliotecas e bibliotec\u00e1rios em dois eventos promovidos pelo Departamento de Ci\u00eancia da Informa\u00e7\u00e3o da UFSCar. Das 9h \u00e0s 17h, o evento \"Biblioteca escolar, reencontro da Biblioteca com a escola\"discutir\u00e1 os desdobramentos da implementa\u00e7\u00e3o da Lei n.1244\/2010, que\u2026","rel":"","context":"Em &quot;Eventos&quot;","block_context":{"text":"Eventos","link":"https:\/\/mundobibliotecario.com.br\/index.php\/category\/eventos\/"},"img":{"alt_text":"","src":"","width":0,"height":0},"classes":[]},{"id":3570,"url":"https:\/\/mundobibliotecario.com.br\/index.php\/2014\/09\/06\/bibliotecas-de-hoje-e-do-futuro-como-entender-e-vivenciar-a-atual-revolucao-informacional\/","url_meta":{"origin":2361,"position":2},"title":"Bibliotecas de Hoje e do Futuro: como entender e vivenciar a atual revolu\u00e7\u00e3o Informacional","author":"mundobibliotecario","date":"06\/09\/2014","format":false,"excerpt":"Webinar Elsevier Bibliotecas de Hoje e do Futuro: como entender e vivenciar a atual revolu\u00e7\u00e3o Informacional com Profa. MSc. Suely de Brito Clemente Soares Conte\u00fado A internet foi a revolu\u00e7\u00e3o que provocou mudan\u00e7as radicais no sistema informacional vertical vigente h\u00e1 s\u00e9culos, especialmente ap\u00f3s a globaliza\u00e7\u00e3o do uso cotidiano da web\u2026","rel":"","context":"Em &quot;Eventos&quot;","block_context":{"text":"Eventos","link":"https:\/\/mundobibliotecario.com.br\/index.php\/category\/eventos\/"},"img":{"alt_text":"","src":"","width":0,"height":0},"classes":[]},{"id":1476,"url":"https:\/\/mundobibliotecario.com.br\/index.php\/2010\/10\/02\/seminario-mindlin-2010-o-futuro-das-bibliotecas\/","url_meta":{"origin":2361,"position":3},"title":"SEMIN\u00c1RIO MINDLIN 2010 &#8211; O FUTURO DAS BIBLIOTECAS","author":"mundobibliotecario","date":"02\/10\/2010","format":false,"excerpt":"A constru\u00e7\u00e3o e a difus\u00e3o do conhecimento passam por transforma\u00e7\u00f5es importantes neste in\u00edcio de s\u00e9culo. Cada vez mais, o meio digital se afirma como esfera privilegiada de circula\u00e7\u00e3o da informa\u00e7\u00e3o. \u00c9 o momento de repensarmos a rela\u00e7\u00e3o entre o leitor e o livro nos (novos) espa\u00e7os de leitura. O Semin\u00e1rio\u2026","rel":"","context":"Em &quot;Eventos&quot;","block_context":{"text":"Eventos","link":"https:\/\/mundobibliotecario.com.br\/index.php\/category\/eventos\/"},"img":{"alt_text":"","src":"","width":0,"height":0},"classes":[]},{"id":2877,"url":"https:\/\/mundobibliotecario.com.br\/index.php\/2013\/02\/14\/5-ideias-brilhantes-para-bibliotecas-do-futuro\/","url_meta":{"origin":2361,"position":4},"title":"5 ideias brilhantes para bibliotecas do futuro","author":"mundobibliotecario","date":"14\/02\/2013","format":false,"excerpt":"As bibliotecas p\u00fablicas est\u00e3o enfrentando um desafio dif\u00edcil agora. As pessoas est\u00e3o lendo\u00a0menos livros f\u00edsicos - o b\u00e1sico das bibliotecas - mas ainda contam as bibliotecas\u00a0para buscar informa\u00e7\u00e3o. Paul Vogel, presidente de solu\u00e7\u00f5es digitais do Servi\u00e7o Postal dos Estados Unidos (USPS), disse recentemente que a USPS\u00a0 est\u00e1 no neg\u00f3cio\u00a0de mensagem,\u2026","rel":"","context":"Em &quot;Not\u00edcias&quot;","block_context":{"text":"Not\u00edcias","link":"https:\/\/mundobibliotecario.com.br\/index.php\/category\/noticias\/"},"img":{"alt_text":"","src":"","width":0,"height":0},"classes":[]},{"id":2333,"url":"https:\/\/mundobibliotecario.com.br\/index.php\/2011\/12\/03\/congresso-internacional-sibiusp-30-anos-o-futuro-do-conhecimento-universal-iv\/","url_meta":{"origin":2361,"position":5},"title":"Congresso Internacional SIBiUSP 30 anos: O Futuro do Conhecimento Universal (IV)","author":"mundobibliotecario","date":"03\/12\/2011","format":false,"excerpt":"A quarta e \u00faltima mesa-redonda do evento, cujo tema foi \"O futuro das bibliotecas digitais\" e coordenada pela Diretora do Sistema Integrado de Bibliotecas da USP, Sueli Mara Soares Pinto Ferreira, apontou o estado atual de iniciativas nacionais e internacionais, assim como tend\u00eancias para os pr\u00f3ximos anos. A primeira apresenta\u00e7\u00e3o,\u00a0intitulada\u2026","rel":"","context":"Em &quot;Eventos&quot;","block_context":{"text":"Eventos","link":"https:\/\/mundobibliotecario.com.br\/index.php\/category\/eventos\/"},"img":{"alt_text":"","src":"","width":0,"height":0},"classes":[]}],"jetpack_likes_enabled":true,"jetpack_shortlink":"https:\/\/wp.me\/pcbzwa-C5","_links":{"self":[{"href":"https:\/\/mundobibliotecario.com.br\/index.php\/wp-json\/wp\/v2\/posts\/2361","targetHints":{"allow":["GET"]}}],"collection":[{"href":"https:\/\/mundobibliotecario.com.br\/index.php\/wp-json\/wp\/v2\/posts"}],"about":[{"href":"https:\/\/mundobibliotecario.com.br\/index.php\/wp-json\/wp\/v2\/types\/post"}],"author":[{"embeddable":true,"href":"https:\/\/mundobibliotecario.com.br\/index.php\/wp-json\/wp\/v2\/users\/1"}],"replies":[{"embeddable":true,"href":"https:\/\/mundobibliotecario.com.br\/index.php\/wp-json\/wp\/v2\/comments?post=2361"}],"version-history":[{"count":1,"href":"https:\/\/mundobibliotecario.com.br\/index.php\/wp-json\/wp\/v2\/posts\/2361\/revisions"}],"predecessor-version":[{"id":6198,"href":"https:\/\/mundobibliotecario.com.br\/index.php\/wp-json\/wp\/v2\/posts\/2361\/revisions\/6198"}],"wp:attachment":[{"href":"https:\/\/mundobibliotecario.com.br\/index.php\/wp-json\/wp\/v2\/media?parent=2361"}],"wp:term":[{"taxonomy":"category","embeddable":true,"href":"https:\/\/mundobibliotecario.com.br\/index.php\/wp-json\/wp\/v2\/categories?post=2361"},{"taxonomy":"post_tag","embeddable":true,"href":"https:\/\/mundobibliotecario.com.br\/index.php\/wp-json\/wp\/v2\/tags?post=2361"}],"curies":[{"name":"wp","href":"https:\/\/api.w.org\/{rel}","templated":true}]}}