{"id":2370,"date":"2011-12-20T17:50:41","date_gmt":"2011-12-20T20:50:41","guid":{"rendered":"http:\/\/mundobibliotecario.wordpress.com\/?p=2370"},"modified":"2011-12-20T17:50:41","modified_gmt":"2011-12-20T20:50:41","slug":"estudo-fesabid-sobre-a-profissao-de-bibliotecario-na-espanha","status":"publish","type":"post","link":"https:\/\/mundobibliotecario.com.br\/index.php\/2011\/12\/20\/estudo-fesabid-sobre-a-profissao-de-bibliotecario-na-espanha\/","title":{"rendered":"Estudo FESABID sobre a profiss\u00e3o de bibliotec\u00e1rio na Espanha"},"content":{"rendered":"<p>Considero relevante compartilhar com os leitores o estudo &#8220;Prospectiva de una profesi\u00f3n en constante evoluci\u00f3n&#8221;, realizado pela FESABID, tanto por abordar o perfil do profissional da informa\u00e7\u00e3o como por mostrar algumas tend\u00eancias. Alguns pontos em comum com o que se discute no Brasil, pelo menos at\u00e9 onde tenho acompanhado, s\u00e3o a forte vincula\u00e7\u00e3o do bibliotec\u00e1rio a setores da administra\u00e7\u00e3o p\u00fablica e a presen\u00e7a cada vez mais constante da tecnologia.<\/p>\n<p>O estudo completo encontra-se no <a href=\"http:\/\/fesabid.org\/repositorio\/federacion\/prospectiva-de-una-profesion-en-constante-evolucion-estudio-fesabid-sobre-los\">site da FESABID<\/a> e abaixo segue a divulga\u00e7\u00e3o que recebi por e-mail.<\/p>\n<p>*********<\/p>\n<p>El estudio sobre los profesionales de la informaci\u00f3n &#8220;Prospectiva de una profesi\u00f3n en constante evoluci\u00f3n&#8221;, realizado por FESABID, con la colaboraci\u00f3n de la Fundaci\u00f3n Germ\u00e1n S\u00e1nchez Ruip\u00e9rez y patrocinado por Swets, se present\u00f3 en la Biblioteca Nacional de Espa\u00f1a el lunes 12 de diciembre de 2011, con la presencia de la Presidenta de IFLA, de la Directora de la Biblioteca Nacional de Espa\u00f1a y de la Presidenta de FESABID, federaci\u00f3n que re\u00fane a la gran mayor\u00eda de las asociaciones profesionales espa\u00f1olas de archivos, bibliotecas, documentaci\u00f3n, museos y gesti\u00f3n de informaci\u00f3n.<\/p>\n<p>El estudio puede consultarse en la web de FESABID http:\/\/www.fesabid.org , junto a los diferentes anexos con los datos detallados y los documentos empleados en esta investigaci\u00f3n. <\/p>\n<p>Dado el momento cambiante de la profesi\u00f3n, era necesario recoger la situaci\u00f3n y la opini\u00f3n de los especialistas y trabajadores de los sectores de archivos, bibliotecas y gesti\u00f3n de la informaci\u00f3n sobre el presente y el futuro del colectivo; para ello, se ha llevado a cabo a lo largo de 2011 una investigaci\u00f3n que contextualiza la situaci\u00f3n profesional en el momento actual y realiza una previsi\u00f3n sobre la posible evoluci\u00f3n del colectivo espa\u00f1ol de los profesionales que trabajan en los \u00e1mbitos de actividad de FESABID.<\/p>\n<p>FESABID invita al colectivo profesional a conocer este trabajo, el m\u00e1s amplio en su \u00e1mbito realizado en Espa\u00f1a y desde el que se pueden obtener tanto datos del estado de los sectores profesionales de la informaci\u00f3n, como una visi\u00f3n de prospectiva realista sobre la evoluci\u00f3n de nuestros perfiles profesionales y de los servicios que prestamos. <\/p>\n<p>Objetivos<br \/>\nLa investigaci\u00f3n describe la situaci\u00f3n actual y hace una prospectiva de la previsible evoluci\u00f3n de los profesionales de las instituciones documentales en Espa\u00f1a. Un estudio como \u00e9ste se consider\u00f3 necesario, debido a la presente situaci\u00f3n de cambios pol\u00edticos, sociales, tecnol\u00f3gicos y econ\u00f3micos en el mundo de la gesti\u00f3n de los servicios de informaci\u00f3n. Se parti\u00f3 de tres objetivos:<br \/>\n1. Disponer de una panor\u00e1mica actualizada de la composici\u00f3n y estado actual de los profesionales que trabajan en los entornos de la informaci\u00f3n y la documentaci\u00f3n (bibliotecas, centros de documentos y archivos) y de sus variables esenciales.<br \/>\n2. Conocer la visi\u00f3n de los profesionales tanto sobre su situaci\u00f3n en el presente como la que prev\u00e9n en un futuro pr\u00f3ximo.<br \/>\n3. Ofrecer una prospectiva realizada por expertos de prestigio sobre el previsible desarrollo, problemas y retos de una profesi\u00f3n en constante evoluci\u00f3n. <\/p>\n<p>Metodolog\u00eda<br \/>\nEl dise\u00f1o del estudio se planific\u00f3 en diferentes fases y en el mismo se emplearon las t\u00e9cnicas de recogida y an\u00e1lisis de datos, as\u00ed como de difusi\u00f3n y marketing. La investigaci\u00f3n se dise\u00f1\u00f3 con una metodolog\u00eda estrictamente cient\u00edfica, basada en una triple actuaci\u00f3n: recogida de informaci\u00f3n estad\u00edstica, investigaci\u00f3n sociol\u00f3gica de car\u00e1cter cualitativo y estudio de opiniones de expertos.<br \/>\n1. Estudio cuantitativo. Recopilaci\u00f3n de la informaci\u00f3n estad\u00edstica existente en diversas fuentes, para obtener una visi\u00f3n global del personal que trabaja en el sector (archivos, bibliotecas, museos o centros de documentaci\u00f3n), sus caracter\u00edsticas y su posici\u00f3n en el conjunto del empleo cultural en Espa\u00f1a.<br \/>\n2. Estudio cualitativo. Encuestas a profesionales para conocer sus perfiles, competencias, tendencias profesionales y cuestiones relacionadas con el desarrollo del ejercicio profesional. Se trabaj\u00f3 con cuestionarios en l\u00ednea, a trav\u00e9s de una web especializada en encuestas.<br \/>\n3. Estudio de expertos. Metodolog\u00eda Delphi basada en encuestas realizadas a expertos y altos responsables de archivos, bibliotecas, docencia y centros de informaci\u00f3n. Se plantearon diferentes preguntas a destacados especialistas con pron\u00f3sticos acerca del desarrollo de la profesi\u00f3n: diversificaci\u00f3n de perfiles, modelos organizativos, tendencias profesionales, competencias, entornos digitales, etc. <\/p>\n<p>Conclusiones generales<br \/>\nEl estudio detalla en sus diferentes secciones los resultados de las distintas investigaciones realizadas, describiendo los principales \u00e1mbitos de prospectiva que perciben los profesionales de la informaci\u00f3n espa\u00f1oles. No obstante, se pueden ofrecer algunas conclusiones generales, que se incluyen en el \u00faltimo cap\u00edtulo del estudio. <\/p>\n<p>Panorama de la profesi\u00f3n<br \/>\n\u2022 El colectivo de profesionales de la informaci\u00f3n tiene un escaso peso en su aportaci\u00f3n al Producto Interior Bruto y en el sector cultural.<br \/>\n\u2022 El sector de archivos, bibliotecas y museos emplea a unas 42.000 personas, con seis mujeres por cada cuatro hombres y con un nivel educativo superior el resto del sector cultural.<br \/>\n\u2022 El colectivo se concentra en las grandes capitales y tiene un alto nivel de personal asalariado en el empleo p\u00fablico.<br \/>\n\u2022 Se constata falta de datos en sectores concretos (archivos, documentaci\u00f3n, empresas privadas) y dificultades para la obtenci\u00f3n de estad\u00edsticas. <\/p>\n<p>Opiniones destacadas sobre el presente<br \/>\n\u2022 Los profesionales de la informaci\u00f3n opinan que la formaci\u00f3n universitaria espec\u00edfica no se adapta a la demandada por el mercado laboral.<br \/>\n\u2022 La formaci\u00f3n continua y la actualizaci\u00f3n constante de conocimientos son necesidades ampliamente constatadas por la gran mayor\u00eda del colectivo.<br \/>\n\u2022 Los profesionales consideran que se adaptan con facilidad a las tecnolog\u00edas, en las que ven un motor de cambio y una clave de eficiencia.<br \/>\n\u2022 El reconocimiento social es escaso, pero los profesionales no cambiar\u00edan de profesi\u00f3n.<br \/>\n\u2022 El colectivo no se siente representado por los colegios y asociaciones profesionales. <\/p>\n<p>Opiniones destacadas sobre el futuro<br \/>\n\u2022 Los profesionales de la informaci\u00f3n tendr\u00e1n un car\u00e1cter h\u00edbrido, no estrictamente documental.<br \/>\n\u2022 Los perfiles se modificar\u00e1n pero el colectivo seguir\u00e1 consider\u00e1ndose como profesionales de la informaci\u00f3n.<br \/>\n\u2022 Los espacios, servicios y recursos presenciales convivir\u00e1n con los telem\u00e1ticos.<br \/>\n\u2022 La inclusi\u00f3n de elementos de la web social como cat\u00e1logos participativos, la presencia en redes, los servicios para dispositivos m\u00f3viles y la descarga de libros electr\u00f3nicos son servicios con amplio consenso.<br \/>\n\u2022 Los profesionales de la informaci\u00f3n ser\u00e1n formadores en informaci\u00f3n. <\/p>\n<p>Opiniones de los expertos sobre los problemas<br \/>\n\u2022 Las pol\u00edticas de reducci\u00f3n implicar\u00e1n un retroceso en la oferta de servicios y en la calidad de los mismos.<br \/>\n\u2022 La escasa proactividad, el inmovilismo, la dependencia de la Administraci\u00f3n p\u00fablica o el enfoque de los planes de estudio perjudican el desarrollo de la profesi\u00f3n.<br \/>\n\u2022 Existe un desajuste entre la oferta de servicios y los que se est\u00e1n demandando por parte de los usuarios.<br \/>\n\u2022 La desintermediaci\u00f3n en el acceso a la informaci\u00f3n resta valor a las competencias profesionales ante la opini\u00f3n de que los recursos de Internet son suficientes.<br \/>\n\u2022 Las competencias inform\u00e1ticas est\u00e1n sobrevaloradas en relaci\u00f3n a las informacionales. <\/p>\n<p>Opiniones de los expertos sobre las oportunidades<br \/>\n\u2022 La universalizaci\u00f3n en el uso de las tecnolog\u00edas ampl\u00eda las posibilidades para ofrecer servicios de informaci\u00f3n y acrecienta las competencias de los profesionales en el filtrado y selecci\u00f3n de contenidos.<br \/>\n\u2022 La generalizaci\u00f3n de los contenidos digitales obliga a prestar servicios de mayor calidad.<br \/>\n\u2022 La orientaci\u00f3n y personalizaci\u00f3n de los servicios web aumenta el valor de la actividad profesional.<br \/>\n\u2022 La necesidad de oferta formativa y de atenci\u00f3n a colectivos espec\u00edficos requiere la implantaci\u00f3n de servicios de gran demanda. <\/p>\n<p>El proyecto fue responsabilidad de FESABID y ha sido llevado a cabo por un equipo formado por Dr. Jos\u00e9 Antonio Merlo Vega, profesor titular y director del Servicio de Bibliotecas de la Universidad de Salamanca, quien actu\u00f3 de coordinador, Dr. Jos\u00e9 Antonio G\u00f3mez Hern\u00e1ndez, catedr\u00e1tico de Biblioteconom\u00eda y Documentaci\u00f3n de la Universidad de Murcia e Hilario Hern\u00e1ndez S\u00e1nchez, director del Departamento de An\u00e1lisis y Estudios de la Fundaci\u00f3n Germ\u00e1n S\u00e1nchez Ruip\u00e9rez. <\/p>\n","protected":false},"excerpt":{"rendered":"<p>Considero relevante compartilhar com os leitores o estudo &#8220;Prospectiva de una profesi\u00f3n en constante evoluci\u00f3n&#8221;, realizado pela FESABID, tanto por abordar o perfil do profissional da informa\u00e7\u00e3o como por mostrar algumas tend\u00eancias. Alguns pontos em comum com o que se discute no Brasil, pelo menos at\u00e9 onde tenho acompanhado, s\u00e3o a forte vincula\u00e7\u00e3o do bibliotec\u00e1rio &#8230; <a title=\"Estudo FESABID sobre a profiss\u00e3o de bibliotec\u00e1rio na Espanha\" class=\"read-more\" href=\"https:\/\/mundobibliotecario.com.br\/index.php\/2011\/12\/20\/estudo-fesabid-sobre-a-profissao-de-bibliotecario-na-espanha\/\" aria-label=\"Read more about Estudo FESABID sobre a profiss\u00e3o de bibliotec\u00e1rio na Espanha\">Ler mais<\/a><\/p>\n","protected":false},"author":1,"featured_media":0,"comment_status":"open","ping_status":"open","sticky":false,"template":"","format":"standard","meta":{"_mi_skip_tracking":false,"_exactmetrics_sitenote_active":false,"_exactmetrics_sitenote_note":"","_exactmetrics_sitenote_category":0,"_jetpack_newsletter_access":"","footnotes":""},"categories":[60],"tags":[36,879,880,861],"class_list":["post-2370","post","type-post","status-publish","format-standard","hentry","category-noticias","tag-bibliotecario","tag-estudo","tag-fesabid","tag-profissao"],"jetpack_featured_media_url":"","jetpack_sharing_enabled":true,"jetpack-related-posts":[{"id":1905,"url":"https:\/\/mundobibliotecario.com.br\/index.php\/2011\/03\/25\/bolsas-de-estudo-de-biblioteconomia-na-espanha\/","url_meta":{"origin":2370,"position":0},"title":"Bolsas de estudo de Biblioteconomia na Espanha","author":"mundobibliotecario","date":"25\/03\/2011","format":false,"excerpt":"Encontrei essa semana uma not\u00edcia sobre bolsa de estudos de Biblioteconomia na Espanha no blog Coisa de Bibliotec\u00e1rio. A outra oportunidade recebi por e-mail e divulgo abaixo. Boa sorte! La Universidad de Salamanca ha convocado 94 becas internacionales de movilidad para realizar estudios de t\u00edtulo oficial de M\u00e1ster destinadas a\u2026","rel":"","context":"Em &quot;Curso de P\u00f3s-Gradua\u00e7\u00e3o&quot;","block_context":{"text":"Curso de P\u00f3s-Gradua\u00e7\u00e3o","link":"https:\/\/mundobibliotecario.com.br\/index.php\/category\/curso-de-pos-graduacao\/"},"img":{"alt_text":"","src":"","width":0,"height":0},"classes":[]},{"id":454,"url":"https:\/\/mundobibliotecario.com.br\/index.php\/2009\/03\/12\/salao-do-estudante-procurando-por-biblioteconomia-no-mundo\/","url_meta":{"origin":2370,"position":1},"title":"Sal\u00e3o do Estudante: procurando por biblioteconomia no mundo&#8230;","author":"mundobibliotecario","date":"12\/03\/2009","format":false,"excerpt":"12 de mar\u00e7o: dia do bibliotec\u00e1rio! Para o dia de hoje, preparei este post para os colegas bibliotec\u00e1rios. Parab\u00e9ns a todos! Estive no Sal\u00e3o do Estudante no \u00faltimo s\u00e1bado procurando por cursos p\u00f3s-gradua\u00e7\u00e3o de biblioteconomia no mundo. Para quem n\u00e3o conhece, o Sal\u00e3o do Estudante \u00e9 uma feira de interc\u00e2mbio\u2026","rel":"","context":"Em &quot;Curso de P\u00f3s-Gradua\u00e7\u00e3o&quot;","block_context":{"text":"Curso de P\u00f3s-Gradua\u00e7\u00e3o","link":"https:\/\/mundobibliotecario.com.br\/index.php\/category\/curso-de-pos-graduacao\/"},"img":{"alt_text":"","src":"","width":0,"height":0},"classes":[]},{"id":1600,"url":"https:\/\/mundobibliotecario.com.br\/index.php\/2010\/12\/06\/texto-completo-de-ponencias-xv-conferencia-internacional-de-bibliotecologia-panorama-de-las-bibliotecas-y-la-informacion-en-el-bicentenario\/","url_meta":{"origin":2370,"position":2},"title":"Texto completo de ponencias XV Conferencia Internacional de Bibliotecolog\u00eda: Panorama de las Bibliotecas y la Informaci\u00f3n en el Bicentenario","author":"mundobibliotecario","date":"06\/12\/2010","format":false,"excerpt":"La Comisi\u00f3n Acad\u00e9mica tiene el agrado de publicar las ponencias, presentaciones de invitados especiales y mesas redondas presentadas en la XV Conferencia Internacional de Bibliotecolog\u00eda: Ponencias en texto completo Biblioteca 24hrs. una experiencia compartida \/ Griselda de la Jara Nova y Yasna Catal\u00e1n Ch\u00e1vez (PDF., 112 kb.) La Biblioteca de\u2026","rel":"","context":"Em &quot;Not\u00edcias&quot;","block_context":{"text":"Not\u00edcias","link":"https:\/\/mundobibliotecario.com.br\/index.php\/category\/noticias\/"},"img":{"alt_text":"","src":"","width":0,"height":0},"classes":[]},{"id":9305,"url":"https:\/\/mundobibliotecario.com.br\/index.php\/2021\/08\/05\/sobre-la-diversidad-una-encuesta-a-los-lectores-canadienses\/","url_meta":{"origin":2370,"position":3},"title":"Sobre la diversidad: una encuesta a los lectores canadienses","author":"mundobibliotecario","date":"05\/08\/2021","format":false,"excerpt":"On Diversity: A Survey of Canadian Readers 2021. BookNet Canada, 2021 Texto completo PDF ePub El informe \u00a0\u201cOn Diversity: A Survey of Canadian Readers 2021\u201d incluye informaci\u00f3n sobre las formas en que los lectores descubren libros diversos, lo que consideran un autor o t\u00edtulo diverso, su percepci\u00f3n de la diversidad\u2026","rel":"","context":"Post similar","block_context":{"text":"Post similar","link":""},"img":{"alt_text":"","src":"https:\/\/i0.wp.com\/mundobibliotecario.com.br\/wp-content\/uploads\/2021\/08\/2021-08-03_11-18-41-768x1028-1.png?resize=350%2C200&ssl=1","width":350,"height":200},"classes":[]},{"id":1433,"url":"https:\/\/mundobibliotecario.com.br\/index.php\/2010\/08\/30\/primeras-jornadas-virtuales-iberoamericanas-de-bibliotecologia\/","url_meta":{"origin":2370,"position":4},"title":"Primeras Jornadas Virtuales Iberoamericanas de Bibliotecolog\u00eda","author":"mundobibliotecario","date":"30\/08\/2010","format":false,"excerpt":"Primeras Jornadas Virtuales Iberoamericanas de Bibliotecolog\u00eda -- 1\u00ba al 30 de Noviembre de 2010-- Organiza: BIBAR Portal Argentino de Bibliotecolog\u00eda y Ciencias de la Informaci\u00f3n. .bibar.org\/ - bibliotecas. bibar.org\/ OBJETIVOS DE LAS JORNADAS: -Conformar un espacio de reflexi\u00f3n, participaci\u00f3n e intercambio de experiencias para los profesionales de la especialidad. -Promover\u2026","rel":"","context":"Em &quot;Eventos&quot;","block_context":{"text":"Eventos","link":"https:\/\/mundobibliotecario.com.br\/index.php\/category\/eventos\/"},"img":{"alt_text":"","src":"","width":0,"height":0},"classes":[]},{"id":9317,"url":"https:\/\/mundobibliotecario.com.br\/index.php\/2021\/08\/05\/planeta-biblioteca-2020-081-03-censura-en-bibliotecas\/","url_meta":{"origin":2370,"position":5},"title":"Planeta Biblioteca 2020\/081\/03. Censura en bibliotecas","author":"mundobibliotecario","date":"05\/08\/2021","format":false,"excerpt":"Ir a descargar La libertad de la palabra impresa es un rasgo definitorio del mundo moderno. Sin embargo, la censura y la supresi\u00f3n de la literatura nunca cesan, y siguen siendo temas de actualidad incluso en la m\u00e1s liberal de las democracias. La lista incluye libros cuestionados por una variedad\u2026","rel":"","context":"Post similar","block_context":{"text":"Post similar","link":""},"img":{"alt_text":"","src":"https:\/\/i0.wp.com\/mundobibliotecario.com.br\/wp-content\/uploads\/2021\/08\/9df0c6d97cf7bd4186177650e2903de3.jpg?resize=350%2C200&ssl=1","width":350,"height":200},"classes":[]}],"jetpack_likes_enabled":true,"jetpack_shortlink":"https:\/\/wp.me\/pcbzwa-Ce","_links":{"self":[{"href":"https:\/\/mundobibliotecario.com.br\/index.php\/wp-json\/wp\/v2\/posts\/2370","targetHints":{"allow":["GET"]}}],"collection":[{"href":"https:\/\/mundobibliotecario.com.br\/index.php\/wp-json\/wp\/v2\/posts"}],"about":[{"href":"https:\/\/mundobibliotecario.com.br\/index.php\/wp-json\/wp\/v2\/types\/post"}],"author":[{"embeddable":true,"href":"https:\/\/mundobibliotecario.com.br\/index.php\/wp-json\/wp\/v2\/users\/1"}],"replies":[{"embeddable":true,"href":"https:\/\/mundobibliotecario.com.br\/index.php\/wp-json\/wp\/v2\/comments?post=2370"}],"version-history":[{"count":0,"href":"https:\/\/mundobibliotecario.com.br\/index.php\/wp-json\/wp\/v2\/posts\/2370\/revisions"}],"wp:attachment":[{"href":"https:\/\/mundobibliotecario.com.br\/index.php\/wp-json\/wp\/v2\/media?parent=2370"}],"wp:term":[{"taxonomy":"category","embeddable":true,"href":"https:\/\/mundobibliotecario.com.br\/index.php\/wp-json\/wp\/v2\/categories?post=2370"},{"taxonomy":"post_tag","embeddable":true,"href":"https:\/\/mundobibliotecario.com.br\/index.php\/wp-json\/wp\/v2\/tags?post=2370"}],"curies":[{"name":"wp","href":"https:\/\/api.w.org\/{rel}","templated":true}]}}