{"id":2381,"date":"2012-01-02T19:55:53","date_gmt":"2012-01-02T22:55:53","guid":{"rendered":"http:\/\/mundobibliotecario.wordpress.com\/?p=2381"},"modified":"2020-07-21T23:20:48","modified_gmt":"2020-07-22T02:20:48","slug":"36-mil-livros-do-projeto-vai-e-vem-circularam-pela-cidade-ao-longo-deste-ano","status":"publish","type":"post","link":"https:\/\/mundobibliotecario.com.br\/index.php\/2012\/01\/02\/36-mil-livros-do-projeto-vai-e-vem-circularam-pela-cidade-ao-longo-deste-ano\/","title":{"rendered":"36 mil livros do Projeto &#8220;Vai e Vem&#8221; circularam pela cidade ao longo deste ano"},"content":{"rendered":"<div id=\"caixa_inc_arquivos\">\n<div><\/div>\n<div>36 mil livros do Projeto &#8220;Vai e Vem&#8221; circularam pela cidade ao longo deste ano<\/div>\n<div><\/div>\n<div>Unidades m\u00f3veis e do Terminal Santo Ant\u00f4nio incentivam leitura<\/div>\n<\/div>\n<p>Iniciativa da Prefeitura de Sorocaba para incentivar as pessoas \u00e0 leitura, o Projeto &#8220;Vai e Vem&#8221; \u00e9 um grande sucesso de p\u00fablico desde seu lan\u00e7amento. Ao longo deste ano, a Secretaria da Cultura e Lazer (Secult) contabilizou o empr\u00e9stimo de 36 mil livros do projeto \u00e0 popula\u00e7\u00e3o.<\/p>\n<p>Atualmente, s\u00e3o 32 carrinhos adaptados com livros para serem emprestados gratuitamente \u00e0 popula\u00e7\u00e3o. As unidades ficam em diversos pontos de Sorocaba, como as UPHs Zona Norte e Zona Oeste, UBSs Ulysses Guimar\u00e3es, Maria Eug\u00eania, Vila Fiore, Vila Ang\u00e9lica, Nova Sorocaba, S\u00e3o Bento, Nova Esperan\u00e7a, Jd. Simus, Wanel Ville I, M\u00e1rcia Mendes, Vila Sabi\u00e1, Maria do Carmo, Vila Santana, Escola, Vila Hort\u00eancia e Vila Haro, Policl\u00ednica Municipal, Coas, shoppings Sorocaba, Esplanada e Villagio, nas unidades da Casa do Cidad\u00e3o, Sindicato dos Servidores P\u00fablicos Municipais, entre outros. Al\u00e9m disso, as unidades m\u00f3veis tamb\u00e9m est\u00e3o sempre presentes nos programas &#8220;Domingo no Parque&#8221; e no &#8220;Via Viva&#8221;.<\/p>\n<p>A diferen\u00e7a do &#8220;Vai e Vem&#8221; para uma biblioteca convencional \u00e9 que o usu\u00e1rio pode emprestar o livro sem apresentar nenhuma documenta\u00e7\u00e3o ou ser s\u00f3cio da Biblioteca Municipal. Tamb\u00e9m n\u00e3o h\u00e1 um prazo para a devolu\u00e7\u00e3o e nem multa, mas \u00e9 muito importante que as pessoas que emprestaram um livro fa\u00e7am a devolu\u00e7\u00e3o assim que finalizarem a leitura para que outras pessoas tenham a mesma oportunidade.<\/p>\n<p>A inspira\u00e7\u00e3o para o projeto em Sorocaba surgiu em 2007, quando o prefeito visitou a Col\u00f4mbia e conheceu um projeto similar chamado &#8220;Livros ao Vento&#8221;.<\/p>\n<p>&nbsp;<\/p>\n<p><strong>Terminal Santo Ant\u00f4nio<\/strong><\/p>\n<p><strong><\/strong><\/p>\n<p>Desde 2007 a Secretaria da Cultura e Lazer desenvolve o &#8220;Vai e Vem&#8221; em uma base instalada no Terminal Santo Ant\u00f4nio. A unidade funciona de segunda a sexta, das 8h \u00e0s 20h. Excepcionalmente nos meses de dezembro e janeiro, o programa atende das 9h \u00e0s 18h.<\/p>\n<p>Diariamente, pelo menos 200 pessoas visitam sua sede no Terminal Santo Ant\u00f4nio para retirar gratuitamente exemplares de um acervo de cerca de 4 mil livros, dos mais diferentes g\u00eaneros e autores.<\/p>\n<p>O &#8220;Vai e Vem&#8221; tamb\u00e9m presta atendimento aos usu\u00e1rios cadastrados na Biblioteca Municipal &#8220;Jorge Guilherme Senger&#8221;, no Alto da Boa Vista, e aos novos interessados, mediante a apresenta\u00e7\u00e3o de uma foto 3&#215;4, do comprovante de endere\u00e7o e de um documento de identidade.<\/p>\n<p>Doa\u00e7\u00f5es de livros s\u00e3o sempre bem vindas. As pessoas que possuem livros em bom estado de conserva\u00e7\u00e3o que j\u00e1 n\u00e3o desejam t\u00ea-los mais, podem do\u00e1-los ao &#8220;Vai e Vem&#8221; em tr\u00eas locais: no Terminal Santo Ant\u00f4nio, em um dos carrinhos do projeto ou na Biblioteca Municipal &#8220;Jorge Guilherme Senger&#8221;.<\/p>\n<p>J\u00e1 quem tem livros para doa\u00e7\u00e3o, mas n\u00e3o tem como lev\u00e1-los at\u00e9 um desses pontos, pode entrar em contato pelo telefone 3228.1955 (Biblioteca). Com agendamento pr\u00e9vio, \u00e0s sextas-feiras, o ve\u00edculo do &#8220;Vai e Vem&#8221; ir\u00e1 at\u00e9 a o local combinado com o mun\u00edcipe para recolher o produto, que deve estar devidamente embalado.<\/p>\n<p>Dispon\u00edvel em: &lt;http:\/\/www.sorocaba.sp.gov.br\/noticia\/21472&gt;. Acesso em: 2 jan. 2012.<\/p>\n","protected":false},"excerpt":{"rendered":"<p>36 mil livros do Projeto &#8220;Vai e Vem&#8221; circularam pela cidade ao longo deste ano Unidades m\u00f3veis e do Terminal Santo Ant\u00f4nio incentivam leitura Iniciativa da Prefeitura de Sorocaba para incentivar as pessoas \u00e0 leitura, o Projeto &#8220;Vai e Vem&#8221; \u00e9 um grande sucesso de p\u00fablico desde seu lan\u00e7amento. Ao longo deste ano, a Secretaria &#8230; <a title=\"36 mil livros do Projeto &#8220;Vai e Vem&#8221; circularam pela cidade ao longo deste ano\" class=\"read-more\" href=\"https:\/\/mundobibliotecario.com.br\/index.php\/2012\/01\/02\/36-mil-livros-do-projeto-vai-e-vem-circularam-pela-cidade-ao-longo-deste-ano\/\" aria-label=\"Read more about 36 mil livros do Projeto &#8220;Vai e Vem&#8221; circularam pela cidade ao longo deste ano\">Ler mais<\/a><\/p>\n","protected":false},"author":1,"featured_media":0,"comment_status":"open","ping_status":"open","sticky":false,"template":"","format":"standard","meta":{"_mi_skip_tracking":false,"_exactmetrics_sitenote_active":false,"_exactmetrics_sitenote_note":"","_exactmetrics_sitenote_category":0,"_jetpack_newsletter_access":"","footnotes":""},"categories":[60],"tags":[883,70,678],"class_list":["post-2381","post","type-post","status-publish","format-standard","hentry","category-noticias","tag-vai-e-vem","tag-biblioteca-publica","tag-sorocaba"],"jetpack_featured_media_url":"","jetpack_sharing_enabled":true,"jetpack-related-posts":[{"id":4892,"url":"https:\/\/mundobibliotecario.com.br\/index.php\/2012\/01\/02\/36-mil-livros-do-projeto-vai-e-vem-circularam-pela-cidade-ao-longo-deste-ano-2\/","url_meta":{"origin":2381,"position":0},"title":"36 mil livros do Projeto &quot;Vai e Vem&quot; circularam pela cidade ao longo deste ano","author":"mundobibliotecario","date":"02\/01\/2012","format":false,"excerpt":"36 mil livros do Projeto \"Vai e Vem\" circularam pela cidade ao longo deste ano Unidades m\u00f3veis e do Terminal Santo Ant\u00f4nio incentivam leitura Iniciativa da Prefeitura de Sorocaba para incentivar as pessoas \u00e0 leitura, o Projeto \"Vai e Vem\" \u00e9 um grande sucesso de p\u00fablico desde seu lan\u00e7amento. Ao\u2026","rel":"","context":"Em &quot;Not\u00edcias&quot;","block_context":{"text":"Not\u00edcias","link":"https:\/\/mundobibliotecario.com.br\/index.php\/category\/noticias\/"},"img":{"alt_text":"","src":"","width":0,"height":0},"classes":[]},{"id":4895,"url":"https:\/\/mundobibliotecario.com.br\/index.php\/2012\/01\/02\/36-mil-livros-do-projeto-vai-e-vem-circularam-pela-cidade-ao-longo-deste-ano-2-2\/","url_meta":{"origin":2381,"position":1},"title":"36 mil livros do Projeto &#034;Vai e Vem&#034; circularam pela cidade ao longo deste ano","author":"mundobibliotecario","date":"02\/01\/2012","format":false,"excerpt":"36 mil livros do Projeto \"Vai e Vem\" circularam pela cidade ao longo deste ano Unidades m\u00f3veis e do Terminal Santo Ant\u00f4nio incentivam leitura Iniciativa da Prefeitura de Sorocaba para incentivar as pessoas \u00e0 leitura, o Projeto \"Vai e Vem\" \u00e9 um grande sucesso de p\u00fablico desde seu lan\u00e7amento. Ao\u2026","rel":"","context":"Em &quot;Not\u00edcias&quot;","block_context":{"text":"Not\u00edcias","link":"https:\/\/mundobibliotecario.com.br\/index.php\/category\/noticias\/"},"img":{"alt_text":"","src":"","width":0,"height":0},"classes":[]},{"id":2884,"url":"https:\/\/mundobibliotecario.com.br\/index.php\/2013\/02\/14\/portas-fechadas-livros-em-caixas\/","url_meta":{"origin":2381,"position":2},"title":"Portas fechadas, livros em caixas","author":"mundobibliotecario","date":"14\/02\/2013","format":false,"excerpt":"Volunt\u00e1rios da Biblioteca Comunit\u00e1ria do bairro Maria Eug\u00eania procuram novo espa\u00e7o para continuar com suas a\u00e7\u00f5es Biblioteca ficou instalada por mais de cinco anos numa sala do centro esportivo do bairro\u00a0-\u00a0Por: Divulga\u00e7\u00e3o Mais fotos... Andrea Alves andrea.alves@jcruzeiro.com.br Mais de 3 mil livros dos mais diversos g\u00eaneros encaixotados h\u00e1 praticamente um\u2026","rel":"","context":"Em &quot;Not\u00edcias&quot;","block_context":{"text":"Not\u00edcias","link":"https:\/\/mundobibliotecario.com.br\/index.php\/category\/noticias\/"},"img":{"alt_text":"","src":"","width":0,"height":0},"classes":[]},{"id":3413,"url":"https:\/\/mundobibliotecario.com.br\/index.php\/2014\/02\/07\/147-anos-do-gabinete-de-leitura-de-sorocaba-sp\/","url_meta":{"origin":2381,"position":3},"title":"147 anos do Gabinete de Leitura de Sorocaba (SP)","author":"mundobibliotecario","date":"07\/02\/2014","format":false,"excerpt":"Cruzeiro do Sul - 04\/02\/14 A diretoria do Gabinete de Leitura Sorocabano celebrou 147 anos de funda\u00e7\u00e3o com solenidade que reuniu diretoria, associados, convidados e autoridades na \u00faltima sexta-feira. A cerim\u00f4nia festiva na sede social, na Pra\u00e7a Cel. Fernando Prestes, foi marcada por lembran\u00e7as. Tamb\u00e9m foram comemoradas as novas conquistas,\u2026","rel":"","context":"Em &quot;Not\u00edcias&quot;","block_context":{"text":"Not\u00edcias","link":"https:\/\/mundobibliotecario.com.br\/index.php\/category\/noticias\/"},"img":{"alt_text":"","src":"","width":0,"height":0},"classes":[]},{"id":8379,"url":"https:\/\/mundobibliotecario.com.br\/index.php\/2021\/02\/02\/eduardo-kobra-destaca-a-importancia-dos-livros-em-mural-na-cidade-de-sorocaba\/","url_meta":{"origin":2381,"position":4},"title":"Eduardo Kobra destaca a import\u00e2ncia dos livros em mural na cidade de Sorocaba","author":"mundobibliotecario","date":"02\/02\/2021","format":false,"excerpt":"O mural mostra um menino subindo uma estante em uma biblioteca \u00e0 procura de um livro Foto: Divulga\u00e7\u00e3o | Drone Cyrillo O conhecido artista urbano Kobra finalizou na sexta-feira, 22 de janeiro, um mural de 22 metros de altura por 11 de largura, em uma escola na cidade de Sorocaba,\u2026","rel":"","context":"Em &quot;Not\u00edcias&quot;","block_context":{"text":"Not\u00edcias","link":"https:\/\/mundobibliotecario.com.br\/index.php\/category\/noticias\/"},"img":{"alt_text":"","src":"","width":0,"height":0},"classes":[]},{"id":9358,"url":"https:\/\/mundobibliotecario.com.br\/index.php\/2021\/08\/10\/biblioteca-infantil-completa-35-anos\/","url_meta":{"origin":2381,"position":5},"title":"Biblioteca Infantil completa 35 anos","author":"mundobibliotecario","date":"10\/08\/2021","format":false,"excerpt":"Programa\u00e7\u00e3o especial de anivers\u00e1rio ter\u00e1 exposi\u00e7\u00e3o, passeios culturais e visitas monitoradasACERVOS DO LOCAL TAMB\u00c9M COM IMAGENS, REVISTAS E OBJETOS COM VALOR CULTURAL. (CR\u00c9DITO: DIVULGA\u00c7\u00c3O)A Biblioteca Infantil Municipal \u201cRenetado S\u00eaneca de S\u00e1 Fleury\u201d, ou simplesmente a Biblioteca Infantil, completa 35 anos de exist\u00eancia em agosto. E, para celebrar a data, a\u2026","rel":"","context":"Em &quot;Not\u00edcias&quot;","block_context":{"text":"Not\u00edcias","link":"https:\/\/mundobibliotecario.com.br\/index.php\/category\/noticias\/"},"img":{"alt_text":"","src":"","width":0,"height":0},"classes":[]}],"jetpack_likes_enabled":true,"jetpack_shortlink":"https:\/\/wp.me\/pcbzwa-Cp","_links":{"self":[{"href":"https:\/\/mundobibliotecario.com.br\/index.php\/wp-json\/wp\/v2\/posts\/2381","targetHints":{"allow":["GET"]}}],"collection":[{"href":"https:\/\/mundobibliotecario.com.br\/index.php\/wp-json\/wp\/v2\/posts"}],"about":[{"href":"https:\/\/mundobibliotecario.com.br\/index.php\/wp-json\/wp\/v2\/types\/post"}],"author":[{"embeddable":true,"href":"https:\/\/mundobibliotecario.com.br\/index.php\/wp-json\/wp\/v2\/users\/1"}],"replies":[{"embeddable":true,"href":"https:\/\/mundobibliotecario.com.br\/index.php\/wp-json\/wp\/v2\/comments?post=2381"}],"version-history":[{"count":4,"href":"https:\/\/mundobibliotecario.com.br\/index.php\/wp-json\/wp\/v2\/posts\/2381\/revisions"}],"predecessor-version":[{"id":6192,"href":"https:\/\/mundobibliotecario.com.br\/index.php\/wp-json\/wp\/v2\/posts\/2381\/revisions\/6192"}],"wp:attachment":[{"href":"https:\/\/mundobibliotecario.com.br\/index.php\/wp-json\/wp\/v2\/media?parent=2381"}],"wp:term":[{"taxonomy":"category","embeddable":true,"href":"https:\/\/mundobibliotecario.com.br\/index.php\/wp-json\/wp\/v2\/categories?post=2381"},{"taxonomy":"post_tag","embeddable":true,"href":"https:\/\/mundobibliotecario.com.br\/index.php\/wp-json\/wp\/v2\/tags?post=2381"}],"curies":[{"name":"wp","href":"https:\/\/api.w.org\/{rel}","templated":true}]}}