{"id":2386,"date":"2012-01-05T19:34:37","date_gmt":"2012-01-05T22:34:37","guid":{"rendered":"http:\/\/mundobibliotecario.wordpress.com\/?p=2386"},"modified":"2012-01-05T19:34:37","modified_gmt":"2012-01-05T22:34:37","slug":"curso-sobre-indexacao-de-informacoes-juridicas","status":"publish","type":"post","link":"https:\/\/mundobibliotecario.com.br\/index.php\/2012\/01\/05\/curso-sobre-indexacao-de-informacoes-juridicas\/","title":{"rendered":"Curso sobre Indexa\u00e7\u00e3o de Informa\u00e7\u00f5es Jur\u00eddicas"},"content":{"rendered":"<p>Data: 19\/03\/2012<br \/>\nA Escola da AGU Ministro Victor Nunes Leal informa que est\u00e1 previsto a realiza\u00e7\u00e3o do Curso sobre Indexa\u00e7\u00e3o de Informa\u00e7\u00f5es Jur\u00eddicas.<\/p>\n<p>Data prevista: mar\u00e7o de 2012<\/p>\n<p>Hor\u00e1rio: a definir<\/p>\n<p>Local: Audit\u00f3rio da Escola da AGU &#8211; Ed. Sede II &#8211; Setor de Ind\u00fastrias Gr\u00e1ficas &#8211; Quadra 6 &#8211; Lote 800 &#8211; T\u00e9rreo &#8211; Bras\u00edlia-DF (com transmiss\u00e3o simult\u00e2nea pela TV Escola)<\/p>\n<p>P\u00fablico alvo: Servidores administrativos da AGU e dos Minist\u00e9rios, com atua\u00e7\u00e3o perante as Consultorias Jur\u00eddicas.<\/p>\n<p>Aguardem. Em breve mais informa\u00e7\u00f5es.<\/p>\n<p>Mais informa\u00e7\u00f5es<br \/>\nCoordena\u00e7\u00e3o de Eventos<br \/>\nTelefone: 3105-9978 &#8211; 3105-8071<br \/>\ne-mail: escolaagu.eventos@agu.gov.br<\/p>\n<p>Dispon\u00edvel em: &lt;<a href=\"http:\/\/www.agu.gov.br\/sistemas\/site\/TemplateTexto.aspx?idConteudo=171646&amp;id_site=3\">http:\/\/www.agu.gov.br\/sistemas\/site\/TemplateTexto.aspx?idConteudo=171646&amp;id_site=3<\/a>&gt;. Acesso em: 5 jan. 2012.<\/p>\n","protected":false},"excerpt":{"rendered":"<p>Data: 19\/03\/2012 A Escola da AGU Ministro Victor Nunes Leal informa que est\u00e1 previsto a realiza\u00e7\u00e3o do Curso sobre Indexa\u00e7\u00e3o de Informa\u00e7\u00f5es Jur\u00eddicas. Data prevista: mar\u00e7o de 2012 Hor\u00e1rio: a definir Local: Audit\u00f3rio da Escola da AGU &#8211; Ed. Sede II &#8211; Setor de Ind\u00fastrias Gr\u00e1ficas &#8211; Quadra 6 &#8211; Lote 800 &#8211; T\u00e9rreo &#8211; &#8230; <a title=\"Curso sobre Indexa\u00e7\u00e3o de Informa\u00e7\u00f5es Jur\u00eddicas\" class=\"read-more\" href=\"https:\/\/mundobibliotecario.com.br\/index.php\/2012\/01\/05\/curso-sobre-indexacao-de-informacoes-juridicas\/\" aria-label=\"Read more about Curso sobre Indexa\u00e7\u00e3o de Informa\u00e7\u00f5es Jur\u00eddicas\">Ler mais<\/a><\/p>\n","protected":false},"author":1,"featured_media":0,"comment_status":"open","ping_status":"open","sticky":false,"template":"","format":"standard","meta":{"_mi_skip_tracking":false,"_exactmetrics_sitenote_active":false,"_exactmetrics_sitenote_note":"","_exactmetrics_sitenote_category":0,"_jetpack_newsletter_access":"","footnotes":""},"categories":[252],"tags":[556,475,557],"class_list":["post-2386","post","type-post","status-publish","format-standard","hentry","category-curso","tag-curso-2","tag-indexacao","tag-informacao-juridica"],"jetpack_featured_media_url":"","jetpack_sharing_enabled":true,"jetpack-related-posts":[{"id":2390,"url":"https:\/\/mundobibliotecario.com.br\/index.php\/2012\/01\/05\/curso-sobre-tecnica-de-pesquisa-de-jurisprudencia\/","url_meta":{"origin":2386,"position":0},"title":"Curso sobre T\u00e9cnica de Pesquisa de Jurisprud\u00eancia","author":"mundobibliotecario","date":"05\/01\/2012","format":false,"excerpt":"Data: 09\/04\/2012 A Escola da AGU Ministro Victor Nunes Leal informa que est\u00e1 previsto a realiza\u00e7\u00e3o do Curso sobre T\u00e9cnica de Pesquisa de Jurisprud\u00eancia. Data prevista: abril de 2012 Hor\u00e1rio: a definir Local: Audit\u00f3rio da Escola da AGU - Ed. Sede II - Setor de Ind\u00fastrias Gr\u00e1ficas - Quadra 6\u2026","rel":"","context":"Em &quot;Curso&quot;","block_context":{"text":"Curso","link":"https:\/\/mundobibliotecario.com.br\/index.php\/category\/curso\/"},"img":{"alt_text":"","src":"","width":0,"height":0},"classes":[]},{"id":3539,"url":"https:\/\/mundobibliotecario.com.br\/index.php\/2014\/07\/16\/curso-indexacao-de-assuntos-de-documentos-juridicos-conceitos-teorias-metodologias-praticas-e-tendencias\/","url_meta":{"origin":2386,"position":1},"title":"Curso &#8220;Indexa\u00e7\u00e3o de assuntos de documentos jur\u00eddicos: conceitos, teorias, metodologias, pr\u00e1ticas e tend\u00eancias&#8221;","author":"mundobibliotecario","date":"16\/07\/2014","format":false,"excerpt":"Contribui\u00e7\u00e3o de Irene Butti. *** Vamos promover o curso abaixo e ser\u00e1 muito bom t\u00ea-los neste evento em S\u00e3o Paulo! Os cursos \u201cin company\u201d foram um sucesso ! Pe\u00e7o a gentileza de compartilhar com colegas! Inscri\u00e7\u00f5es e informa\u00e7\u00f5es sobre pagamento atrav\u00e9s do e-mail :\u00a0irene_btt@yahoo.com.br\u00a0at\u00e9 dia 28 de julho pr\u00f3ximo !\u2026","rel":"","context":"Em &quot;Curso&quot;","block_context":{"text":"Curso","link":"https:\/\/mundobibliotecario.com.br\/index.php\/category\/curso\/"},"img":{"alt_text":"","src":"","width":0,"height":0},"classes":[]},{"id":1245,"url":"https:\/\/mundobibliotecario.com.br\/index.php\/2010\/04\/29\/curso-gratuito-o-profissional-da-informacao-na-area-juridica\/","url_meta":{"origin":2386,"position":2},"title":"Curso gratuito &#8211; O PROFISSIONAL DA INFORMACAO NA AREA JUR\u00cdDICA","author":"mundobibliotecario","date":"29\/04\/2010","format":false,"excerpt":"Palestrante: Solange Simoes Ferreira do O, bibliotecaria formada pela USP, experiencia profissional de 20 anos na area Juridica atuando em escritorios de advocacia, entidades de classe, consultoria em organizacao de bibliotecas e arquivos. Atualmente,\u00a0 gerente do Nucleo de Pesquisa e Documentacao do escritorio Mattos Filho, Veiga Filho, Marrey Jr e\u2026","rel":"","context":"Em &quot;Curso&quot;","block_context":{"text":"Curso","link":"https:\/\/mundobibliotecario.com.br\/index.php\/category\/curso\/"},"img":{"alt_text":"","src":"","width":0,"height":0},"classes":[]},{"id":825,"url":"https:\/\/mundobibliotecario.com.br\/index.php\/2009\/08\/23\/cursos-febab-e-fespsp\/","url_meta":{"origin":2386,"position":3},"title":"Cursos &#8211; FEBAB e FESPSP","author":"mundobibliotecario","date":"23\/08\/2009","format":false,"excerpt":"GEST\u00c3O DE UNIDADES DE INFORMA\u00c7\u00c3O Respons\u00e1vel: Prof\u00aa Rejane Gontow Data: 29 de agosto de 2009, das 8h30 \u00e0s 16h30 Local: a informar Valor: R$ 150,00 Informa\u00e7\u00f5es: Tel.: (011) 3257-9979 \/ E-mail febab@febab.org..br Site www.febab.org.br \u00a0*************************************************** CURSO DE EXTEN\u00c7\u00c3O: DOCUMENTA\u00c7\u00c3O JUR\u00cdDICA: DAS FONTES \u00c0 ORGANIZA\u00c7\u00c3O DA INFORMA\u00c7\u00c3O In\u00edcio: 15 de agosto\u2026","rel":"","context":"Em &quot;Curso&quot;","block_context":{"text":"Curso","link":"https:\/\/mundobibliotecario.com.br\/index.php\/category\/curso\/"},"img":{"alt_text":"","src":"","width":0,"height":0},"classes":[]},{"id":3389,"url":"https:\/\/mundobibliotecario.com.br\/index.php\/2014\/01\/16\/cursos-para-bibliotecarios-2\/","url_meta":{"origin":2386,"position":4},"title":"Cursos para bibliotec\u00e1rios","author":"mundobibliotecario","date":"16\/01\/2014","format":false,"excerpt":"Contribui\u00e7\u00e3o de Karen Cristina Nunes. *** Gest\u00e3o da Informa\u00e7\u00e3o e Documenta\u00e7\u00e3o em Escrit\u00f3rios Jur\u00eddicos Dias 05 e 06 fevereiro (4a e 5a-feira) - S\u00e3o Paulo Dias 27 e 28 de mar\u00e7o (5a e 6a-feira) - Salvador P\u00fablico alvo: Gestores jur\u00eddicos, profissionais da informa\u00e7\u00e3o e Tecnologia da Informa\u00e7\u00e3o. Facilitadoras: Renate Landshoff\u2026","rel":"","context":"Em &quot;Curso&quot;","block_context":{"text":"Curso","link":"https:\/\/mundobibliotecario.com.br\/index.php\/category\/curso\/"},"img":{"alt_text":"","src":"","width":0,"height":0},"classes":[]},{"id":4549,"url":"https:\/\/mundobibliotecario.com.br\/index.php\/2017\/07\/02\/o-que-diz-o-projeto-de-lei-que-limita-descontos-sobre-o-livro-no-brasil-e-por-que-isso-esta-em-discussao\/","url_meta":{"origin":2386,"position":5},"title":"Curso &#8220;Indexa\u00e7\u00e3o de documentos jur\u00eddicos&#8221;","author":"mundobibliotecario","date":"02\/07\/2017","format":false,"excerpt":"Contribui\u00e7\u00e3o de Irene Butti","rel":"","context":"Em &quot;Curso&quot;","block_context":{"text":"Curso","link":"https:\/\/mundobibliotecario.com.br\/index.php\/category\/curso\/"},"img":{"alt_text":"","src":"https:\/\/i0.wp.com\/mundobibliotecario.com.br\/wp-content\/uploads\/2017\/07\/curso-indexac3a7c3a3o-de-documentos-jurc3addicos.jpg?resize=350%2C200","width":350,"height":200},"classes":[]}],"jetpack_likes_enabled":true,"jetpack_shortlink":"https:\/\/wp.me\/pcbzwa-Cu","_links":{"self":[{"href":"https:\/\/mundobibliotecario.com.br\/index.php\/wp-json\/wp\/v2\/posts\/2386","targetHints":{"allow":["GET"]}}],"collection":[{"href":"https:\/\/mundobibliotecario.com.br\/index.php\/wp-json\/wp\/v2\/posts"}],"about":[{"href":"https:\/\/mundobibliotecario.com.br\/index.php\/wp-json\/wp\/v2\/types\/post"}],"author":[{"embeddable":true,"href":"https:\/\/mundobibliotecario.com.br\/index.php\/wp-json\/wp\/v2\/users\/1"}],"replies":[{"embeddable":true,"href":"https:\/\/mundobibliotecario.com.br\/index.php\/wp-json\/wp\/v2\/comments?post=2386"}],"version-history":[{"count":0,"href":"https:\/\/mundobibliotecario.com.br\/index.php\/wp-json\/wp\/v2\/posts\/2386\/revisions"}],"wp:attachment":[{"href":"https:\/\/mundobibliotecario.com.br\/index.php\/wp-json\/wp\/v2\/media?parent=2386"}],"wp:term":[{"taxonomy":"category","embeddable":true,"href":"https:\/\/mundobibliotecario.com.br\/index.php\/wp-json\/wp\/v2\/categories?post=2386"},{"taxonomy":"post_tag","embeddable":true,"href":"https:\/\/mundobibliotecario.com.br\/index.php\/wp-json\/wp\/v2\/tags?post=2386"}],"curies":[{"name":"wp","href":"https:\/\/api.w.org\/{rel}","templated":true}]}}