{"id":2394,"date":"2012-01-07T10:31:53","date_gmt":"2012-01-07T13:31:53","guid":{"rendered":"http:\/\/mundobibliotecario.wordpress.com\/?p=2394"},"modified":"2012-01-07T10:31:53","modified_gmt":"2012-01-07T13:31:53","slug":"biblioteca-nacional-tera-visitas-gratuitas-ate-fevereiro","status":"publish","type":"post","link":"https:\/\/mundobibliotecario.com.br\/index.php\/2012\/01\/07\/biblioteca-nacional-tera-visitas-gratuitas-ate-fevereiro\/","title":{"rendered":"Biblioteca Nacional ter\u00e1 visitas gratuitas at\u00e9 fevereiro"},"content":{"rendered":"<p>Neste per\u00edodo de f\u00e9rias, a Biblioteca Nacional presenteia turistas e moradores do Rio de Janeiro, com visitas guiadas gratuitas. At\u00e9 fevereiro, as visitas n\u00e3o ser\u00e3o cobradas (nos outros meses do ano, \u00e9 cobrado o valor de R$2,00 por pessoa, com meia entrada para estudantes e gratuidade para maiores de 60 anos). Os passeios s\u00e3o realizados de segunda a sexta, das 10h \u00e0s 17h, e aos s\u00e1bados, domingos e feriados, das 12h30 \u00e0s 16h30. O agendamento pode ser feito pelo telefone (21) 3095-3881 ou pelo e-mail\u00a0<a href=\"http:\/\/bmail.uol.com.br\/compose?to=visiguia@bn.br\" target=\"_blank\">visiguia@bn.br<\/a>. O roteiro inclui um passeio pelas divis\u00f5es de acervo do edif\u00edcio, constru\u00eddo em 1910, que abriga boa parte dos 9 milh\u00f5es de itens da Biblioteca Nacional. Imperd\u00edvel!<\/p>\n","protected":false},"excerpt":{"rendered":"<p>Neste per\u00edodo de f\u00e9rias, a Biblioteca Nacional presenteia turistas e moradores do Rio de Janeiro, com visitas guiadas gratuitas. At\u00e9 fevereiro, as visitas n\u00e3o ser\u00e3o cobradas (nos outros meses do ano, \u00e9 cobrado o valor de R$2,00 por pessoa, com meia entrada para estudantes e gratuidade para maiores de 60 anos). Os passeios s\u00e3o realizados &#8230; <a title=\"Biblioteca Nacional ter\u00e1 visitas gratuitas at\u00e9 fevereiro\" class=\"read-more\" href=\"https:\/\/mundobibliotecario.com.br\/index.php\/2012\/01\/07\/biblioteca-nacional-tera-visitas-gratuitas-ate-fevereiro\/\" aria-label=\"Read more about Biblioteca Nacional ter\u00e1 visitas gratuitas at\u00e9 fevereiro\">Ler mais<\/a><\/p>\n","protected":false},"author":1,"featured_media":0,"comment_status":"open","ping_status":"open","sticky":false,"template":"","format":"standard","meta":{"_mi_skip_tracking":false,"_exactmetrics_sitenote_active":false,"_exactmetrics_sitenote_note":"","_exactmetrics_sitenote_category":0,"_jetpack_newsletter_access":"","footnotes":""},"categories":[60],"tags":[888,877,889],"class_list":["post-2394","post","type-post","status-publish","format-standard","hentry","category-noticias","tag-ferias","tag-fundacao-biblioteca-nacional","tag-visita"],"jetpack_featured_media_url":"","jetpack_sharing_enabled":true,"jetpack-related-posts":[{"id":1540,"url":"https:\/\/mundobibliotecario.com.br\/index.php\/2010\/11\/03\/1540\/","url_meta":{"origin":2394,"position":0},"title":"Biblioteca Nacional: 200 anos!","author":"mundobibliotecario","date":"03\/11\/2010","format":false,"excerpt":"\ufeffFonte: www.bn.br A Biblioteca Nacional do Brasil comemora seus 200 anos. Considerada pela Unesco como uma das dez maiores bibliotecas nacionais do mundo, neste ano, a institui\u00e7\u00e3o comemora, tamb\u00e9m, o centen\u00e1rio de funda\u00e7\u00e3o do pr\u00e9dio, localizado na Cinel\u00e2ndia, no Rio de Janeiro. Sob sua guarda, somam-se mais de 9 milh\u00f5es\u2026","rel":"","context":"Em &quot;Not\u00edcias&quot;","block_context":{"text":"Not\u00edcias","link":"https:\/\/mundobibliotecario.com.br\/index.php\/category\/noticias\/"},"img":{"alt_text":"","src":"","width":0,"height":0},"classes":[]},{"id":4183,"url":"https:\/\/mundobibliotecario.com.br\/index.php\/2016\/04\/13\/52-bibliotecas-em-52-semanas-15\/","url_meta":{"origin":2394,"position":1},"title":"52 bibliotecas em 52 semanas (15)","author":"mundobibliotecario","date":"13\/04\/2016","format":false,"excerpt":"Biblioteca Joanina A Biblioteca Joanina em Coimbra \u00e9 uma das bibliotecas mais extraordin\u00e1rias do mundo. Constru\u00edda no s\u00e9culo 18, suas paredes interiores s\u00e3o cobertas de prateleiras de madeira ex\u00f3tica pintadas e douradas. A biblioteca \u00e9 um dos pr\u00e9dios antigos mais visitados, e um Monumento Nacional Portugu\u00eas. Fonte:\u00a0http:\/\/blog.uniplaces.com\/25-best-university-libraries-in-the-world\/","rel":"","context":"Em &quot;Not\u00edcias&quot;","block_context":{"text":"Not\u00edcias","link":"https:\/\/mundobibliotecario.com.br\/index.php\/category\/noticias\/"},"img":{"alt_text":"Biblioteca Joanina","src":"https:\/\/i0.wp.com\/blog.uniplaces.com\/wp-content\/uploads\/2015\/08\/joanina.jpg?resize=350%2C200","width":350,"height":200},"classes":[]},{"id":9792,"url":"https:\/\/mundobibliotecario.com.br\/index.php\/2022\/02\/16\/prorrogadas-inscricoes-para-o-conselho-diretivo-do-plano-nacional-do-livro-e-leitura\/","url_meta":{"origin":2394,"position":2},"title":"Prorrogadas inscri\u00e7\u00f5es para o Conselho Diretivo do Plano Nacional do Livro e Leitura","author":"mundobibliotecario","date":"16\/02\/2022","format":false,"excerpt":"Interessados em fazer parte do conselho poder\u00e3o se inscrever at\u00e9 o dia 27 de fevereiro Interessados podem se inscrever at\u00e9 o dia 27 de fevereiro. Cr\u00e9dito: Roberto Castro\/MTur O edital para sele\u00e7\u00e3o e habilita\u00e7\u00e3o de organiza\u00e7\u00f5es da sociedade civil representativas de autores, de editores, de bibliotecas p\u00fablicas e de especialistas\u2026","rel":"","context":"Em &quot;Not\u00edcias&quot;","block_context":{"text":"Not\u00edcias","link":"https:\/\/mundobibliotecario.com.br\/index.php\/category\/noticias\/"},"img":{"alt_text":"","src":"https:\/\/i0.wp.com\/mundobibliotecario.com.br\/wp-content\/uploads\/2022\/02\/biblioteca.png?resize=350%2C200&ssl=1","width":350,"height":200},"classes":[]},{"id":920,"url":"https:\/\/mundobibliotecario.com.br\/index.php\/2009\/10\/15\/telecentros-em-bibliotecas-publicas\/","url_meta":{"origin":2394,"position":3},"title":"Telecentros em bibliotecas p\u00fablicas","author":"mundobibliotecario","date":"15\/10\/2009","format":false,"excerpt":"Mensagem recebida por e-mail do Professor Murilo Bastos da Cunha... ************************************************************ BIBLIOTECAS P\u00daBLICAS RECEBEM TELECENTROS COMUNIT\u00c1RIOS Fonte: Portal da Inclus\u00e3o Digital. Data: 8\/10\/2009. Meta do governo \u00e9 equipar, com conex\u00e3o gratuita \u00e0 internet e terminais de computadores, 410 bibliotecas at\u00e9 o final de outubro.Os usu\u00e1rios de 403 bibliotecas p\u00fablicas de\u2026","rel":"","context":"Em &quot;Not\u00edcias&quot;","block_context":{"text":"Not\u00edcias","link":"https:\/\/mundobibliotecario.com.br\/index.php\/category\/noticias\/"},"img":{"alt_text":"","src":"","width":0,"height":0},"classes":[]},{"id":1636,"url":"https:\/\/mundobibliotecario.com.br\/index.php\/2011\/01\/02\/os-numeros-de-2010\/","url_meta":{"origin":2394,"position":4},"title":"Os n\u00fameros de 2010","author":"mundobibliotecario","date":"02\/01\/2011","format":false,"excerpt":"Os duendes das estat\u00edsticas do WordPress.com analisaram o desempenho deste blog em 2010 e apresentam-lhe aqui um resumo de alto n\u00edvel da sa\u00fade do seu blog: O Blog-Health-o-Meter\u2122 indica: Uau. N\u00fameros apetitosos Um duende das estat\u00edsticas pintou esta imagem abstracta, com base nos seus dados. Cerca de 3 milh\u00f5es de\u2026","rel":"","context":"Em &quot;Not\u00edcias&quot;","block_context":{"text":"Not\u00edcias","link":"https:\/\/mundobibliotecario.com.br\/index.php\/category\/noticias\/"},"img":{"alt_text":"","src":"","width":0,"height":0},"classes":[]},{"id":2470,"url":"https:\/\/mundobibliotecario.com.br\/index.php\/2012\/02\/25\/bn-celebra-o-dia-do-bibliotecario\/","url_meta":{"origin":2394,"position":5},"title":"BN celebra o Dia do Bibliotec\u00e1rio","author":"mundobibliotecario","date":"25\/02\/2012","format":false,"excerpt":"A Biblioteca Nacional far\u00e1 uma grande festa para comemorar o Dia do Bibliotec\u00e1rio, festejado em 12\/03. Al\u00e9m de uma progama\u00e7\u00e3o especial, com semin\u00e1rio internacional e mesa-redonda para debater o mercado de trabalho no Brasil, haver\u00e1 um grande sarau. Realizado em parceria com o Conselho de Biblioteconomia do Rio de Janeiro\u2026","rel":"","context":"Em &quot;Not\u00edcias&quot;","block_context":{"text":"Not\u00edcias","link":"https:\/\/mundobibliotecario.com.br\/index.php\/category\/noticias\/"},"img":{"alt_text":"","src":"","width":0,"height":0},"classes":[]}],"jetpack_likes_enabled":true,"jetpack_shortlink":"https:\/\/wp.me\/pcbzwa-CC","_links":{"self":[{"href":"https:\/\/mundobibliotecario.com.br\/index.php\/wp-json\/wp\/v2\/posts\/2394","targetHints":{"allow":["GET"]}}],"collection":[{"href":"https:\/\/mundobibliotecario.com.br\/index.php\/wp-json\/wp\/v2\/posts"}],"about":[{"href":"https:\/\/mundobibliotecario.com.br\/index.php\/wp-json\/wp\/v2\/types\/post"}],"author":[{"embeddable":true,"href":"https:\/\/mundobibliotecario.com.br\/index.php\/wp-json\/wp\/v2\/users\/1"}],"replies":[{"embeddable":true,"href":"https:\/\/mundobibliotecario.com.br\/index.php\/wp-json\/wp\/v2\/comments?post=2394"}],"version-history":[{"count":0,"href":"https:\/\/mundobibliotecario.com.br\/index.php\/wp-json\/wp\/v2\/posts\/2394\/revisions"}],"wp:attachment":[{"href":"https:\/\/mundobibliotecario.com.br\/index.php\/wp-json\/wp\/v2\/media?parent=2394"}],"wp:term":[{"taxonomy":"category","embeddable":true,"href":"https:\/\/mundobibliotecario.com.br\/index.php\/wp-json\/wp\/v2\/categories?post=2394"},{"taxonomy":"post_tag","embeddable":true,"href":"https:\/\/mundobibliotecario.com.br\/index.php\/wp-json\/wp\/v2\/tags?post=2394"}],"curies":[{"name":"wp","href":"https:\/\/api.w.org\/{rel}","templated":true}]}}