{"id":2434,"date":"2012-02-08T21:13:12","date_gmt":"2012-02-09T00:13:12","guid":{"rendered":"http:\/\/mundobibliotecario.wordpress.com\/?p=2434"},"modified":"2020-07-21T23:20:47","modified_gmt":"2020-07-22T02:20:47","slug":"do-papel-ao-microfilme-rumo-a-pagina-digital","status":"publish","type":"post","link":"https:\/\/mundobibliotecario.com.br\/index.php\/2012\/02\/08\/do-papel-ao-microfilme-rumo-a-pagina-digital\/","title":{"rendered":"Do papel ao microfilme, rumo \u00e0 p\u00e1gina digital"},"content":{"rendered":"<p>\u201cO futuro n\u00e3o \u00e9 o que se espera. \u00c9 o que se faz\u201d, escreveu Carlos Lacerda na abertura de seu artigo publicado no\u00a0<strong>Estado<\/strong>\u00a0no dia do centen\u00e1rio do jornal, em 1975. Com seu estilo peculiar, o jornalista e pol\u00edtico cassado citava previs\u00f5es sobre os anos 2000 para dar seu recado sobre o regime ditatorial. \u201cA vida dom\u00e9stica ser\u00e1 automatizada. Conheceremos o computador de bolso. Haver\u00e1 telefones de bolso. O ensino ser\u00e1 programado e a domic\u00edlio, por v\u00eddeo. O espet\u00e1culo escolhido em casa por meio de bibliotecas centrais audiovisuais\u2026 A liberdade restitu\u00edda pela eletr\u00f4nica.\u201d<\/p>\n<p>Em meio aos exerc\u00edcios futuristas, Lacerda tamb\u00e9m falava sobre a sua pesquisa no arquivo do\u00a0<strong>Estado<\/strong>para preparar um livro em que contaria a hist\u00f3ria dos irm\u00e3os Julio e Francisco Mesquita, tarefa \u00e0 qual se dedicou por alguns meses.<\/p>\n<p>Naqueles meados dos anos 1970, o meio mais usual para consultar jornais antigos era folhear o original de papel, em volumosas cole\u00e7\u00f5es encadernadas guardadas no arquivo do jornal ou em algumas poucas bibliotecas. O acesso ao acervo do\u00a0<strong>Estado<\/strong>\u00a0n\u00e3o era um privil\u00e9gio de Lacerda. O p\u00fablico tamb\u00e9m podia fazer pesquisas, mas esbarrava nas dificuldades de consulta e reprodu\u00e7\u00e3o por se tratar de exemplares \u00fanicos.<\/p>\n<p>O microfilme, ent\u00e3o o meio mais moderno de preserva\u00e7\u00e3o e difus\u00e3o, ainda era uma realidade recente e bastante restrita no Brasil. A microfilmagem da cole\u00e7\u00e3o integral do Estado havia come\u00e7ado em 1970, em parceria com a Biblioteca do Congresso Americano em Washington. O trabalho estaria conclu\u00eddo em dois anos, mas somente em 1979 uma c\u00f3pia seria entregue \u00e0 Biblioteca Nacional, que continuaria o trabalho.<\/p>\n<p>Foi esse conjunto de mais de 2 mil rolos de microfilmes que, mais de tr\u00eas d\u00e9cadas depois, permitiu a\u00a0<strong>digitaliza\u00e7\u00e3o do gigantesco acervo de 137 anos<\/strong>\u00a0de maneira mais r\u00e1pida e eficiente.<\/p>\n<p>Ap\u00f3s minuciosa an\u00e1lise t\u00e9cnica, as melhores unidades de microfilme armazenadas no arquivo do jornal e na Biblioteca Nacional, no Rio de Janeiro, foram selecionadas para serem escaneadas por um equipamento especial. Com os milh\u00f5es de arquivos digitais resultantes, um software de tratamento das imagens entrou em a\u00e7\u00e3o para eliminar imperfei\u00e7\u00f5es. Paralelamente, uma equipe dedicava-se a indexar e organizar as p\u00e1ginas em cadernos.<\/p>\n<p>Desses dois processos dependia o sucesso da etapa seguinte: converter as imagens em textos, de modo que todo o conte\u00fado possa ser encontrado por meio de busca por palavras. Para isso, um software de reconhecimento de caracteres varreu todas as p\u00e1ginas, transformando imagens em letras. Quando o resultado n\u00e3o era satisfat\u00f3rio, as p\u00e1ginas originais foram fotografadas novamente.<\/p>\n<p>Perfiladas, as p\u00e1ginas cobririam 1.440 km, dist\u00e2ncia entre S\u00e3o Paulo e Vit\u00f3ria da Conquista (BA). Encadernados, os volumes ocupam 230 metros, altura de um pr\u00e9dio de 76 andares. Digitalizadas, estar\u00e3o em qualquer computador. Passado, presente e futuro a apenas alguns cliques.<\/p>\n<\/div>\n","protected":false},"excerpt":{"rendered":"<p>\u201cO futuro n\u00e3o \u00e9 o que se espera. \u00c9 o que se faz\u201d, escreveu Carlos Lacerda na abertura de seu artigo publicado no\u00a0Estado\u00a0no dia do centen\u00e1rio do jornal, em 1975. Com seu estilo peculiar, o jornalista e pol\u00edtico cassado citava previs\u00f5es sobre os anos 2000 para dar seu recado sobre o regime ditatorial. \u201cA vida &#8230; <a title=\"Do papel ao microfilme, rumo \u00e0 p\u00e1gina digital\" class=\"read-more\" href=\"https:\/\/mundobibliotecario.com.br\/index.php\/2012\/02\/08\/do-papel-ao-microfilme-rumo-a-pagina-digital\/\" aria-label=\"Read more about Do papel ao microfilme, rumo \u00e0 p\u00e1gina digital\">Ler mais<\/a><\/p>\n","protected":false},"author":1,"featured_media":0,"comment_status":"open","ping_status":"open","sticky":false,"template":"","format":"standard","meta":{"_mi_skip_tracking":false,"_exactmetrics_sitenote_active":false,"_exactmetrics_sitenote_note":"","_exactmetrics_sitenote_category":0,"_jetpack_newsletter_access":"","footnotes":""},"categories":[60],"tags":[126],"class_list":["post-2434","post","type-post","status-publish","format-standard","hentry","category-noticias","tag-digitalizacao"],"jetpack_featured_media_url":"","jetpack_sharing_enabled":true,"jetpack-related-posts":[{"id":795,"url":"https:\/\/mundobibliotecario.com.br\/index.php\/2009\/08\/09\/capes-todos-terao-bolsas\/","url_meta":{"origin":2434,"position":0},"title":"Capes: todos ter\u00e3o bolsas","author":"mundobibliotecario","date":"09\/08\/2009","format":false,"excerpt":"Todos os alunos de p\u00f3s ter\u00e3o bolsa\u00a0 e pesquisadores senior ajudar\u00e3o programas nascentes O presidente da Capes aproveitou a Reuni\u00e3o Anual da SBPC para anunciar tr\u00eas pol\u00edticas de forma\u00e7\u00e3o de pesquisadores. - o Programa Bolsa para Todos ser\u00e1 posto em pr\u00e1tica j\u00e1 neste semestre. Todos os p\u00f3s-graduandos aptos a receber\u2026","rel":"","context":"Em &quot;Not\u00edcias&quot;","block_context":{"text":"Not\u00edcias","link":"https:\/\/mundobibliotecario.com.br\/index.php\/category\/noticias\/"},"img":{"alt_text":"","src":"","width":0,"height":0},"classes":[]},{"id":10086,"url":"https:\/\/mundobibliotecario.com.br\/index.php\/2022\/08\/31\/pos-doutorado-e-treinamento-tecnico-em-divulgacao-cientifica-na-unicamp\/","url_meta":{"origin":2434,"position":1},"title":"P\u00f3s-doutorado e treinamento t\u00e9cnico em divulga\u00e7\u00e3o cient\u00edfica na Unicamp","author":"mundobibliotecario","date":"31\/08\/2022","format":false,"excerpt":"Bolsistas v\u00e3o participar de projeto que analisa as rela\u00e7\u00f5es do jornalismo com a produ\u00e7\u00e3o cient\u00edfica sobre COVID-19, com foco em publica\u00e7\u00f5es de acesso aberto (foto: Pixabay) Ag\u00eancia FAPESP\u00a0\u2013 Uma oportunidade de p\u00f3s-doutorado e outra de treinamento t\u00e9cnico n\u00edvel tr\u00eas (TT-3) \u2013 ambas com bolsa da FAPESP \u2013 est\u00e3o dispon\u00edveis pelo\u2026","rel":"","context":"Em &quot;Not\u00edcias&quot;","block_context":{"text":"Not\u00edcias","link":"https:\/\/mundobibliotecario.com.br\/index.php\/category\/noticias\/"},"img":{"alt_text":"","src":"https:\/\/i0.wp.com\/mundobibliotecario.com.br\/wp-content\/uploads\/2022\/08\/photo.jpg?resize=350%2C200&ssl=1","width":350,"height":200},"classes":[]},{"id":829,"url":"https:\/\/mundobibliotecario.com.br\/index.php\/2009\/08\/24\/fapeam-seleciona-bolsistas-de-comunicacao-cientifica\/","url_meta":{"origin":2434,"position":2},"title":"Fapeam seleciona bolsistas de comunica\u00e7\u00e3o cient\u00edfica","author":"mundobibliotecario","date":"24\/08\/2009","format":false,"excerpt":"Nova edi\u00e7\u00e3o do Programa de Apoio \u00e0 Divulga\u00e7\u00e3o da Ci\u00eancia oferece 23 vagas para profissionais e estudantes de Comunica\u00e7\u00e3o, Letras, Design, Biblioteconomia. \u00a0 Est\u00e3o abertas as inscri\u00e7\u00f5es para a quarta edi\u00e7\u00e3o do Programa de Apoio \u00e0 Divulga\u00e7\u00e3o da Ci\u00eancia - Comunica\u00e7\u00e3o Cient\u00edfica, desenvolvido pela Funda\u00e7\u00e3o de Amparo \u00e0 Pesquisa do\u2026","rel":"","context":"Em &quot;Not\u00edcias&quot;","block_context":{"text":"Not\u00edcias","link":"https:\/\/mundobibliotecario.com.br\/index.php\/category\/noticias\/"},"img":{"alt_text":"","src":"","width":0,"height":0},"classes":[]},{"id":5336,"url":"https:\/\/mundobibliotecario.com.br\/index.php\/2019\/10\/09\/bolsa-fapesp-de-treinamento-tecnico-em-ciencia-da-informacao\/","url_meta":{"origin":2434,"position":3},"title":"Bolsa FAPESP de treinamento t\u00e9cnico em ci\u00eancia da informa\u00e7\u00e3o","author":"mundobibliotecario","date":"09\/10\/2019","format":false,"excerpt":"Bolsista dar\u00e1 apoio \u00e0 implanta\u00e7\u00e3o de plataformas baseadas em software livre para permitir o uso de reposit\u00f3rios digitais na Unifesp (imagem: Pixabay) \u00a0 Ag\u00eancia FAPESP \u2013 Uma vaga de treinamento t\u00e9cnico n\u00edvel tr\u00eas (TT-3) com bolsa da FAPESP est\u00e1 dispon\u00edvel para o projeto \u201cA universidade do futuro e o futuro\u2026","rel":"","context":"Em &quot;Not\u00edcias&quot;","block_context":{"text":"Not\u00edcias","link":"https:\/\/mundobibliotecario.com.br\/index.php\/category\/noticias\/"},"img":{"alt_text":"","src":"","width":0,"height":0},"classes":[]},{"id":1770,"url":"https:\/\/mundobibliotecario.com.br\/index.php\/2011\/02\/23\/folha-poe-na-internet-90-anos-de-historia-em-18-milhao-de-paginas\/","url_meta":{"origin":2434,"position":4},"title":"Folha p\u00f5e na internet 90 anos de hist\u00f3ria em 1,8 milh\u00e3o de p\u00e1ginas","author":"mundobibliotecario","date":"23\/02\/2011","format":false,"excerpt":"FERNANDO RODRIGUES DE BRAS\u00cdLIA No dia em que comemora seus 90 anos, a Folha coloca na internet a vers\u00e3o fac-similar das suas edi\u00e7\u00f5es desde 1921. S\u00e3o cerca de 1,8 milh\u00e3o de p\u00e1ginas, incluindo as edi\u00e7\u00f5es da \"Folha da Noite\", da \"Folha da Manh\u00e3\" e da \"Folha de S.Paulo\". A Folha\u2026","rel":"","context":"Em &quot;Not\u00edcias&quot;","block_context":{"text":"Not\u00edcias","link":"https:\/\/mundobibliotecario.com.br\/index.php\/category\/noticias\/"},"img":{"alt_text":"","src":"","width":0,"height":0},"classes":[]},{"id":2542,"url":"https:\/\/mundobibliotecario.com.br\/index.php\/2012\/04\/03\/bolsas-de-estudo-para-graduados-em-biblioteconomia-na-fundacao-casa-de-rui-barbosa\/","url_meta":{"origin":2434,"position":5},"title":"Bolsas de estudo para graduados em Biblioteconomia na Funda\u00e7\u00e3o Casa de Rui Barbosa","author":"mundobibliotecario","date":"03\/04\/2012","format":false,"excerpt":"A Funda\u00e7\u00e3o Casa de Rui Barbosa est\u00e1 com inscri\u00e7\u00f5es abertas para graduados em Biblioteconomia interessados em desenvolver projetos de pesquisa. Confira as oportunidades! *** \u00a0j) Biblioteca Digital: pesquisa dos acervos da Funda\u00e7\u00e3o Casa de Rui Barbosa Pesquisa, levantamento, an\u00e1lise, recolhimento, acompanhamento da digitaliza\u00e7\u00e3o dos documentos e organiza\u00e7\u00e3o das informa\u00e7\u00f5es sobre\u2026","rel":"","context":"Em &quot;Emprego&quot;","block_context":{"text":"Emprego","link":"https:\/\/mundobibliotecario.com.br\/index.php\/category\/emprego\/"},"img":{"alt_text":"","src":"","width":0,"height":0},"classes":[]}],"jetpack_likes_enabled":true,"jetpack_shortlink":"https:\/\/wp.me\/pcbzwa-Dg","_links":{"self":[{"href":"https:\/\/mundobibliotecario.com.br\/index.php\/wp-json\/wp\/v2\/posts\/2434","targetHints":{"allow":["GET"]}}],"collection":[{"href":"https:\/\/mundobibliotecario.com.br\/index.php\/wp-json\/wp\/v2\/posts"}],"about":[{"href":"https:\/\/mundobibliotecario.com.br\/index.php\/wp-json\/wp\/v2\/types\/post"}],"author":[{"embeddable":true,"href":"https:\/\/mundobibliotecario.com.br\/index.php\/wp-json\/wp\/v2\/users\/1"}],"replies":[{"embeddable":true,"href":"https:\/\/mundobibliotecario.com.br\/index.php\/wp-json\/wp\/v2\/comments?post=2434"}],"version-history":[{"count":1,"href":"https:\/\/mundobibliotecario.com.br\/index.php\/wp-json\/wp\/v2\/posts\/2434\/revisions"}],"predecessor-version":[{"id":6175,"href":"https:\/\/mundobibliotecario.com.br\/index.php\/wp-json\/wp\/v2\/posts\/2434\/revisions\/6175"}],"wp:attachment":[{"href":"https:\/\/mundobibliotecario.com.br\/index.php\/wp-json\/wp\/v2\/media?parent=2434"}],"wp:term":[{"taxonomy":"category","embeddable":true,"href":"https:\/\/mundobibliotecario.com.br\/index.php\/wp-json\/wp\/v2\/categories?post=2434"},{"taxonomy":"post_tag","embeddable":true,"href":"https:\/\/mundobibliotecario.com.br\/index.php\/wp-json\/wp\/v2\/tags?post=2434"}],"curies":[{"name":"wp","href":"https:\/\/api.w.org\/{rel}","templated":true}]}}