{"id":2448,"date":"2012-02-12T20:01:39","date_gmt":"2012-02-12T23:01:39","guid":{"rendered":"http:\/\/mundobibliotecario.wordpress.com\/?p=2448"},"modified":"2020-07-21T23:20:45","modified_gmt":"2020-07-22T02:20:45","slug":"concurso-para-selecionar-a-frase-mais-criativa-parabenizando-os-bibliotecarios-pelo-seu-dia","status":"publish","type":"post","link":"https:\/\/mundobibliotecario.com.br\/index.php\/2012\/02\/12\/concurso-para-selecionar-a-frase-mais-criativa-parabenizando-os-bibliotecarios-pelo-seu-dia\/","title":{"rendered":"Concurso para selecionar a frase mais criativa parabenizando os bibliotec\u00e1rios pelo seu dia"},"content":{"rendered":"<p>O Conselho Regional de Biblioteconomia 1\u00aa Regi\u00e3o est\u00e1 promovendo concurso para selecionar a frase mais criativa parabenizando os bibliotec\u00e1rios pelo seu dia. A frase vencedora vai fazer parte de uma campanha de divulga\u00e7\u00e3o da profiss\u00e3o.<\/p>\n<p>Convidamos a todos os bibliotec\u00e1rios inscritos no CRB-1 a participarem, enviando sua frase para o email<a href=\"mailto:comissaodivulgacao@crb1.org.br\">comissaodivulgacao@crb1.org.br<\/a>, com o assunto \u201cFrase-dia do Bibliote\u00e1rio\u201d, at\u00e9 o dia 28\/02\/2012.<\/p>\n<p>Informamos que os bibliotec\u00e1rios que integram a comiss\u00e3o de sele\u00e7\u00e3o n\u00e3o poder\u00e3o participar do concurso.<\/p>\n<p>Regulamento:<\/p>\n<p>&#8211; a participa\u00e7\u00e3o neste Concurso \u00e9 volunt\u00e1ria e gratuita;<br \/>\n&#8211; a frase deve ser in\u00e9dita e fazer men\u00e7\u00e3o ao profissional bibliotec\u00e1rio e\/ou ao Dia do Bibliotec\u00e1rio com o intuito de parabenizar os profissionais;<br \/>\n&#8211; apenas bibliotec\u00e1rios inscritos no CRB-1 com as anuidades em dia poder\u00e3o participar do concurso;<br \/>\n&#8211; cada bibliotec\u00e1rio poder\u00e1 participar apenas com uma frase;<br \/>\n&#8211; o resultado do concurso ser\u00e1 divulgado at\u00e9 o dia 03\/03\/2012.<\/p>\n<p>Contamos com a participa\u00e7\u00e3o de todos!<\/p>\n<p>Conselho Regional de Biblioteconomia da 1\u00aa Regi\u00e3o<\/p>\n<p>Dispon\u00edvel em: &lt;http:\/\/www.abdf.org.br\/principal\/index.php\/notas-mainmenu-77\/807-concurso-para-selecionar-a-frase-mais-criativa-parabenizando-os-bibliotecarios-pelo-seu-dia-&gt;. Acesso em: 12 fev. 2012.<\/p>\n","protected":false},"excerpt":{"rendered":"<p>O Conselho Regional de Biblioteconomia 1\u00aa Regi\u00e3o est\u00e1 promovendo concurso para selecionar a frase mais criativa parabenizando os bibliotec\u00e1rios pelo seu dia. A frase vencedora vai fazer parte de uma campanha de divulga\u00e7\u00e3o da profiss\u00e3o. Convidamos a todos os bibliotec\u00e1rios inscritos no CRB-1 a participarem, enviando sua frase para o emailcomissaodivulgacao@crb1.org.br, com o assunto \u201cFrase-dia &#8230; <a title=\"Concurso para selecionar a frase mais criativa parabenizando os bibliotec\u00e1rios pelo seu dia\" class=\"read-more\" href=\"https:\/\/mundobibliotecario.com.br\/index.php\/2012\/02\/12\/concurso-para-selecionar-a-frase-mais-criativa-parabenizando-os-bibliotecarios-pelo-seu-dia\/\" aria-label=\"Read more about Concurso para selecionar a frase mais criativa parabenizando os bibliotec\u00e1rios pelo seu dia\">Ler mais<\/a><\/p>\n","protected":false},"author":1,"featured_media":0,"comment_status":"open","ping_status":"open","sticky":false,"template":"","format":"standard","meta":{"_mi_skip_tracking":false,"_exactmetrics_sitenote_active":false,"_exactmetrics_sitenote_note":"","_exactmetrics_sitenote_category":0,"_jetpack_newsletter_access":"","footnotes":""},"categories":[168],"tags":[655,909,533],"class_list":["post-2448","post","type-post","status-publish","format-standard","hentry","category-concurso","tag-concurso-2","tag-crb-1","tag-dia-do-bibliotecario"],"jetpack_featured_media_url":"","jetpack_sharing_enabled":true,"jetpack-related-posts":[{"id":4292,"url":"https:\/\/mundobibliotecario.com.br\/index.php\/2016\/06\/20\/concursos-para-bibliotecario-junhojulho-2016\/","url_meta":{"origin":2448,"position":0},"title":"Concursos para bibliotec\u00e1rio &#8211; junho\/julho 2016","author":"mundobibliotecario","date":"20\/06\/2016","format":false,"excerpt":"CRB - Conselho Regional de Biblioteconomia - 14\u00aa Regi\u00e3o (SC) 1 vaga at\u00e9 R$ 2447,99 Bibliotec\u00e1rio Fiscal e Assist. Admin. M\u00e9dio \/ Superior Reaberto at\u00e9 07\/07\/2016 Palmas, Quedas de Igua\u00e7\u00fa - PR Bibliotec\u00e1rio - Instituto Federal do Paran\u00e1 2 vagas, sendo uma para Palmas e uma para Quedas de Igua\u00e7u.\u2026","rel":"","context":"Em &quot;Concurso&quot;","block_context":{"text":"Concurso","link":"https:\/\/mundobibliotecario.com.br\/index.php\/category\/concurso\/"},"img":{"alt_text":"","src":"https:\/\/mundobibliotecario.files.wordpress.com\/2016\/06\/13507267_874663929327880_1138784641324897370_n.png?w=350&h=200&crop=1","width":350,"height":200},"classes":[]},{"id":4737,"url":"https:\/\/mundobibliotecario.com.br\/index.php\/2018\/04\/08\/promocao-9-de-abril-dia-da-biblioteca-participe\/","url_meta":{"origin":2448,"position":1},"title":"Promo\u00e7\u00e3o 9 de abril &#8211; Dia da Biblioteca &#8211; Participe!","author":"mundobibliotecario","date":"08\/04\/2018","format":false,"excerpt":"Fonte:\u00a0https:\/\/www.flickr.com\/photos\/loughboroughuniversitylibrary\/6333984637 Dia 9 de abril \u00e9 o Dia da Biblioteca Por qu\u00ea? Um Decreto brasileiro datado de 9 de abril de 1980 instituiu no pa\u00eds a Semana Nacional do Livro e da \u00a0Biblioteca, bem como o Dia do Bibliotec\u00e1rio. Por este motivo, o dia 09\/04 \u00e9 conhecido como o Dia\u2026","rel":"","context":"Em &quot;Not\u00edcias&quot;","block_context":{"text":"Not\u00edcias","link":"https:\/\/mundobibliotecario.com.br\/index.php\/category\/noticias\/"},"img":{"alt_text":"","src":"https:\/\/i0.wp.com\/mundobibliotecario.com.br\/wp-content\/uploads\/2018\/04\/6333984637_7d08596f9e_b.jpg?resize=350%2C200","width":350,"height":200},"classes":[]},{"id":1346,"url":"https:\/\/mundobibliotecario.com.br\/index.php\/2010\/07\/05\/concurso-para-bibliotecario-uerj\/","url_meta":{"origin":2448,"position":2},"title":"Concurso para bibliotec\u00e1rio &#8211; UERJ","author":"mundobibliotecario","date":"05\/07\/2010","format":false,"excerpt":"Munic\u00edpios onde se encontram as Unidades N\u00ba DE VAGAS REGULAR VENCIMENTO BASE (Refer\u00eancia janeiro 2010) CARGA HOR\u00c1RIA Semanal Rio de Janeiro 03 2.550,53 40 Resende 01 Teres\u00f3polis 01 Friburgo 01 \u00a0As inscri\u00e7\u00f5es ser\u00e3o efetuadas exclusivamente atrav\u00e9s da Internet no endere\u00e7o eletr\u00f4nico www.cepuerj.uerj.br, das 10h do dia 28\/06\/2010 \u00e0s 19:00 horas\u2026","rel":"","context":"Em &quot;Concurso&quot;","block_context":{"text":"Concurso","link":"https:\/\/mundobibliotecario.com.br\/index.php\/category\/concurso\/"},"img":{"alt_text":"","src":"","width":0,"height":0},"classes":[]},{"id":2114,"url":"https:\/\/mundobibliotecario.com.br\/index.php\/2011\/07\/05\/concursos-e-emprego-para-bibliotecario-julho2011\/","url_meta":{"origin":2448,"position":3},"title":"Concursos e emprego para bibliotec\u00e1rio &#8211; julho\/2011","author":"mundobibliotecario","date":"05\/07\/2011","format":false,"excerpt":"Saiu no Jornal Cruzeiro do Sul (Sorocaba - SP), no dia 3\/7\/2011: FACULDADE EM ITAPETININGA: necessita Bibliotec\u00e1ria (o) c\/ titula\u00e7\u00e3o em Biblioteconomia. Interessados enviar CV ricpelegrini@hotmail.com Processo seletivo para contrata\u00e7\u00e3o de bibliotec\u00e1rio no SESI (Polo de Mogi das Cruzes e Suzano): Bibliotec\u00e1rio para as Prefeituras de: Itajub\u00e1 (MG) (http:\/\/www.pciconcursos.com.br\/concurso\/prefeitura-de-itajuba-mg-25-vagas), Cap\u00e3o\u2026","rel":"","context":"Em &quot;Concurso&quot;","block_context":{"text":"Concurso","link":"https:\/\/mundobibliotecario.com.br\/index.php\/category\/concurso\/"},"img":{"alt_text":"","src":"","width":0,"height":0},"classes":[]},{"id":1398,"url":"https:\/\/mundobibliotecario.com.br\/index.php\/2010\/08\/02\/concurso-mpu-vagas-para-bibliotecarios\/","url_meta":{"origin":2448,"position":4},"title":"Concurso MPU &#8211; Vagas para Bibliotec\u00e1rios","author":"mundobibliotecario","date":"02\/08\/2010","format":false,"excerpt":"O Minist\u00e9rio P\u00fablico da Uni\u00e3o abriu vagas para cadastro de reserva de\u00a0bibliotec\u00e1rios. Confira as informa\u00e7\u00f5es completas em: http:\/\/www.centraldeconcursos.com.br\/concursos\/concursos.asp?imagem=1&id_concurso=949.","rel":"","context":"Em &quot;Concurso&quot;","block_context":{"text":"Concurso","link":"https:\/\/mundobibliotecario.com.br\/index.php\/category\/concurso\/"},"img":{"alt_text":"","src":"","width":0,"height":0},"classes":[]},{"id":1163,"url":"https:\/\/mundobibliotecario.com.br\/index.php\/2010\/03\/13\/concurso-unicamp-bibliotecario-e-tecnico-em-biblioteconomia\/","url_meta":{"origin":2448,"position":5},"title":"Concurso Unicamp &#8211; Bibliotec\u00e1rio e T\u00e9cnico em Biblioteconomia","author":"mundobibliotecario","date":"13\/03\/2010","format":false,"excerpt":"Seguem os links dos editais de Concurso na Unicamp : Bibliotec\u00e1rio 20 h\/semanais R$ 1.582,74 http:\/\/www.siarh.unicamp.br\/concurso\/VerEdital.jsf?anocon=2010&numcon=19&tipedi=1&seqtip=1 T\u00e9cnico em Biblioteconomia 40h\/semanais R$ 1.678,69 http:\/\/www.siarh.unicamp.br\/concurso\/VerEdital.jsf?anocon=2010&numcon=7&tipedi=1&seqtip=1","rel":"","context":"Em &quot;Concurso&quot;","block_context":{"text":"Concurso","link":"https:\/\/mundobibliotecario.com.br\/index.php\/category\/concurso\/"},"img":{"alt_text":"","src":"","width":0,"height":0},"classes":[]}],"jetpack_likes_enabled":true,"jetpack_shortlink":"https:\/\/wp.me\/pcbzwa-Du","_links":{"self":[{"href":"https:\/\/mundobibliotecario.com.br\/index.php\/wp-json\/wp\/v2\/posts\/2448","targetHints":{"allow":["GET"]}}],"collection":[{"href":"https:\/\/mundobibliotecario.com.br\/index.php\/wp-json\/wp\/v2\/posts"}],"about":[{"href":"https:\/\/mundobibliotecario.com.br\/index.php\/wp-json\/wp\/v2\/types\/post"}],"author":[{"embeddable":true,"href":"https:\/\/mundobibliotecario.com.br\/index.php\/wp-json\/wp\/v2\/users\/1"}],"replies":[{"embeddable":true,"href":"https:\/\/mundobibliotecario.com.br\/index.php\/wp-json\/wp\/v2\/comments?post=2448"}],"version-history":[{"count":1,"href":"https:\/\/mundobibliotecario.com.br\/index.php\/wp-json\/wp\/v2\/posts\/2448\/revisions"}],"predecessor-version":[{"id":6161,"href":"https:\/\/mundobibliotecario.com.br\/index.php\/wp-json\/wp\/v2\/posts\/2448\/revisions\/6161"}],"wp:attachment":[{"href":"https:\/\/mundobibliotecario.com.br\/index.php\/wp-json\/wp\/v2\/media?parent=2448"}],"wp:term":[{"taxonomy":"category","embeddable":true,"href":"https:\/\/mundobibliotecario.com.br\/index.php\/wp-json\/wp\/v2\/categories?post=2448"},{"taxonomy":"post_tag","embeddable":true,"href":"https:\/\/mundobibliotecario.com.br\/index.php\/wp-json\/wp\/v2\/tags?post=2448"}],"curies":[{"name":"wp","href":"https:\/\/api.w.org\/{rel}","templated":true}]}}