{"id":2470,"date":"2012-02-25T18:43:15","date_gmt":"2012-02-25T21:43:15","guid":{"rendered":"http:\/\/mundobibliotecario.wordpress.com\/?p=2470"},"modified":"2012-02-25T18:43:15","modified_gmt":"2012-02-25T21:43:15","slug":"bn-celebra-o-dia-do-bibliotecario","status":"publish","type":"post","link":"https:\/\/mundobibliotecario.com.br\/index.php\/2012\/02\/25\/bn-celebra-o-dia-do-bibliotecario\/","title":{"rendered":"BN celebra o Dia do Bibliotec\u00e1rio"},"content":{"rendered":"<p>A Biblioteca Nacional far\u00e1 uma grande festa para comemorar o Dia do Bibliotec\u00e1rio, festejado em 12\/03. Al\u00e9m de uma progama\u00e7\u00e3o especial, com semin\u00e1rio internacional e mesa-redonda para debater o mercado de trabalho no Brasil, haver\u00e1 um grande sarau. Realizado em parceria com o Conselho de Biblioteconomia do Rio de Janeiro e o Instituto Goethe, o evento \u00e9 gratuito, e ser\u00e1 realizado no Audit\u00f3rio Machado de Assis e no Jardim da BN, no Rio de Janeiro. As inscri\u00e7\u00f5es poder\u00e3o ser feitas atrav\u00e9s do email <a href=\"http:\/\/bmail.uol.com.br\/compose?to=bibliotecario@bn.br&amp;subject=Inscricao\" target=\"_blank\">bibliotecario@bn.br<\/a> e as vagas s\u00e3o limitadas.<\/p>\n<p>Fonte: Boletim da Biblioteca Nacional n\u00ba 224, 17 de fevereiro de 2012.<\/p>\n","protected":false},"excerpt":{"rendered":"<p>A Biblioteca Nacional far\u00e1 uma grande festa para comemorar o Dia do Bibliotec\u00e1rio, festejado em 12\/03. Al\u00e9m de uma progama\u00e7\u00e3o especial, com semin\u00e1rio internacional e mesa-redonda para debater o mercado de trabalho no Brasil, haver\u00e1 um grande sarau. Realizado em parceria com o Conselho de Biblioteconomia do Rio de Janeiro e o Instituto Goethe, o &#8230; <a title=\"BN celebra o Dia do Bibliotec\u00e1rio\" class=\"read-more\" href=\"https:\/\/mundobibliotecario.com.br\/index.php\/2012\/02\/25\/bn-celebra-o-dia-do-bibliotecario\/\" aria-label=\"Read more about BN celebra o Dia do Bibliotec\u00e1rio\">Ler mais<\/a><\/p>\n","protected":false},"author":1,"featured_media":0,"comment_status":"open","ping_status":"open","sticky":false,"template":"","format":"standard","meta":{"_mi_skip_tracking":false,"_exactmetrics_sitenote_active":false,"_exactmetrics_sitenote_note":"","_exactmetrics_sitenote_category":0,"_jetpack_newsletter_access":"","footnotes":""},"categories":[60],"tags":[533],"class_list":["post-2470","post","type-post","status-publish","format-standard","hentry","category-noticias","tag-dia-do-bibliotecario"],"jetpack_featured_media_url":"","jetpack_sharing_enabled":true,"jetpack-related-posts":[{"id":2346,"url":"https:\/\/mundobibliotecario.com.br\/index.php\/2011\/12\/03\/biblioteca-nacional-promove-divulgacao-de-lei-que-exige-envio-de-publicacoes-a-instituicao\/","url_meta":{"origin":2470,"position":0},"title":"Biblioteca Nacional promove divulga\u00e7\u00e3o de lei que exige envio de publica\u00e7\u00f5es \u00e0 Institui\u00e7\u00e3o","author":"mundobibliotecario","date":"03\/12\/2011","format":false,"excerpt":"A Biblioteca Nacional (BN) est\u00e1 intensificando, desde o in\u00edcio deste m\u00eas, a divulga\u00e7\u00e3o da lei de Dep\u00f3sito Legal, sancionada em 2004, e modificada no ano passado, que tem como objetivo exigir a remessa \u00e0 BN de pelo menos um exemplar de todas as publica\u00e7\u00f5es produzidas no Brasil. De acordo com\u2026","rel":"","context":"Em &quot;Not\u00edcias&quot;","block_context":{"text":"Not\u00edcias","link":"https:\/\/mundobibliotecario.com.br\/index.php\/category\/noticias\/"},"img":{"alt_text":"","src":"","width":0,"height":0},"classes":[]},{"id":263,"url":"https:\/\/mundobibliotecario.com.br\/index.php\/2009\/01\/06\/5%c2%ba-enbib-2009\/","url_meta":{"origin":2470,"position":1},"title":"5\u00ba ENBIB &#8211; 2009","author":"mundobibliotecario","date":"06\/01\/2009","format":false,"excerpt":"O 5\u00ba ENBIB (Encontro de Bibliotecas Biom\u00e9dicas do Rio de Janeiro) tem como tema \"Media\u00e7\u00e3o entre produ\u00e7\u00e3o e uso da informa\u00e7\u00e3o: redimensionando saberes e fazeres bibliotec\u00e1rios na \u00e1rea de sa\u00fade\". O evento ser\u00e1 realizado no Rio de Janeiro - RJ, de 24 a 28 de agosto de 2009. O prazo\u2026","rel":"","context":"Em &quot;Eventos&quot;","block_context":{"text":"Eventos","link":"https:\/\/mundobibliotecario.com.br\/index.php\/category\/eventos\/"},"img":{"alt_text":"","src":"","width":0,"height":0},"classes":[]},{"id":4909,"url":"https:\/\/mundobibliotecario.com.br\/index.php\/2012\/07\/11\/enb-iv-encontro-nacional-de-bibliotecarios-de-ies-iv-encontro-nacional-de-bibliotecarios-escolares-2\/","url_meta":{"origin":2470,"position":2},"title":"ENB &#8211; IV Encontro Nacional de Bibliotec\u00e1rios de IES &#038; IV Encontro Nacional de Bibliotec\u00e1rios Escolares","author":"mundobibliotecario","date":"11\/07\/2012","format":false,"excerpt":"Colabora\u00e7\u00e3o de Gabriele Monique. *** Encontro Nacional de Bibliotec\u00e1rios de Institui\u00e7\u00f5es de Ensino \u00a0Novos Caminhos para Novas Necessidades No mundo globalizado em que vivemos atualmente, a nova gera\u00e7\u00e3o exige constantes mudan\u00e7as nas institui\u00e7\u00f5es de ensino, inclusive na biblioteca. Para compreender mais sobre as novas oportunidades e novidades do segmento, a\u2026","rel":"","context":"Em &quot;Eventos&quot;","block_context":{"text":"Eventos","link":"https:\/\/mundobibliotecario.com.br\/index.php\/category\/eventos\/"},"img":{"alt_text":"","src":"","width":0,"height":0},"classes":[]},{"id":2648,"url":"https:\/\/mundobibliotecario.com.br\/index.php\/2012\/07\/11\/enb-iv-encontro-nacional-de-bibliotecarios-de-ies-iv-encontro-nacional-de-bibliotecarios-escolares\/","url_meta":{"origin":2470,"position":3},"title":"ENB &#8211; IV Encontro Nacional de Bibliotec\u00e1rios de IES &#038; IV Encontro Nacional de Bibliotec\u00e1rios Escolares","author":"mundobibliotecario","date":"11\/07\/2012","format":false,"excerpt":"Colabora\u00e7\u00e3o de Gabriele Monique. *** Encontro Nacional de Bibliotec\u00e1rios de Institui\u00e7\u00f5es de Ensino \u00a0Novos Caminhos para Novas Necessidades No mundo globalizado em que vivemos atualmente, a nova gera\u00e7\u00e3o exige constantes mudan\u00e7as nas institui\u00e7\u00f5es de ensino, inclusive na biblioteca. Para compreender mais sobre as novas oportunidades e novidades do segmento, a\u2026","rel":"","context":"Em &quot;Eventos&quot;","block_context":{"text":"Eventos","link":"https:\/\/mundobibliotecario.com.br\/index.php\/category\/eventos\/"},"img":{"alt_text":"","src":"","width":0,"height":0},"classes":[]},{"id":7753,"url":"https:\/\/mundobibliotecario.com.br\/index.php\/2020\/08\/09\/fundacao-biblioteca-nacional-adere-a-rede-cariniana-para-a-preservacao-digital-de-documentos\/","url_meta":{"origin":2470,"position":4},"title":"Funda\u00e7\u00e3o Biblioteca Nacional adere \u00e0 Rede Cariniana para a preserva\u00e7\u00e3o digital de documentos","author":"mundobibliotecario","date":"09\/08\/2020","format":false,"excerpt":"Fachada da bibliotecaCr\u00e9dito da foto: Funda\u00e7\u00e3o Biblioteca Nacional A Funda\u00e7\u00e3o Biblioteca Nacional (FBN) e o Instituto Brasileiro de Informa\u00e7\u00e3o em Ci\u00eancia e Tecnologia (Ibict\/MCTI) anunciam a ades\u00e3o da FBN \u00e0 Rede Brasileira de Servi\u00e7os de Preserva\u00e7\u00e3o Digital (Rede Cariniana\/Ibict). O acordo entre as institui\u00e7\u00f5es busca promover o arquivamento digital na\u2026","rel":"","context":"Em &quot;Not\u00edcias&quot;","block_context":{"text":"Not\u00edcias","link":"https:\/\/mundobibliotecario.com.br\/index.php\/category\/noticias\/"},"img":{"alt_text":"","src":"","width":0,"height":0},"classes":[]},{"id":2673,"url":"https:\/\/mundobibliotecario.com.br\/index.php\/2012\/07\/25\/6o-encontro-de-bibliotecas-biomedicas-do-rio-de-janeiro-enbib\/","url_meta":{"origin":2470,"position":5},"title":"6\u00ba Encontro de Bibliotecas Biom\u00e9dicas do Rio de Janeiro (ENBIB)","author":"mundobibliotecario","date":"25\/07\/2012","format":false,"excerpt":"Contribui\u00e7\u00e3o de F\u00e1tima. *** Boa tarde Eduardo, Meu nome \u00e9 Fatima, gosto muito do conte\u00fado do site, sempre atualizado. Gostaria de convid\u00e1-lo e tamb\u00e9m contar com sua colabora\u00e7\u00e3o para a divulga\u00e7\u00e3o de um evento organizado pela Associa\u00e7\u00e3o dos Profissionais de Informa\u00e7\u00e3o e Documenta\u00e7\u00e3o em Ci\u00eancias da Sa\u00fade do Estado do\u2026","rel":"","context":"Em &quot;Eventos&quot;","block_context":{"text":"Eventos","link":"https:\/\/mundobibliotecario.com.br\/index.php\/category\/eventos\/"},"img":{"alt_text":"","src":"","width":0,"height":0},"classes":[]}],"jetpack_likes_enabled":true,"jetpack_shortlink":"https:\/\/wp.me\/pcbzwa-DQ","_links":{"self":[{"href":"https:\/\/mundobibliotecario.com.br\/index.php\/wp-json\/wp\/v2\/posts\/2470","targetHints":{"allow":["GET"]}}],"collection":[{"href":"https:\/\/mundobibliotecario.com.br\/index.php\/wp-json\/wp\/v2\/posts"}],"about":[{"href":"https:\/\/mundobibliotecario.com.br\/index.php\/wp-json\/wp\/v2\/types\/post"}],"author":[{"embeddable":true,"href":"https:\/\/mundobibliotecario.com.br\/index.php\/wp-json\/wp\/v2\/users\/1"}],"replies":[{"embeddable":true,"href":"https:\/\/mundobibliotecario.com.br\/index.php\/wp-json\/wp\/v2\/comments?post=2470"}],"version-history":[{"count":0,"href":"https:\/\/mundobibliotecario.com.br\/index.php\/wp-json\/wp\/v2\/posts\/2470\/revisions"}],"wp:attachment":[{"href":"https:\/\/mundobibliotecario.com.br\/index.php\/wp-json\/wp\/v2\/media?parent=2470"}],"wp:term":[{"taxonomy":"category","embeddable":true,"href":"https:\/\/mundobibliotecario.com.br\/index.php\/wp-json\/wp\/v2\/categories?post=2470"},{"taxonomy":"post_tag","embeddable":true,"href":"https:\/\/mundobibliotecario.com.br\/index.php\/wp-json\/wp\/v2\/tags?post=2470"}],"curies":[{"name":"wp","href":"https:\/\/api.w.org\/{rel}","templated":true}]}}