{"id":2499,"date":"2012-03-17T11:24:09","date_gmt":"2012-03-17T14:24:09","guid":{"rendered":"http:\/\/mundobibliotecario.wordpress.com\/?p=2499"},"modified":"2012-03-17T11:24:09","modified_gmt":"2012-03-17T14:24:09","slug":"memoria-informacao","status":"publish","type":"post","link":"https:\/\/mundobibliotecario.com.br\/index.php\/2012\/03\/17\/memoria-informacao\/","title":{"rendered":"Mem\u00f3ria e Informa\u00e7\u00e3o"},"content":{"rendered":"<p>O projeto Mem\u00f3ria &amp; Informa\u00e7\u00e3o, que promove palestras sobre estudos e pesquisas\u00a0nas \u00e1reas de mem\u00f3ria, documenta\u00e7\u00e3o, preserva\u00e7\u00e3o e informa\u00e7\u00e3o, est\u00e1 de volta\u00a0em seu 9\u00ba ano de atividades. No dia 21 de mar\u00e7o, \u00e0s 14h30, a s\u00e9rie receber\u00e1 o\u00a0professor doutor Pedro Puntoni, que ministrar\u00e1 a palestra &#8220;Plataforma Corisco: um\u00a0novo tema para DSpace para acervos memoriais&#8221;. O evento acontece na sala de cursos\u00a0da FCRB e tem entrada franca.<br \/>\nPuntoni \u00e9 coordenador do projeto Brasiliana USP, que est\u00e1 construindo um moderno\u00a0edif\u00edcio na Cidade Universit\u00e1ria em S\u00e3o Paulo, abrigando acervos da Biblioteca\u00a0Brasiliana Guita e Jos\u00e9 Mindlin, do Instituto de Estudos Brasileiros (IEB), al\u00e9m das atividades de pesquisa, ensino e extens\u00e3o. Na palestra, o professor falar\u00e1\u00a0sobre plataforma Corisco, um sistema integrado de aplicativos para sustentar a\u00a0implanta\u00e7\u00e3o e gerenciamento de bibliotecas digitais desenvolvido pela equipe da\u00a0Brasiliana. A solu\u00e7\u00e3o busca garantir o apoio tecnol\u00f3gico ao processo social de\u00a0dissemina\u00e7\u00e3o dos projetos de digitaliza\u00e7\u00e3o, preserva\u00e7\u00e3o e publica\u00e7\u00e3o dos\u00a0acervos culturais e memoriais brasileiros.<\/p>\n<p>Dispon\u00edvel em: &lt;<a href=\"http:\/\/www.casaruibarbosa.gov.br\/interna.php?page=materia&amp;ID_S=9&amp;NM_Secao=not%C3%ADcias&amp;ID_M=2203\">http:\/\/www.casaruibarbosa.gov.br\/interna.php?page=materia&amp;ID_S=9&amp;NM_Secao=not%C3%ADcias&amp;ID_M=2203<\/a>&gt;. Acesso em: 17 mar. 2012.<\/p>\n","protected":false},"excerpt":{"rendered":"<p>O projeto Mem\u00f3ria &amp; Informa\u00e7\u00e3o, que promove palestras sobre estudos e pesquisas\u00a0nas \u00e1reas de mem\u00f3ria, documenta\u00e7\u00e3o, preserva\u00e7\u00e3o e informa\u00e7\u00e3o, est\u00e1 de volta\u00a0em seu 9\u00ba ano de atividades. No dia 21 de mar\u00e7o, \u00e0s 14h30, a s\u00e9rie receber\u00e1 o\u00a0professor doutor Pedro Puntoni, que ministrar\u00e1 a palestra &#8220;Plataforma Corisco: um\u00a0novo tema para DSpace para acervos memoriais&#8221;. O &#8230; <a title=\"Mem\u00f3ria e Informa\u00e7\u00e3o\" class=\"read-more\" href=\"https:\/\/mundobibliotecario.com.br\/index.php\/2012\/03\/17\/memoria-informacao\/\" aria-label=\"Read more about Mem\u00f3ria e Informa\u00e7\u00e3o\">Ler mais<\/a><\/p>\n","protected":false},"author":1,"featured_media":0,"comment_status":"open","ping_status":"open","sticky":false,"template":"","format":"standard","meta":{"_mi_skip_tracking":false,"_exactmetrics_sitenote_active":false,"_exactmetrics_sitenote_note":"","_exactmetrics_sitenote_category":0,"_jetpack_newsletter_access":"","footnotes":""},"categories":[27],"tags":[920,19,213],"class_list":["post-2499","post","type-post","status-publish","format-standard","hentry","category-eventos","tag-fundacao-casa-de-rui-barbosa","tag-informacao","tag-memoria"],"jetpack_featured_media_url":"","jetpack_sharing_enabled":true,"jetpack-related-posts":[{"id":5329,"url":"https:\/\/mundobibliotecario.com.br\/index.php\/2019\/10\/03\/2a-jornada-estagio-e-pesquisa-na-biblioteca-brasiliana\/","url_meta":{"origin":2499,"position":0},"title":"2\u00aa Jornada &#8211; Est\u00e1gio e Pesquisa na Biblioteca Brasiliana","author":"mundobibliotecario","date":"03\/10\/2019","format":false,"excerpt":"Ag\u00eancia FAPESP\u00a0\u2013 A Biblioteca Brasiliana Guita e Jos\u00e9 Mindlin (BBM) da Universidade de S\u00e3o Paulo (USP) organiza sua 2\u00aa Jornada - Est\u00e1gio e Pesquisa no dia 4 de outubro de 2019, em S\u00e3o Paulo. O evento reunir\u00e1 pesquisadores, bolsistas e estagi\u00e1rios que atualmente participam nos projetos da biblioteca para reiterar\u2026","rel":"","context":"Em &quot;Not\u00edcias&quot;","block_context":{"text":"Not\u00edcias","link":"https:\/\/mundobibliotecario.com.br\/index.php\/category\/noticias\/"},"img":{"alt_text":"","src":"","width":0,"height":0},"classes":[]},{"id":900,"url":"https:\/\/mundobibliotecario.com.br\/index.php\/2009\/10\/07\/semana-inaugural-arquivo-publico-e-historico-de-sao-carlos\/","url_meta":{"origin":2499,"position":1},"title":"SEMANA INAUGURAL \u2013 Arquivo P\u00fablico e Hist\u00f3rico de S\u00e3o Carlos","author":"mundobibliotecario","date":"07\/10\/2009","format":false,"excerpt":"FUNDA\u00c7\u00c3O PR\u00d3-MEM\u00d3RIA DE S\u00c3O CARLOS Data: 19 a 23\/10 \u2013 Local: Audit\u00f3rio \u201cOctavio Damiano\u201d \u2013 Esta\u00e7\u00e3o Cultura Pra\u00e7a Ant\u00f4nio Prado, s\/n \u2013 Centro \u2013 Antiga Esta\u00e7\u00e3o Ferrovi\u00e1ria Inscri\u00e7\u00f5es at\u00e9 16\/10 pelo e-mail: arquivo.fpm@saocarlos.sp.gov.br ou Tel.: (16) 3373.2700 (Mencionar a palestra\/mesa redonda que ir\u00e1 participar) Programa\u00e7\u00e3o segunda-feira (19\/10) 9h - Credenciamento\u2026","rel":"","context":"Em &quot;Eventos&quot;","block_context":{"text":"Eventos","link":"https:\/\/mundobibliotecario.com.br\/index.php\/category\/eventos\/"},"img":{"alt_text":"","src":"","width":0,"height":0},"classes":[]},{"id":2177,"url":"https:\/\/mundobibliotecario.com.br\/index.php\/2011\/09\/06\/palestra-conservacao-preservacao-e-pesquisa\/","url_meta":{"origin":2499,"position":2},"title":"Palestra &#8211; Conserva\u00e7\u00e3o, preserva\u00e7\u00e3o e pesquisa","author":"mundobibliotecario","date":"06\/09\/2011","format":false,"excerpt":"Divulgando evento recebido por e-mail. Desde j\u00e1, parab\u00e9ns ao PET - BCI UFSCar! ********** Prezados(as) colegas! O Programa de Educa\u00e7\u00e3o Tutorial em Biblioteconomia e Ci\u00eancia da Informa\u00e7\u00e3o da UFSCar (PET - BCI UFSCar) tem a honra de convid\u00e1-los a participar de nosso Semin\u00e1rio de Car\u00e1ter T\u00e9cnico Cientifico sobre \u201cConserva\u00e7\u00e3o, preserva\u00e7\u00e3o\u2026","rel":"","context":"Em &quot;Eventos&quot;","block_context":{"text":"Eventos","link":"https:\/\/mundobibliotecario.com.br\/index.php\/category\/eventos\/"},"img":{"alt_text":"","src":"","width":0,"height":0},"classes":[]},{"id":2333,"url":"https:\/\/mundobibliotecario.com.br\/index.php\/2011\/12\/03\/congresso-internacional-sibiusp-30-anos-o-futuro-do-conhecimento-universal-iv\/","url_meta":{"origin":2499,"position":3},"title":"Congresso Internacional SIBiUSP 30 anos: O Futuro do Conhecimento Universal (IV)","author":"mundobibliotecario","date":"03\/12\/2011","format":false,"excerpt":"A quarta e \u00faltima mesa-redonda do evento, cujo tema foi \"O futuro das bibliotecas digitais\" e coordenada pela Diretora do Sistema Integrado de Bibliotecas da USP, Sueli Mara Soares Pinto Ferreira, apontou o estado atual de iniciativas nacionais e internacionais, assim como tend\u00eancias para os pr\u00f3ximos anos. A primeira apresenta\u00e7\u00e3o,\u00a0intitulada\u2026","rel":"","context":"Em &quot;Eventos&quot;","block_context":{"text":"Eventos","link":"https:\/\/mundobibliotecario.com.br\/index.php\/category\/eventos\/"},"img":{"alt_text":"","src":"","width":0,"height":0},"classes":[]},{"id":3123,"url":"https:\/\/mundobibliotecario.com.br\/index.php\/2013\/05\/25\/palestra-preservacao-da-memoria-digital\/","url_meta":{"origin":2499,"position":4},"title":"Palestra: &#8220;Preserva\u00e7\u00e3o da Mem\u00f3ria Digital&#8221;","author":"mundobibliotecario","date":"25\/05\/2013","format":false,"excerpt":"CONVITEO SINDIB-RJ convida os Bibliotec\u00e1rios do Estado do Rio de Janeiro para palestra\u00a0palestra:\u00a0\u00a0\"Preserva\u00e7\u00e3o da Mem\u00f3ria Digital\",\u00a0que ser\u00e1 proferida pelo Prof.\u00a0Miguel \u00c1ngel M\u00e1rdero Arellano, Doutor em Ci\u00eancias da Informa\u00e7\u00e3o pela Universidade de Bras\u00edlia e coordenador da Rede de Servi\u00e7os de Preserva\u00e7\u00e3o digital CARINIANA (IBICT).\u00a0\u00a0Data: 07\/06\/2013Local: Sindicato dos Administradores no Estado do\u2026","rel":"","context":"Em &quot;Eventos&quot;","block_context":{"text":"Eventos","link":"https:\/\/mundobibliotecario.com.br\/index.php\/category\/eventos\/"},"img":{"alt_text":"","src":"","width":0,"height":0},"classes":[]},{"id":1469,"url":"https:\/\/mundobibliotecario.com.br\/index.php\/2010\/09\/24\/v-semana-de-biblioteconomia-da-ecausp\/","url_meta":{"origin":2499,"position":5},"title":"V Semana de Biblioteconomia da ECA\/USP","author":"mundobibliotecario","date":"24\/09\/2010","format":false,"excerpt":"V Semana de Biblioteconomia da Escola de Comunica\u00e7\u00f5es e Artes (ECA) da Universidade de S\u00e3o Paulo (USP) De 27\/09 a 01\/10 A Semana de Biblioteconomia da Escola de Comunica\u00e7\u00f5es e Artes (ECA) da Universidade de S\u00e3o Paulo (USP) \u00e9 em evento acad\u00eamico que objetiva estimular e promover o esp\u00edrito cr\u00edtico\u2026","rel":"","context":"Em &quot;Eventos&quot;","block_context":{"text":"Eventos","link":"https:\/\/mundobibliotecario.com.br\/index.php\/category\/eventos\/"},"img":{"alt_text":"","src":"","width":0,"height":0},"classes":[]}],"jetpack_likes_enabled":true,"jetpack_shortlink":"https:\/\/wp.me\/pcbzwa-Ej","_links":{"self":[{"href":"https:\/\/mundobibliotecario.com.br\/index.php\/wp-json\/wp\/v2\/posts\/2499","targetHints":{"allow":["GET"]}}],"collection":[{"href":"https:\/\/mundobibliotecario.com.br\/index.php\/wp-json\/wp\/v2\/posts"}],"about":[{"href":"https:\/\/mundobibliotecario.com.br\/index.php\/wp-json\/wp\/v2\/types\/post"}],"author":[{"embeddable":true,"href":"https:\/\/mundobibliotecario.com.br\/index.php\/wp-json\/wp\/v2\/users\/1"}],"replies":[{"embeddable":true,"href":"https:\/\/mundobibliotecario.com.br\/index.php\/wp-json\/wp\/v2\/comments?post=2499"}],"version-history":[{"count":0,"href":"https:\/\/mundobibliotecario.com.br\/index.php\/wp-json\/wp\/v2\/posts\/2499\/revisions"}],"wp:attachment":[{"href":"https:\/\/mundobibliotecario.com.br\/index.php\/wp-json\/wp\/v2\/media?parent=2499"}],"wp:term":[{"taxonomy":"category","embeddable":true,"href":"https:\/\/mundobibliotecario.com.br\/index.php\/wp-json\/wp\/v2\/categories?post=2499"},{"taxonomy":"post_tag","embeddable":true,"href":"https:\/\/mundobibliotecario.com.br\/index.php\/wp-json\/wp\/v2\/tags?post=2499"}],"curies":[{"name":"wp","href":"https:\/\/api.w.org\/{rel}","templated":true}]}}