{"id":2544,"date":"2012-04-07T20:42:35","date_gmt":"2012-04-07T23:42:35","guid":{"rendered":"http:\/\/mundobibliotecario.wordpress.com\/?p=2544"},"modified":"2020-07-21T23:18:40","modified_gmt":"2020-07-22T02:18:40","slug":"viii-semana-a-pos-graduacao-da-eesc-na-biblioteca","status":"publish","type":"post","link":"https:\/\/mundobibliotecario.com.br\/index.php\/2012\/04\/07\/viii-semana-a-pos-graduacao-da-eesc-na-biblioteca\/","title":{"rendered":"VIII Semana &#8220;A P\u00f3s-Gradua\u00e7\u00e3o da EESC na Biblioteca&#8221;"},"content":{"rendered":"<p align=\"center\"><strong>Programa\u00e7\u00e3o<\/strong><\/p>\n<p align=\"center\"><strong>24\/04\/2012 &#8211; ter\u00e7a-feira<\/strong><\/p>\n<table align=\"center\">\n<tbody>\n<tr>\n<td align=\"middle\" valign=\"center\" width=\"20%\">10h00 \u00e0s<br \/>\n12h00<\/td>\n<td valign=\"top\"><strong>\u00c9tica em Pesquisa<\/strong><br \/>\nProfa. Dra. M\u00f4nica Hermam Salem Caggiano , Presidente da Comiss\u00e3o de P\u00f3s-Gradua\u00e7\u00e3o, Faculdade Direito\/USP<\/td>\n<\/tr>\n<tr>\n<td align=\"middle\" valign=\"center\" width=\"20%\">14h00 \u00e0s<br \/>\n16h00<\/td>\n<td valign=\"top\"><strong>Creative Commons e Comunica\u00e7\u00e3o Cient\u00edfica<\/strong><br \/>\nPedro Nicoletti Mizukami, Creative Commons no Brasil, Funda\u00e7\u00e3o Get\u00falio Vargas<\/td>\n<\/tr>\n<tr>\n<td align=\"middle\" valign=\"center\" width=\"20%\">18h30 \u00e0s<br \/>\n20h30<\/td>\n<td valign=\"top\"><strong>MINI CURSO: Elabora\u00e7\u00e3o de Artigo Cient\u00edfico<\/strong><br \/>\nElenise Maria de Ara\u00fajo\u2014Bibliotec\u00e1ria da EESC<\/td>\n<\/tr>\n<\/tbody>\n<\/table>\n<p align=\"center\"><strong>25\/04\/2012 &#8211; quarta-feira<\/strong><\/p>\n<table align=\"center\">\n<tbody>\n<tr>\n<td align=\"middle\" valign=\"center\" width=\"20%\">09h00 \u00e0s<br \/>\n11h00<\/td>\n<td valign=\"top\"><strong>Wikip\u00e9dia na Academia: c\u00f3pia, pl\u00e1gio e oportunidades colaborativas<\/strong><br \/>\nEverton Zanella Alvarenga\/Rodrigo Pissardini, Wikimedia Brasil<\/td>\n<\/tr>\n<tr>\n<td align=\"middle\" valign=\"center\" width=\"20%\">16h00 \u00e0s<br \/>\n18h00<\/td>\n<td valign=\"top\"><strong>A import\u00e2ncia do profissional eticista no mundo contempor\u00e2neo <\/strong><br \/>\nProf. Carlos Goldenberg, SEL\/EESC<\/td>\n<\/tr>\n<tr>\n<td align=\"middle\" valign=\"center\" width=\"20%\">18h30 \u00e0s<br \/>\n20h30<\/td>\n<td valign=\"top\"><strong>MINI CURSO: Refer\u00eancias e Cita\u00e7\u00f5es<\/strong><br \/>\nElena Luzia Palloni Gon\u00e7alves\u2014Bibliotec\u00e1ria da EESC<\/td>\n<\/tr>\n<\/tbody>\n<\/table>\n<p align=\"center\"><strong>26\/04\/2012 &#8211; quinta-feira<\/strong><\/p>\n<table align=\"center\">\n<tbody>\n<tr>\n<td align=\"middle\" valign=\"center\" width=\"20%\">09h00 \u00e0s<br \/>\n11h00<\/td>\n<td valign=\"top\"><strong>\u00c9tica e Pl\u00e1gio em Pesquisas Cient\u00edficas<\/strong><br \/>\nProf. Sigmar de Mello Rode, Presidente da ABEC Associa\u00e7\u00e3o Brasileira de Editores Cient\u00edficos, UNESP-S\u00e3o Jos\u00e9 dos Campos<\/td>\n<\/tr>\n<tr>\n<td align=\"middle\" valign=\"center\" width=\"20%\">14h00 \u00e0s<br \/>\n16h00<\/td>\n<td valign=\"top\"><strong>\u00cdndice H e fator de Impacto<\/strong><br \/>\nMarcos Criado\/DOTLIB<\/td>\n<\/tr>\n<tr>\n<td align=\"middle\" valign=\"center\" width=\"20%\">16h00 \u00e0s<br \/>\n18h00<\/td>\n<td valign=\"top\"><strong>Treinamento EndNote Web<\/strong><br \/>\nEliana Maria Garcia (ESALQ\/USP)<\/td>\n<\/tr>\n<\/tbody>\n<\/table>\n<p>Inscri\u00e7\u00f5es e maiores informa\u00e7\u00f5es no sitedo evento,<\/p>\n","protected":false},"excerpt":{"rendered":"<p>Programa\u00e7\u00e3o 24\/04\/2012 &#8211; ter\u00e7a-feira 10h00 \u00e0s 12h00 \u00c9tica em Pesquisa Profa. Dra. M\u00f4nica Hermam Salem Caggiano , Presidente da Comiss\u00e3o de P\u00f3s-Gradua\u00e7\u00e3o, Faculdade Direito\/USP 14h00 \u00e0s 16h00 Creative Commons e Comunica\u00e7\u00e3o Cient\u00edfica Pedro Nicoletti Mizukami, Creative Commons no Brasil, Funda\u00e7\u00e3o Get\u00falio Vargas 18h30 \u00e0s 20h30 MINI CURSO: Elabora\u00e7\u00e3o de Artigo Cient\u00edfico Elenise Maria de Ara\u00fajo\u2014Bibliotec\u00e1ria &#8230; <a title=\"VIII Semana &#8220;A P\u00f3s-Gradua\u00e7\u00e3o da EESC na Biblioteca&#8221;\" class=\"read-more\" href=\"https:\/\/mundobibliotecario.com.br\/index.php\/2012\/04\/07\/viii-semana-a-pos-graduacao-da-eesc-na-biblioteca\/\" aria-label=\"Read more about VIII Semana &#8220;A P\u00f3s-Gradua\u00e7\u00e3o da EESC na Biblioteca&#8221;\">Ler mais<\/a><\/p>\n","protected":false},"author":1,"featured_media":0,"comment_status":"open","ping_status":"open","sticky":false,"template":"","format":"standard","meta":{"_mi_skip_tracking":false,"_exactmetrics_sitenote_active":false,"_exactmetrics_sitenote_note":"","_exactmetrics_sitenote_category":0,"_jetpack_newsletter_access":"","footnotes":""},"categories":[27],"tags":[919,857,925,812,926,362,330],"class_list":["post-2544","post","type-post","status-publish","format-standard","hentry","category-eventos","tag-comunicacao-cientifica","tag-creative-commons","tag-etica","tag-fator-de-impacto","tag-indice-h","tag-plagio","tag-wikipedia"],"jetpack_featured_media_url":"","jetpack_sharing_enabled":true,"jetpack-related-posts":[{"id":4901,"url":"https:\/\/mundobibliotecario.com.br\/index.php\/2012\/04\/07\/viii-semana-a-pos-graduacao-da-eesc-na-biblioteca-2\/","url_meta":{"origin":2544,"position":0},"title":"VIII Semana &quot;A P\u00f3s-Gradua\u00e7\u00e3o da EESC na Biblioteca&quot;","author":"mundobibliotecario","date":"07\/04\/2012","format":false,"excerpt":"Programa\u00e7\u00e3o 24\/04\/2012 - ter\u00e7a-feira 10h00 \u00e0s 12h00 \u00c9tica em Pesquisa Profa. Dra. M\u00f4nica Hermam Salem Caggiano , Presidente da Comiss\u00e3o de P\u00f3s-Gradua\u00e7\u00e3o, Faculdade Direito\/USP 14h00 \u00e0s 16h00 Creative Commons e Comunica\u00e7\u00e3o Cient\u00edfica Pedro Nicoletti Mizukami, Creative Commons no Brasil, Funda\u00e7\u00e3o Get\u00falio Vargas 18h30 \u00e0s 20h30 MINI CURSO: Elabora\u00e7\u00e3o de Artigo\u2026","rel":"","context":"Em &quot;Eventos&quot;","block_context":{"text":"Eventos","link":"https:\/\/mundobibliotecario.com.br\/index.php\/category\/eventos\/"},"img":{"alt_text":"","src":"","width":0,"height":0},"classes":[]},{"id":4902,"url":"https:\/\/mundobibliotecario.com.br\/index.php\/2012\/04\/07\/viii-semana-a-pos-graduacao-da-eesc-na-biblioteca-2-2\/","url_meta":{"origin":2544,"position":1},"title":"VIII Semana &#034;A P\u00f3s-Gradua\u00e7\u00e3o da EESC na Biblioteca&#034;","author":"mundobibliotecario","date":"07\/04\/2012","format":false,"excerpt":"Programa\u00e7\u00e3o 24\/04\/2012 - ter\u00e7a-feira 10h00 \u00e0s 12h00 \u00c9tica em Pesquisa Profa. Dra. M\u00f4nica Hermam Salem Caggiano , Presidente da Comiss\u00e3o de P\u00f3s-Gradua\u00e7\u00e3o, Faculdade Direito\/USP 14h00 \u00e0s 16h00 Creative Commons e Comunica\u00e7\u00e3o Cient\u00edfica Pedro Nicoletti Mizukami, Creative Commons no Brasil, Funda\u00e7\u00e3o Get\u00falio Vargas 18h30 \u00e0s 20h30 MINI CURSO: Elabora\u00e7\u00e3o de Artigo\u2026","rel":"","context":"Em &quot;Eventos&quot;","block_context":{"text":"Eventos","link":"https:\/\/mundobibliotecario.com.br\/index.php\/category\/eventos\/"},"img":{"alt_text":"","src":"","width":0,"height":0},"classes":[]},{"id":1960,"url":"https:\/\/mundobibliotecario.com.br\/index.php\/2011\/04\/19\/vii-semana-a-pos-graduacao-da-eesc-na-biblioteca\/","url_meta":{"origin":2544,"position":2},"title":"VII Semana &#8220;A P\u00f3s-Gradua\u00e7\u00e3o da EESC na Biblioteca&#8221;","author":"mundobibliotecario","date":"19\/04\/2011","format":false,"excerpt":"O Servi\u00e7o de Biblioteca da EESC\/USP realizar\u00e1, entre os dias 26 e 29 de abril de 2011, a VII edi\u00e7\u00e3o da Semana \"A P\u00f3s-Gradua\u00e7\u00e3o da EESC na Biblioteca\". A programa\u00e7\u00e3o segue abaixo: 26\/04\/2011 - ter\u00e7a-feira 08h30 \u00e0s 09h00 Abertura - Exposi\u00e7\u00e3o permanente dos livros publicados pelos docentes da EESC Prof.\u2026","rel":"","context":"Em &quot;Eventos&quot;","block_context":{"text":"Eventos","link":"https:\/\/mundobibliotecario.com.br\/index.php\/category\/eventos\/"},"img":{"alt_text":"","src":"","width":0,"height":0},"classes":[]},{"id":4870,"url":"https:\/\/mundobibliotecario.com.br\/index.php\/2011\/04\/19\/vii-semana-a-pos-graduacao-da-eesc-na-biblioteca-2\/","url_meta":{"origin":2544,"position":3},"title":"VII Semana &quot;A P\u00f3s-Gradua\u00e7\u00e3o da EESC na Biblioteca&quot;","author":"mundobibliotecario","date":"19\/04\/2011","format":false,"excerpt":"O Servi\u00e7o de Biblioteca da EESC\/USP realizar\u00e1, entre os dias 26 e 29 de abril de 2011, a VII edi\u00e7\u00e3o da Semana \"A P\u00f3s-Gradua\u00e7\u00e3o da EESC na Biblioteca\". A programa\u00e7\u00e3o segue abaixo: 26\/04\/2011 - ter\u00e7a-feira 08h30 \u00e0s 09h00 Abertura - Exposi\u00e7\u00e3o permanente dos livros publicados pelos docentes da EESC Prof.\u2026","rel":"","context":"Em &quot;Eventos&quot;","block_context":{"text":"Eventos","link":"https:\/\/mundobibliotecario.com.br\/index.php\/category\/eventos\/"},"img":{"alt_text":"","src":"","width":0,"height":0},"classes":[]},{"id":4874,"url":"https:\/\/mundobibliotecario.com.br\/index.php\/2011\/04\/19\/vii-semana-a-pos-graduacao-da-eesc-na-biblioteca-2-2\/","url_meta":{"origin":2544,"position":4},"title":"VII Semana &#034;A P\u00f3s-Gradua\u00e7\u00e3o da EESC na Biblioteca&#034;","author":"mundobibliotecario","date":"19\/04\/2011","format":false,"excerpt":"O Servi\u00e7o de Biblioteca da EESC\/USP realizar\u00e1, entre os dias 26 e 29 de abril de 2011, a VII edi\u00e7\u00e3o da Semana \"A P\u00f3s-Gradua\u00e7\u00e3o da EESC na Biblioteca\". A programa\u00e7\u00e3o segue abaixo: 26\/04\/2011 - ter\u00e7a-feira 08h30 \u00e0s 09h00 Abertura - Exposi\u00e7\u00e3o permanente dos livros publicados pelos docentes da EESC Prof.\u2026","rel":"","context":"Em &quot;Eventos&quot;","block_context":{"text":"Eventos","link":"https:\/\/mundobibliotecario.com.br\/index.php\/category\/eventos\/"},"img":{"alt_text":"","src":"","width":0,"height":0},"classes":[]},{"id":3087,"url":"https:\/\/mundobibliotecario.com.br\/index.php\/2013\/04\/18\/inscricoes-abertas-para-a-ix-semana-a-pos-graduacao-da-eesc-na-biblioteca\/","url_meta":{"origin":2544,"position":5},"title":"Inscri\u00e7\u00f5es abertas para a IX Semana A P\u00f3s-Gradua\u00e7\u00e3o da EESC na Biblioteca","author":"mundobibliotecario","date":"18\/04\/2013","format":false,"excerpt":"A Escola de Engenharia de S\u00e3o Carlos (EESC) da USP realiza, entre os dias 23 e 25 de abril, a 9\u00aa Semana\u00a0A P\u00f3s-Gradua\u00e7\u00e3o da EESC na Biblioteca. O evento \u00e9 destinado aos alunos de p\u00f3s-gradua\u00e7\u00e3o da Escola, de outras unidades do campus e tamb\u00e9m de outras universidades e institui\u00e7\u00f5es. A\u2026","rel":"","context":"Em &quot;Eventos&quot;","block_context":{"text":"Eventos","link":"https:\/\/mundobibliotecario.com.br\/index.php\/category\/eventos\/"},"img":{"alt_text":"","src":"","width":0,"height":0},"classes":[]}],"jetpack_likes_enabled":true,"jetpack_shortlink":"https:\/\/wp.me\/pcbzwa-F2","_links":{"self":[{"href":"https:\/\/mundobibliotecario.com.br\/index.php\/wp-json\/wp\/v2\/posts\/2544","targetHints":{"allow":["GET"]}}],"collection":[{"href":"https:\/\/mundobibliotecario.com.br\/index.php\/wp-json\/wp\/v2\/posts"}],"about":[{"href":"https:\/\/mundobibliotecario.com.br\/index.php\/wp-json\/wp\/v2\/types\/post"}],"author":[{"embeddable":true,"href":"https:\/\/mundobibliotecario.com.br\/index.php\/wp-json\/wp\/v2\/users\/1"}],"replies":[{"embeddable":true,"href":"https:\/\/mundobibliotecario.com.br\/index.php\/wp-json\/wp\/v2\/comments?post=2544"}],"version-history":[{"count":2,"href":"https:\/\/mundobibliotecario.com.br\/index.php\/wp-json\/wp\/v2\/posts\/2544\/revisions"}],"predecessor-version":[{"id":6128,"href":"https:\/\/mundobibliotecario.com.br\/index.php\/wp-json\/wp\/v2\/posts\/2544\/revisions\/6128"}],"wp:attachment":[{"href":"https:\/\/mundobibliotecario.com.br\/index.php\/wp-json\/wp\/v2\/media?parent=2544"}],"wp:term":[{"taxonomy":"category","embeddable":true,"href":"https:\/\/mundobibliotecario.com.br\/index.php\/wp-json\/wp\/v2\/categories?post=2544"},{"taxonomy":"post_tag","embeddable":true,"href":"https:\/\/mundobibliotecario.com.br\/index.php\/wp-json\/wp\/v2\/tags?post=2544"}],"curies":[{"name":"wp","href":"https:\/\/api.w.org\/{rel}","templated":true}]}}