{"id":2549,"date":"2012-04-13T21:31:22","date_gmt":"2012-04-14T00:31:22","guid":{"rendered":"http:\/\/mundobibliotecario.wordpress.com\/?p=2549"},"modified":"2020-07-21T23:18:40","modified_gmt":"2020-07-22T02:18:40","slug":"portal-reune-teses-de-todo-o-mundo","status":"publish","type":"post","link":"https:\/\/mundobibliotecario.com.br\/index.php\/2012\/04\/13\/portal-reune-teses-de-todo-o-mundo\/","title":{"rendered":"Portal re\u00fane teses de todo o mundo"},"content":{"rendered":"<div>Site traz trabalhos como os do fil\u00f3sofo Edgar Morin<\/div>\n<div><strong>TAGS:<\/strong>\u00a0<a href=\"http:\/\/revistacult.uol.com.br\/home\/tag\/centro-para-comunicacao-cientifica-direta\/\" rel=\"tag\">Centro para Comunica\u00e7\u00e3o Cient\u00edfica Direta<\/a>,\u00a0<a href=\"http:\/\/revistacult.uol.com.br\/home\/tag\/dissertacoes\/\" rel=\"tag\">disserta\u00e7\u00f5es<\/a>,\u00a0<a href=\"http:\/\/revistacult.uol.com.br\/home\/tag\/edgar-morin\/\" rel=\"tag\">Edgar Morin<\/a>,\u00a0<a href=\"http:\/\/revistacult.uol.com.br\/home\/tag\/hal\/\" rel=\"tag\">HAL<\/a>,\u00a0<a href=\"http:\/\/revistacult.uol.com.br\/home\/tag\/open-archive-initiative\/\" rel=\"tag\">Open Archive Initiative<\/a>,<a href=\"http:\/\/revistacult.uol.com.br\/home\/tag\/teses\/\" rel=\"tag\">teses<\/a>,\u00a0<a href=\"http:\/\/revistacult.uol.com.br\/home\/tag\/trabalhos-cientificos\/\" rel=\"tag\">trabalhos cient\u00edficos<\/a><\/div>\n<p><img loading=\"lazy\" decoding=\"async\" title=\"Divulga\u00e7\u00e3o\" src=\"http:\/\/revistacult.uol.com.br\/home\/wp-content\/uploads\/2012\/04\/Edgar-Morin-2.jpg\" alt=\"\" width=\"472\" height=\"294\" \/><\/p>\n<p>O portal franc\u00eas HAL, desenvolvido pelo Centro para Comunica\u00e7\u00e3o Cient\u00edfica Direta, disponibiliza na rede mais de 200 mil trabalhos cient\u00edficos do mundo inteiro e de todas as \u00e1reas do conhecimento. O acesso \u00e9 livre e gratuito.<\/p>\n<p>Criado em 2001, a cada m\u00eas o portal recebe entre 2.000 e 2.200 novos documentos. Para efeito de compara\u00e7\u00e3o, a quantidade de teses corresponde a cerca de um quarto da produ\u00e7\u00e3o cient\u00edfica francesa. A iniciativa est\u00e1 inserida no movimento internacional\u00a0<em>Open Archive Initiative<\/em>, que promove uma a\u00e7\u00e3o eficiente na dissemina\u00e7\u00e3o de conte\u00fados na internet.<\/p>\n<p>Os textos s\u00e3o avaliados por especialistas que fazem a verifica\u00e7\u00e3o do n\u00edvel cient\u00edfico do estudo. Uma vez arquivado no site, o autor pode modificar o texto, mas n\u00e3o retir\u00e1-lo.<\/p>\n<p>Entre as teses que comp\u00f5em os arquivos do site est\u00e1\u00a0<em>Rationalit\u00e9 et rationalisation<\/em>, de Edgar Morin (1996).<\/p>\n<p>Dispon\u00edvel em: &lt;http:\/\/revistacult.uol.com.br\/home\/2012\/04\/portal-reune-teses-de-todo-o-mundo\/&gt;. Acesso em: 12 abr. 2012.<\/p>\n","protected":false},"excerpt":{"rendered":"<p>Site traz trabalhos como os do fil\u00f3sofo Edgar Morin TAGS:\u00a0Centro para Comunica\u00e7\u00e3o Cient\u00edfica Direta,\u00a0disserta\u00e7\u00f5es,\u00a0Edgar Morin,\u00a0HAL,\u00a0Open Archive Initiative,teses,\u00a0trabalhos cient\u00edficos O portal franc\u00eas HAL, desenvolvido pelo Centro para Comunica\u00e7\u00e3o Cient\u00edfica Direta, disponibiliza na rede mais de 200 mil trabalhos cient\u00edficos do mundo inteiro e de todas as \u00e1reas do conhecimento. O acesso \u00e9 livre e gratuito. Criado &#8230; <a title=\"Portal re\u00fane teses de todo o mundo\" class=\"read-more\" href=\"https:\/\/mundobibliotecario.com.br\/index.php\/2012\/04\/13\/portal-reune-teses-de-todo-o-mundo\/\" aria-label=\"Read more about Portal re\u00fane teses de todo o mundo\">Ler mais<\/a><\/p>\n","protected":false},"author":1,"featured_media":0,"comment_status":"open","ping_status":"open","sticky":false,"template":"","format":"standard","meta":{"_mi_skip_tracking":false,"_exactmetrics_sitenote_active":false,"_exactmetrics_sitenote_note":"","_exactmetrics_sitenote_category":0,"_jetpack_newsletter_access":"","footnotes":""},"categories":[60],"tags":[929,930,931],"class_list":["post-2549","post","type-post","status-publish","format-standard","hentry","category-noticias","tag-edgar-morin","tag-portal-hal","tag-tese"],"jetpack_featured_media_url":"","jetpack_sharing_enabled":true,"jetpack-related-posts":[{"id":1883,"url":"https:\/\/mundobibliotecario.com.br\/index.php\/2011\/03\/16\/scielo-no-topo-de-ranking-mundial\/","url_meta":{"origin":2549,"position":0},"title":"SciELO no topo de ranking mundial","author":"mundobibliotecario","date":"16\/03\/2011","format":false,"excerpt":"Especiais 15\/3\/2011 Por Fabr\u00edcio Marques Pesquisa FAPESP \u2013 A biblioteca eletr\u00f4nica SciELO Brasil foi classificada em 1\u00ba lugar no ranking mundial de portais de acesso aberto Webometrics, divulgado pelo laborat\u00f3rio Cybermetrics, grupo de pesquisa vinculado ao Conselho Superior de Pesquisas Cient\u00edficas da Espanha. Curiosamente, a SciELO Brasil n\u00e3o estava em\u2026","rel":"","context":"Em &quot;Not\u00edcias&quot;","block_context":{"text":"Not\u00edcias","link":"https:\/\/mundobibliotecario.com.br\/index.php\/category\/noticias\/"},"img":{"alt_text":"","src":"","width":0,"height":0},"classes":[]},{"id":3635,"url":"https:\/\/mundobibliotecario.com.br\/index.php\/2014\/11\/11\/comissao-rejeita-obrigacao-de-universidades-manterem-sites-com-producao-cientifica\/","url_meta":{"origin":2549,"position":1},"title":"Comiss\u00e3o rejeita obriga\u00e7\u00e3o de universidades manterem sites com produ\u00e7\u00e3o cient\u00edfica","author":"mundobibliotecario","date":"11\/11\/2014","format":false,"excerpt":"Margarida Salom\u00e3o lembrou que j\u00e1 existem bancos de dados de acesso p\u00fablico com teses e disserta\u00e7\u00f5es. A Comiss\u00e3o de Ci\u00eancia e Tecnologia, Comunica\u00e7\u00e3o e Inform\u00e1tica rejeitou nesta quarta-feira (5) proposta que obriga as institui\u00e7\u00f5es federais de educa\u00e7\u00e3o superior e de pesquisa a disponibilizar, em formado digital e em site pr\u00f3prio,\u2026","rel":"","context":"Em &quot;Not\u00edcias&quot;","block_context":{"text":"Not\u00edcias","link":"https:\/\/mundobibliotecario.com.br\/index.php\/category\/noticias\/"},"img":{"alt_text":"","src":"","width":0,"height":0},"classes":[]},{"id":10313,"url":"https:\/\/mundobibliotecario.com.br\/index.php\/2023\/05\/10\/tese-o-escritorio-de-comunicacao-cientifica-como-perspectiva-de-atuacao-para-bibliotecas-universitarias-brasileiras\/","url_meta":{"origin":2549,"position":2},"title":"Tese &#8220;O escrit\u00f3rio de comunica\u00e7\u00e3o cient\u00edfica como perspectiva de atua\u00e7\u00e3o para bibliotecas universit\u00e1rias brasileiras&#8221;","author":"mundobibliotecario","date":"10\/05\/2023","format":false,"excerpt":"Informo que minha tese, intitulada \"O escrit\u00f3rio de comunica\u00e7\u00e3o cient\u00edfica como perspectiva de atua\u00e7\u00e3o para bibliotecas universit\u00e1rias brasileiras\" e orientada pelo Prof. Dr. Jos\u00e9 Augusto Chaves Guimar\u00e3es, est\u00e1 dispon\u00edvel para leitura e download no Reposit\u00f3rio Institucional da UNESP no link https:\/\/repositorio.unesp.br\/handle\/11449\/243319. Fonte: Canva Segue o resumo: As mudan\u00e7as ocorridas na\u2026","rel":"","context":"Em &quot;Not\u00edcias&quot;","block_context":{"text":"Not\u00edcias","link":"https:\/\/mundobibliotecario.com.br\/index.php\/category\/noticias\/"},"img":{"alt_text":"","src":"https:\/\/i0.wp.com\/mundobibliotecario.com.br\/wp-content\/uploads\/2023\/05\/tese-1.jpg?resize=350%2C200&ssl=1","width":350,"height":200},"classes":[]},{"id":4253,"url":"https:\/\/mundobibliotecario.com.br\/index.php\/2016\/04\/14\/versila-da-acesso-a-acervo-dos-melhores-centros-de-pesquisa\/","url_meta":{"origin":2549,"position":3},"title":"\u201cV\u00e9rsila\u201d d\u00e1 acesso a acervo dos melhores centros de pesquisa","author":"mundobibliotecario","date":"14\/04\/2016","format":false,"excerpt":"Assessoria de Comunica\u00e7\u00e3o 13-Abr-2016 Desenvolvida por pesquisadores da USP, a Biblioteca Digital V\u00e9rsila \u00e9 considerada a maior em acervo digital acad\u00eamico do hemisf\u00e9rio sul, e disponibiliza gratuitamente toda a produ\u00e7\u00e3o cient\u00edfica aberta dos melhores centros de pesquisa do mundo. Desde seu lan\u00e7amento, no final de 2015, a V\u00e9rsila j\u00e1 teve\u2026","rel":"","context":"Em &quot;Not\u00edcias&quot;","block_context":{"text":"Not\u00edcias","link":"https:\/\/mundobibliotecario.com.br\/index.php\/category\/noticias\/"},"img":{"alt_text":"","src":"","width":0,"height":0},"classes":[]},{"id":4018,"url":"https:\/\/mundobibliotecario.com.br\/index.php\/2015\/10\/25\/para-que-todos-tomem-ciencia\/","url_meta":{"origin":2549,"position":4},"title":"Para que todos tomem ci\u00eancia","author":"mundobibliotecario","date":"25\/10\/2015","format":false,"excerpt":"Grande parte de textos de revistas cient\u00edficas se origina de pesquisas financiadas com recursos p\u00fablicos POR PAULO GUANAES \/ HOOMAN MOMEN 16\/09\/2015 0:00 PUBLICIDADE Ao estabelecer em mar\u00e7o de 2014 a sua Pol\u00edtica de Acesso Aberto ao Conhecimento, a Funda\u00e7\u00e3o Oswaldo Cruz (Fiocruz) buscou garantir \u00e0 sociedade a consulta livre\u2026","rel":"","context":"Em &quot;Not\u00edcias&quot;","block_context":{"text":"Not\u00edcias","link":"https:\/\/mundobibliotecario.com.br\/index.php\/category\/noticias\/"},"img":{"alt_text":"","src":"","width":0,"height":0},"classes":[]},{"id":4007,"url":"https:\/\/mundobibliotecario.com.br\/index.php\/2015\/10\/21\/o-brasil-e-lider-em-producao-cientifica-e-disseminacao-em-acesso-aberto-na-america-latina\/","url_meta":{"origin":2549,"position":5},"title":"\u2018O Brasil \u00e9 l\u00edder em produ\u00e7\u00e3o cient\u00edfica e dissemina\u00e7\u00e3o em acesso aberto na Am\u00e9rica Latina\u2019","author":"mundobibliotecario","date":"21\/10\/2015","format":false,"excerpt":"Setembro\/2015 Juliana Reis e Roberta Cardoso Cerqueira |\u00a0Portal de Peri\u00f3dicos Fiocruz Dominque Babini \u00e9 coordenadora do Programa de Acesso Aberto do Conselho Latino-Americano de Ci\u00eancias Sociais (Clacso). P\u00f3s-graduada em documenta\u00e7\u00e3o, ci\u00eancias da computa\u00e7\u00e3o e informa\u00e7\u00e3o pela Universidade de Buenos Aires (Argentina), ela participa de diversos projetos na \u00e1rea de acesso\u2026","rel":"","context":"Em &quot;Not\u00edcias&quot;","block_context":{"text":"Not\u00edcias","link":"https:\/\/mundobibliotecario.com.br\/index.php\/category\/noticias\/"},"img":{"alt_text":"","src":"https:\/\/i0.wp.com\/www.revistahcsm.coc.fiocruz.br\/wp-content\/uploads\/2015\/09\/Dominique-Babini.jpg?resize=350%2C200","width":350,"height":200},"classes":[]}],"jetpack_likes_enabled":true,"jetpack_shortlink":"https:\/\/wp.me\/pcbzwa-F7","_links":{"self":[{"href":"https:\/\/mundobibliotecario.com.br\/index.php\/wp-json\/wp\/v2\/posts\/2549","targetHints":{"allow":["GET"]}}],"collection":[{"href":"https:\/\/mundobibliotecario.com.br\/index.php\/wp-json\/wp\/v2\/posts"}],"about":[{"href":"https:\/\/mundobibliotecario.com.br\/index.php\/wp-json\/wp\/v2\/types\/post"}],"author":[{"embeddable":true,"href":"https:\/\/mundobibliotecario.com.br\/index.php\/wp-json\/wp\/v2\/users\/1"}],"replies":[{"embeddable":true,"href":"https:\/\/mundobibliotecario.com.br\/index.php\/wp-json\/wp\/v2\/comments?post=2549"}],"version-history":[{"count":2,"href":"https:\/\/mundobibliotecario.com.br\/index.php\/wp-json\/wp\/v2\/posts\/2549\/revisions"}],"predecessor-version":[{"id":6122,"href":"https:\/\/mundobibliotecario.com.br\/index.php\/wp-json\/wp\/v2\/posts\/2549\/revisions\/6122"}],"wp:attachment":[{"href":"https:\/\/mundobibliotecario.com.br\/index.php\/wp-json\/wp\/v2\/media?parent=2549"}],"wp:term":[{"taxonomy":"category","embeddable":true,"href":"https:\/\/mundobibliotecario.com.br\/index.php\/wp-json\/wp\/v2\/categories?post=2549"},{"taxonomy":"post_tag","embeddable":true,"href":"https:\/\/mundobibliotecario.com.br\/index.php\/wp-json\/wp\/v2\/tags?post=2549"}],"curies":[{"name":"wp","href":"https:\/\/api.w.org\/{rel}","templated":true}]}}