{"id":2585,"date":"2012-05-15T19:49:19","date_gmt":"2012-05-15T22:49:19","guid":{"rendered":"http:\/\/mundobibliotecario.wordpress.com\/?p=2585"},"modified":"2012-05-15T19:49:19","modified_gmt":"2012-05-15T22:49:19","slug":"de-adeus-as-bibliotecas","status":"publish","type":"post","link":"https:\/\/mundobibliotecario.com.br\/index.php\/2012\/05\/15\/de-adeus-as-bibliotecas\/","title":{"rendered":"D\u00ea adeus \u00e0s bibliotecas"},"content":{"rendered":"<p><strong>Porque publiquei esse texto<\/strong><\/p>\n<p><strong><\/strong>Para nos fazer refletir e lembrar que de vez em quando \u00e9 bom tomar um banho de \u00e1gua fria e que nunca pode ser tarde para mudar, pois se a situa\u00e7\u00e3o atual foi feita pelos &#8220;bibliotec\u00e1rios&#8221; da \u00e9poca, \u00e9 hora de arregasarmos as mangas e mudar!<\/p>\n<p>***<\/p>\n<p>Institui\u00e7\u00f5es como a Biblioteca Nacional podem desaparecer ou ser vetadas \u00e0 consulta em carne e osso<\/p>\n<p>LU\u00cdS ANT\u00d4NIO GIRON<\/p>\n<p>Lu\u00eds Ant\u00f4nio Giron Editor da se\u00e7\u00e3o Mente Aberta de \u00c9POCA, escreve sobre os principais fatos do universo da literatura, do cinema e da TV (Foto: \u00c9POCA)<br \/>\nNostalgia \u00e9 o oitavo pecado capital destes tempos. Voc\u00ea pode ser retr\u00f4 e reciclar informa\u00e7\u00f5es do passado com o glamour e a retina exata do presente. Ser nost\u00e1lgico e sentir saudade \u00e9 pecar. Por que sentir falta de um passado que era mais atrasado, mais rid\u00edculo e mais sujo do que o presente? Como sei que o presente \u00e9 o futuro passado e que os brilhos atuais v\u00e3o parecer foscos aos olhos judiciosos do amanh\u00e3, continuo a gostar da nostalgia. Recaio sempre nela, e sinto o olhar reprovador de quem est\u00e1 por perto e nota a infra\u00e7\u00e3o. Para horror de minha mulher, guardo uma edi\u00e7\u00e3o da Encyclopedia Britannica, edi\u00e7\u00e3o de 1962. Pior, vivo consultando seus verbetes absoluta e encantadoramente desatualizados. Agora que a Britannica deixou de ser publicada em papel e migrou inteirinha para a internet, s\u00f3 me resta o prazer t\u00e1ctil de folhear a minha velha prensagem da obra. N\u00e3o posso evitar ser um ser pr\u00e9-intern\u00e9tico, pr\u00e9-google, pr\u00e9-instagram e o<br \/>\ndiabo a quatro.<br \/>\nEm um desses meus acessos incur\u00e1veis de nostalgia, cometi o crime de visitar a biblioteca p\u00fablica do meu bairro. Cheguei de mansinho, talvez pensando em reencontrar nas prateleiras os livros que mais me influenciaram e emocionaram. Topei com prateleiras de metal com volumes empoeirados \u00e0 espera de um leitor que nunca mais apareceu. O lugar estava oco. A bibliotec\u00e1ria me atendeu com aquela suave descortesia t\u00edpica dessa categoria profissional, como se o visitante fosse um intruso a ser tolerado, mas n\u00e3o absolvido. Eu sei que as bibliotec\u00e1rias, entre suas muitas fun\u00e7\u00f5es hoje em dia, sentem-se na obriga\u00e7\u00e3o de ocultar os volumes mais raros de suas respectivas bibliotecas. Bibliotecas mais escondem do que mostram. H\u00e1 dep\u00f3sitos ou estantes secretas vedadas aos visitantes. S\u00e3o as melhores \u2013 e, gra\u00e7as \u00e0s bibliotec\u00e1rias, voc\u00ea jamais chegar\u00e1 a elas.<br \/>\nNa recep\u00e7\u00e3o daquela pequenina biblioteca municipal, eu me senti uma assombra\u00e7\u00e3o do passado a importunar a ordem do agora.<\/p>\n<p>\u201cProcuro uma colet\u00e2nea de contos fant\u00e1sticos de Alu\u00edsio Azevedo\u201d, disse \u00e0 senhora. \u201cO senhor trouxe a refer\u00eancia?\u201d N\u00e3o. \u201cPor que n\u00e3o consultou o cat\u00e1logo pela internet?\u201d Sei l\u00e1 por qu\u00ea, eu s\u00f3 queria parar por aqui e ler uns livros dif\u00edceis de encontrar e talvez levar emprestados&#8230; \u201cOs empr\u00e9stimos s\u00e3o limitados a quatro volumes e a devolu\u00e7\u00e3o acontece em 15 dias\u201d, ela metralhou, com os olhos pregados no monitor velho e encardido do computador. Por fim, depois de dar um pequeno passeio pelo interior da biblioteca, voltou para informar que n\u00e3o tinha o livro que eu buscava. Virei as costas, imaginando o al\u00edvio da funcion\u00e1ria em me ver ir embora. Agora ela podia regressar a sua pregui\u00e7osa solid\u00e3o.<br \/>\nEm tempos idos, eu encontrava nas bibliotecas p\u00fablicas um abrigo para meditar, planejar e fugir do mundo. Passeava pelas estantes como quem viajasse por outros planetas, tempos e realidades, mem\u00f3rias, hist\u00f3rias, uma li\u00e7\u00e3o de vida aqui, uma descoberta da crueldade humana ali, fantasias in\u00fateis acol\u00e1. Devo \u00e0s bibliotecas a minha forma\u00e7\u00e3o. Fiz mestrado e doutorado passando tardes enfurnado na M\u00e1rio de Andrade, no Arquivo do Estado e na Biblioteca Nacional. E sempre frequentei bibliotecas de bairro. Anos atr\u00e1s, elas costumavam ser lotadas de leitores \u00e1vidos. Os usu\u00e1rios se interessavam por cultura, e n\u00e3o apenas como uma ferramenta para subir na vida e destruir os concorrentes. Havia oficinas e debates. Os livros de poesia e os romances n\u00e3o paravam nas prateleiras. Agora os \u00e1caros, os carunchos e toda sorte de inseto venceram os leitores. Para n\u00e3o falar da umidade \u2013 que, recentemente, quase acabou com os peri\u00f3dicos da Biblioteca Nacional<br \/>\ndo Rio de Janeiro.<br \/>\nSa\u00ed da minha biblioteca do bairro e me dirigi a uma lan house pr\u00f3xima, repleta de meninos e adultos, absortos em pesquisar, mandar emails e jogar. Pela internet, encontrei O touro negro, de Alu\u00edsio Azevedo, dispon\u00edvel em arquivo digital no site do dom\u00edniopublico.br. Agora tudo quanto \u00e9 livro pode ser encontrado em sites abertos, como\u00a0archive.org, openlibrary.org e gutenberg.org. E pensei: perto de uma lan house imunda como aquela, as poeirentas bibliotecas p\u00fablicas lembram santu\u00e1rios abandonados. N\u00e3o espanta que as prefeituras de quase todas as cidades do Brasil queiram fech\u00e1-las. Daqui a pouco a vener\u00e1vel Biblioteca Nacional vai migrar inteira para o mundo on line, e proibir a entrada de leitores de livros em papel, os antigos livros reais. Ser\u00e1 vetado o ingresso no recinto de leitores em carne e osso, gente atrasada que vive em busca de livros de papel. Tudo estar\u00e1 apenas \u201cdisponibilizado\u201d (que verbo rid\u00edculo) pelas bases de dados<br \/>\nvia internet.<br \/>\nSou obrigado a dar raz\u00e3o a esses baluartes do conhecimento que s\u00e3o os prefeitos de todas as cidades do Brasil. As bibliotecas n\u00e3o servem mais para nada nem a ningu\u00e9m. Nem mesmo a mim, que sempre as amei. Ainda assim, toda vez que passo diante do pr\u00e9dio da biblioteca do meu bairro com a inten\u00e7\u00e3o de dizer adeus, n\u00e3o consigo.<br \/>\n(Lu\u00eds Ant\u00f4nio Giron escreve \u00e0s ter\u00e7as-feiras.)<\/p>\n<p>Raquel da Silva Vianna de AndradeCoordenadoraBiblioteca P\u00fablica Gilberto Freyre | Rua Jos\u00e9 Joaquim, 290CEP 03272-000 | Sapopemba | S\u00e3o Paulo, SP2143-1811 |<a href=\"http:\/\/www.bibliotecas.sp.gov.br\/\" target=\"_blank\">www.bibliotecas.sp.gov.br<\/a><\/p>\n","protected":false},"excerpt":{"rendered":"<p>Porque publiquei esse texto Para nos fazer refletir e lembrar que de vez em quando \u00e9 bom tomar um banho de \u00e1gua fria e que nunca pode ser tarde para mudar, pois se a situa\u00e7\u00e3o atual foi feita pelos &#8220;bibliotec\u00e1rios&#8221; da \u00e9poca, \u00e9 hora de arregasarmos as mangas e mudar! *** Institui\u00e7\u00f5es como a Biblioteca &#8230; <a title=\"D\u00ea adeus \u00e0s bibliotecas\" class=\"read-more\" href=\"https:\/\/mundobibliotecario.com.br\/index.php\/2012\/05\/15\/de-adeus-as-bibliotecas\/\" aria-label=\"Read more about D\u00ea adeus \u00e0s bibliotecas\">Ler mais<\/a><\/p>\n","protected":false},"author":1,"featured_media":0,"comment_status":"open","ping_status":"open","sticky":false,"template":"","format":"standard","meta":{"_mi_skip_tracking":false,"_exactmetrics_sitenote_active":false,"_exactmetrics_sitenote_note":"","_exactmetrics_sitenote_category":0,"_jetpack_newsletter_access":"","footnotes":""},"categories":[60],"tags":[2],"class_list":["post-2585","post","type-post","status-publish","format-standard","hentry","category-noticias","tag-biblioteca"],"jetpack_featured_media_url":"","jetpack_sharing_enabled":true,"jetpack-related-posts":[{"id":4904,"url":"https:\/\/mundobibliotecario.com.br\/index.php\/2012\/05\/18\/respostas-a-de-adeus-as-bibliotecas-2\/","url_meta":{"origin":2585,"position":0},"title":"Respostas \u00e0 &quot;D\u00ea adeus \u00e0s bibliotecas","author":"mundobibliotecario","date":"18\/05\/2012","format":false,"excerpt":"Porque publiquei essas respostas Por que foram as mais sensatas que encontrei (opini\u00e3o minha!) em meio a tanto burburinho. Meus cumprimentos \u00e0 Dora e ao Luan Yannick pelas respostas \u00e0 altura! *** You say goodbye and I say hello! Este texto \u00e9 a minha resposta pessoal para a nota que\u2026","rel":"","context":"Em &quot;Not\u00edcias&quot;","block_context":{"text":"Not\u00edcias","link":"https:\/\/mundobibliotecario.com.br\/index.php\/category\/noticias\/"},"img":{"alt_text":"","src":"","width":0,"height":0},"classes":[]},{"id":4906,"url":"https:\/\/mundobibliotecario.com.br\/index.php\/2012\/05\/18\/respostas-a-de-adeus-as-bibliotecas-2-2\/","url_meta":{"origin":2585,"position":1},"title":"Respostas \u00e0 &#034;D\u00ea adeus \u00e0s bibliotecas","author":"mundobibliotecario","date":"18\/05\/2012","format":false,"excerpt":"Porque publiquei essas respostas Por que foram as mais sensatas que encontrei (opini\u00e3o minha!) em meio a tanto burburinho. Meus cumprimentos \u00e0 Dora e ao Luan Yannick pelas respostas \u00e0 altura! *** You say goodbye and I say hello! Este texto \u00e9 a minha resposta pessoal para a nota que\u2026","rel":"","context":"Em &quot;Not\u00edcias&quot;","block_context":{"text":"Not\u00edcias","link":"https:\/\/mundobibliotecario.com.br\/index.php\/category\/noticias\/"},"img":{"alt_text":"","src":"","width":0,"height":0},"classes":[]},{"id":2590,"url":"https:\/\/mundobibliotecario.com.br\/index.php\/2012\/05\/18\/respostas-a-de-adeus-as-bibliotecas\/","url_meta":{"origin":2585,"position":2},"title":"Respostas \u00e0 &#8220;D\u00ea adeus \u00e0s bibliotecas","author":"mundobibliotecario","date":"18\/05\/2012","format":false,"excerpt":"Porque publiquei essas respostas Por que foram as mais sensatas que encontrei (opini\u00e3o minha!) em meio a tanto burburinho. Meus cumprimentos \u00e0 Dora e ao Luan Yannick pelas respostas \u00e0 altura! *** You say goodbye and I say hello! Este texto \u00e9 a minha resposta pessoal para a nota que\u2026","rel":"","context":"Em &quot;Not\u00edcias&quot;","block_context":{"text":"Not\u00edcias","link":"https:\/\/mundobibliotecario.com.br\/index.php\/category\/noticias\/"},"img":{"alt_text":"","src":"","width":0,"height":0},"classes":[]},{"id":1741,"url":"https:\/\/mundobibliotecario.com.br\/index.php\/2011\/02\/15\/biblioteca-sedia-exposicao-de-tirinhas\/","url_meta":{"origin":2585,"position":3},"title":"Biblioteca sedia exposi\u00e7\u00e3o de tirinhas","author":"mundobibliotecario","date":"15\/02\/2011","format":false,"excerpt":"PublishNews - 15\/02\/2011 - Reda\u00e7\u00e3o \"Lucas Lima em Tiras\" ficar\u00e1 em exposi\u00e7\u00e3o at\u00e9 mar\u00e7o A Biblioteca Comunit\u00e1ria (BCo) da Universidade Federal de S\u00e3o Carlos (Rodovia Washington Lu\u00eds, km 235 - SP-310 - S\u00e3o Carlos\/SP) sedia at\u00e9 o dia 15 de mar\u00e7o a exposi\u00e7\u00e3o \u201cLucas Lima em Tiras\u201d, que apresenta 100\u2026","rel":"","context":"Em &quot;Not\u00edcias&quot;","block_context":{"text":"Not\u00edcias","link":"https:\/\/mundobibliotecario.com.br\/index.php\/category\/noticias\/"},"img":{"alt_text":"","src":"","width":0,"height":0},"classes":[]},{"id":10057,"url":"https:\/\/mundobibliotecario.com.br\/index.php\/2022\/08\/09\/baile-nostalgico-e-atracao-gratuita-na-biblioteca-infantil-na-noite-desta-quinta-feira-11\/","url_meta":{"origin":2585,"position":4},"title":"Baile Nost\u00e1lgico \u00e9 atra\u00e7\u00e3o gratuita na Biblioteca Infantil na noite desta quinta-feira (11)","author":"mundobibliotecario","date":"09\/08\/2022","format":false,"excerpt":"A popula\u00e7\u00e3o pode participar gratuitamente, nesta quinta-feira (11), das 19h \u00e0s 22h, do Baile Nost\u00e1lgico, na Biblioteca Infantil Municipal \u201cRenato S\u00eaneca de S\u00e1 Fleury\u201d, localizada no Centro de Sorocaba. A respons\u00e1vel por animar a noite ser\u00e1 a cantora F\u00e1tima Silveira, que estar\u00e1 acompanhada pelo tecladista Zinho. Promovido pela Prefeitura de\u2026","rel":"","context":"Em &quot;Not\u00edcias&quot;","block_context":{"text":"Not\u00edcias","link":"https:\/\/mundobibliotecario.com.br\/index.php\/category\/noticias\/"},"img":{"alt_text":"","src":"https:\/\/i0.wp.com\/mundobibliotecario.com.br\/wp-content\/uploads\/2022\/08\/noticias.sorocaba.sp_.gov_.br-show-da-cantora-fatima-silveira-e-atracao-gratuita-na-biblioteca-infantil-de-sorocaba-neste-sabado-23-img-20220714-wa00321.jpg?resize=350%2C200&ssl=1","width":350,"height":200},"classes":[]},{"id":2704,"url":"https:\/\/mundobibliotecario.com.br\/index.php\/2012\/08\/28\/comentarios-a-lei-no-10-231-de-22-de-agosto-de-2012\/","url_meta":{"origin":2585,"position":5},"title":"Coment\u00e1rios \u00e0 lei n\u00ba 10.231, de 22 de agosto de 2012","author":"mundobibliotecario","date":"28\/08\/2012","format":false,"excerpt":"LEI N\u00ba 10.231, DE 22 DE AGOSTO DE 2012 Institui campanha permanente de leitura junto aos parques e logradouros p\u00fablicos municipais e d\u00e1 outras provid\u00eancias. Projeto de Lei n\u00ba 266\/2012 \u2013 autoria do Vereador M\u00e1rio Marte Marinho J\u00fanior. A C\u00e2mara Municipal de Sorocaba decreta e eu promulgo a seguinte Lei:\u2026","rel":"","context":"Em &quot;Not\u00edcias&quot;","block_context":{"text":"Not\u00edcias","link":"https:\/\/mundobibliotecario.com.br\/index.php\/category\/noticias\/"},"img":{"alt_text":"","src":"","width":0,"height":0},"classes":[]}],"jetpack_likes_enabled":true,"jetpack_shortlink":"https:\/\/wp.me\/pcbzwa-FH","_links":{"self":[{"href":"https:\/\/mundobibliotecario.com.br\/index.php\/wp-json\/wp\/v2\/posts\/2585","targetHints":{"allow":["GET"]}}],"collection":[{"href":"https:\/\/mundobibliotecario.com.br\/index.php\/wp-json\/wp\/v2\/posts"}],"about":[{"href":"https:\/\/mundobibliotecario.com.br\/index.php\/wp-json\/wp\/v2\/types\/post"}],"author":[{"embeddable":true,"href":"https:\/\/mundobibliotecario.com.br\/index.php\/wp-json\/wp\/v2\/users\/1"}],"replies":[{"embeddable":true,"href":"https:\/\/mundobibliotecario.com.br\/index.php\/wp-json\/wp\/v2\/comments?post=2585"}],"version-history":[{"count":0,"href":"https:\/\/mundobibliotecario.com.br\/index.php\/wp-json\/wp\/v2\/posts\/2585\/revisions"}],"wp:attachment":[{"href":"https:\/\/mundobibliotecario.com.br\/index.php\/wp-json\/wp\/v2\/media?parent=2585"}],"wp:term":[{"taxonomy":"category","embeddable":true,"href":"https:\/\/mundobibliotecario.com.br\/index.php\/wp-json\/wp\/v2\/categories?post=2585"},{"taxonomy":"post_tag","embeddable":true,"href":"https:\/\/mundobibliotecario.com.br\/index.php\/wp-json\/wp\/v2\/tags?post=2585"}],"curies":[{"name":"wp","href":"https:\/\/api.w.org\/{rel}","templated":true}]}}