{"id":2602,"date":"2012-06-07T10:49:27","date_gmt":"2012-06-07T13:49:27","guid":{"rendered":"http:\/\/mundobibliotecario.wordpress.com\/?p=2602"},"modified":"2012-06-07T10:49:27","modified_gmt":"2012-06-07T13:49:27","slug":"vaga-para-coordenador-de-curso-tecnico-de-biblioteconomia-em-dourados-ms","status":"publish","type":"post","link":"https:\/\/mundobibliotecario.com.br\/index.php\/2012\/06\/07\/vaga-para-coordenador-de-curso-tecnico-de-biblioteconomia-em-dourados-ms\/","title":{"rendered":"Vaga para Coordenador de Curso T\u00e9cnico de Biblioteconomia em Dourados (MS)"},"content":{"rendered":"<p>Ol\u00e1,<\/p>\n<p>Cordialmente procuro senhor (a) pedindo gentilmente que divulgue a quem<br \/>\npossa interessar, que a Escola Estadual Castro Alves, situada em Dourados,<br \/>\nest\u00e1 disponibilizando a oportunidade de emprego para Profissional com<br \/>\nCurso Superior em Biblioteconomia para assumir a Coordena\u00e7\u00e3o T\u00e9cnica do<br \/>\nCurso T\u00e9cnico em Biblioteconomia (per\u00edodo noturno), com carga hor\u00e1ria<br \/>\nm\u00ednima de 20 horas que pode ser ampliada para 25 horas se houver<br \/>\ndisponibilidade do interessado. A remunera\u00e7\u00e3o inicial, j\u00e1 realizada as<br \/>\ndedu\u00e7\u00f5es legais, \u00e9 de R$ 1.400,00.<\/p>\n<p>Atenciosamente,<\/p>\n<p>Adriano C. Cabreira<br \/>\nDiretor Adjunto<\/p>\n<p>\u2013<br \/>\nEE. CASTRO ALVES<br \/>\nRUA CIRO MELO -1483<br \/>\nDOURADOS\/MS<br \/>\n(67)34213571 \u2013 3421-2678<\/p>\n","protected":false},"excerpt":{"rendered":"<p>Ol\u00e1, Cordialmente procuro senhor (a) pedindo gentilmente que divulgue a quem possa interessar, que a Escola Estadual Castro Alves, situada em Dourados, est\u00e1 disponibilizando a oportunidade de emprego para Profissional com Curso Superior em Biblioteconomia para assumir a Coordena\u00e7\u00e3o T\u00e9cnica do Curso T\u00e9cnico em Biblioteconomia (per\u00edodo noturno), com carga hor\u00e1ria m\u00ednima de 20 horas que &#8230; <a title=\"Vaga para Coordenador de Curso T\u00e9cnico de Biblioteconomia em Dourados (MS)\" class=\"read-more\" href=\"https:\/\/mundobibliotecario.com.br\/index.php\/2012\/06\/07\/vaga-para-coordenador-de-curso-tecnico-de-biblioteconomia-em-dourados-ms\/\" aria-label=\"Read more about Vaga para Coordenador de Curso T\u00e9cnico de Biblioteconomia em Dourados (MS)\">Ler mais<\/a><\/p>\n","protected":false},"author":1,"featured_media":0,"comment_status":"open","ping_status":"open","sticky":false,"template":"","format":"standard","meta":{"_mi_skip_tracking":false,"_exactmetrics_sitenote_active":false,"_exactmetrics_sitenote_note":"","_exactmetrics_sitenote_category":0,"_jetpack_newsletter_access":"","footnotes":""},"categories":[195],"tags":[36,764],"class_list":["post-2602","post","type-post","status-publish","format-standard","hentry","category-emprego","tag-bibliotecario","tag-vaga"],"jetpack_featured_media_url":"","jetpack_sharing_enabled":true,"jetpack-related-posts":[{"id":3058,"url":"https:\/\/mundobibliotecario.com.br\/index.php\/2013\/04\/04\/vaga-para-biblioteconomia-2\/","url_meta":{"origin":2602,"position":0},"title":"Vaga para Biblioteconomia","author":"mundobibliotecario","date":"04\/04\/2013","format":false,"excerpt":"Sobre empresa Empresa na \u00e1rea de tecnologia da informa\u00e7\u00e3o trabalhando no ramo de treinamento, EAD, GED, manuten\u00e7\u00e3o de hardware, administra\u00e7\u00e3o de servidores, desenvolvimento de portais web. Empresa do setor Inform\u00e1tica, localizada em S\u00e3o Pedro da Aldeia - RJ, de porte Micro empresa (at\u00e9 30 funcion\u00e1rios) Sal\u00e1rio \u00c0 combinar Descri\u00e7\u00e3o \u00c1rea\u2026","rel":"","context":"Em &quot;Emprego&quot;","block_context":{"text":"Emprego","link":"https:\/\/mundobibliotecario.com.br\/index.php\/category\/emprego\/"},"img":{"alt_text":"","src":"","width":0,"height":0},"classes":[]},{"id":608,"url":"https:\/\/mundobibliotecario.com.br\/index.php\/2009\/05\/02\/vaga-para-estagiario\/","url_meta":{"origin":2602,"position":1},"title":"Vaga para estagi\u00e1rio","author":"mundobibliotecario","date":"02\/05\/2009","format":false,"excerpt":"A Personal Service Terceiriza\u00e7\u00e3o Ltda., situada \u00e0 R. Padre Teixeira, 2595, Centro, S\u00e3o Carlos, oferece vaga de est\u00e1gio para alunos do curso de Biblioteconomia. \u00a0 Atividades: - Organiza\u00e7\u00e3o de documenta\u00e7\u00e3o de funcion\u00e1rios ativos; - Organiza\u00e7\u00e3o de Arquivo morto; - Organiza\u00e7\u00e3o de documentos da empresa; - T\u00e9cnicas de Arquivo; - Determina\u00e7\u00e3o\u2026","rel":"","context":"Em &quot;Est\u00e1gio&quot;","block_context":{"text":"Est\u00e1gio","link":"https:\/\/mundobibliotecario.com.br\/index.php\/category\/estagio\/"},"img":{"alt_text":"","src":"","width":0,"height":0},"classes":[]},{"id":2967,"url":"https:\/\/mundobibliotecario.com.br\/index.php\/2013\/02\/27\/vaga-de-tutor-ead-para-o-curso-de-biblioteconomia-da-ucs\/","url_meta":{"origin":2602,"position":2},"title":"Vaga de Tutor EAD para o curso de Biblioteconomia da UCS","author":"mundobibliotecario","date":"27\/02\/2013","format":false,"excerpt":"Oportunidade para graduados em Biblioteconomia atuarem como tutores do curso de Biblioteconomia EAD da Universidade de Caxias do Sul (UCS). Interessados devem enviar curr\u00edculo aos cuidados de\u00a0Simone Souza\u00a0para o e-mail:simone.rsouza@yahoo.com.br","rel":"","context":"Em &quot;Emprego&quot;","block_context":{"text":"Emprego","link":"https:\/\/mundobibliotecario.com.br\/index.php\/category\/emprego\/"},"img":{"alt_text":"","src":"","width":0,"height":0},"classes":[]},{"id":1126,"url":"https:\/\/mundobibliotecario.com.br\/index.php\/2010\/02\/24\/estagio-biblioteconomia-senairio-claro\/","url_meta":{"origin":2602,"position":3},"title":"Est\u00e1gio Biblioteconomia &#8211; SENAI\/Rio Claro","author":"mundobibliotecario","date":"24\/02\/2010","format":false,"excerpt":"VAGA PARA ESTAGI\u00c1RIO O SENAI \u2013 Rio Claro oferece vaga de est\u00e1gio para alunos do curso de Biblioteconomia. Atividades: - Atendimento ao publico; Orienta\u00e7\u00e3o a Pesquisa Bibliogr\u00e1fica, Indexa\u00e7\u00e3o Local de realiza\u00e7\u00e3o: Biblioteca SENAI \"Manoel Jos\u00e9 Ferreira\" - Rio Claro Requisitos: Alunos a partir do 3\u00ba semestre do Curso de Biblioteconomia\u2026","rel":"","context":"Em &quot;Est\u00e1gio&quot;","block_context":{"text":"Est\u00e1gio","link":"https:\/\/mundobibliotecario.com.br\/index.php\/category\/estagio\/"},"img":{"alt_text":"","src":"","width":0,"height":0},"classes":[]},{"id":2887,"url":"https:\/\/mundobibliotecario.com.br\/index.php\/2013\/02\/18\/vaga-docente-temporario-de-biblioteconomia-na-uel\/","url_meta":{"origin":2602,"position":4},"title":"Vaga docente tempor\u00e1rio de Biblioteconomia na UEL","author":"mundobibliotecario","date":"18\/02\/2013","format":false,"excerpt":"O Departamento de Ci\u00eancia da Informa\u00e7\u00e3o da Universidade Estadual de Londrina - UEL est\u00e1 com inscri\u00e7\u00e3o aberta para teste seletivo para docente tempor\u00e1rio em\u00a040 horas para as disciplinas de Representa\u00e7\u00e3o Descritiva do curso de Biblioteconomia. O contrato \u00e9 por um ano com possibilidade de recondu\u00e7\u00e3o por mais um ano e\/ou\u2026","rel":"","context":"Em &quot;Emprego&quot;","block_context":{"text":"Emprego","link":"https:\/\/mundobibliotecario.com.br\/index.php\/category\/emprego\/"},"img":{"alt_text":"","src":"","width":0,"height":0},"classes":[]},{"id":1116,"url":"https:\/\/mundobibliotecario.com.br\/index.php\/2010\/02\/18\/professor-substituto-biblioteconomia-ufmt-campus-rondonopolis\/","url_meta":{"origin":2602,"position":5},"title":"Professor substituto Biblioteconomia UFMT &#8211; Campus Rondon\u00f3polis","author":"mundobibliotecario","date":"18\/02\/2010","format":false,"excerpt":"\u00a0Rondon\u00f3polis contrata professor para curso de Biblioteconomia \u00a0A Universidade Federal de Mato Grosso (UFMT) oferece uma vaga para professor substituto do Instituto de Ci\u00eancias Humanas e Sociais (ICHS), campus de Rondon\u00f3polis, nas \u00e1reas de Gest\u00e3o de Unidades e Servi\u00e7os de Informa\u00e7\u00e3o. Os candidatos devem ter gradua\u00e7\u00e3o Biblioteconomia, Administra\u00e7\u00e3o ou Ci\u00eancias\u2026","rel":"","context":"Em &quot;Concurso&quot;","block_context":{"text":"Concurso","link":"https:\/\/mundobibliotecario.com.br\/index.php\/category\/concurso\/"},"img":{"alt_text":"","src":"","width":0,"height":0},"classes":[]}],"jetpack_likes_enabled":true,"jetpack_shortlink":"https:\/\/wp.me\/pcbzwa-FY","_links":{"self":[{"href":"https:\/\/mundobibliotecario.com.br\/index.php\/wp-json\/wp\/v2\/posts\/2602","targetHints":{"allow":["GET"]}}],"collection":[{"href":"https:\/\/mundobibliotecario.com.br\/index.php\/wp-json\/wp\/v2\/posts"}],"about":[{"href":"https:\/\/mundobibliotecario.com.br\/index.php\/wp-json\/wp\/v2\/types\/post"}],"author":[{"embeddable":true,"href":"https:\/\/mundobibliotecario.com.br\/index.php\/wp-json\/wp\/v2\/users\/1"}],"replies":[{"embeddable":true,"href":"https:\/\/mundobibliotecario.com.br\/index.php\/wp-json\/wp\/v2\/comments?post=2602"}],"version-history":[{"count":0,"href":"https:\/\/mundobibliotecario.com.br\/index.php\/wp-json\/wp\/v2\/posts\/2602\/revisions"}],"wp:attachment":[{"href":"https:\/\/mundobibliotecario.com.br\/index.php\/wp-json\/wp\/v2\/media?parent=2602"}],"wp:term":[{"taxonomy":"category","embeddable":true,"href":"https:\/\/mundobibliotecario.com.br\/index.php\/wp-json\/wp\/v2\/categories?post=2602"},{"taxonomy":"post_tag","embeddable":true,"href":"https:\/\/mundobibliotecario.com.br\/index.php\/wp-json\/wp\/v2\/tags?post=2602"}],"curies":[{"name":"wp","href":"https:\/\/api.w.org\/{rel}","templated":true}]}}