{"id":2611,"date":"2012-06-09T17:01:34","date_gmt":"2012-06-09T20:01:34","guid":{"rendered":"http:\/\/mundobibliotecario.wordpress.com\/?p=2611"},"modified":"2012-06-09T17:01:34","modified_gmt":"2012-06-09T20:01:34","slug":"evento-o-direito-a-verdade-informacao-memoria-e-cidadania","status":"publish","type":"post","link":"https:\/\/mundobibliotecario.com.br\/index.php\/2012\/06\/09\/evento-o-direito-a-verdade-informacao-memoria-e-cidadania\/","title":{"rendered":"Evento &#8220;O Direito \u00e0 Verdade: Informa\u00e7\u00e3o, Mem\u00f3ria e Cidadania&#8221;"},"content":{"rendered":"<p><a href=\"http:\/\/mundobibliotecario.hospedagemdesites.ws\/wp-content\/uploads\/2012\/06\/image-1337625465509.jpg\"><img loading=\"lazy\" decoding=\"async\" class=\"aligncenter size-full wp-image-2612\" title=\"Image.1337625465509\" src=\"http:\/\/mundobibliotecario.hospedagemdesites.ws\/wp-content\/uploads\/2012\/06\/image-1337625465509.jpg\" alt=\"\" width=\"500\" height=\"705\" srcset=\"https:\/\/mundobibliotecario.com.br\/wp-content\/uploads\/2012\/06\/image-1337625465509.jpg 587w, https:\/\/mundobibliotecario.com.br\/wp-content\/uploads\/2012\/06\/image-1337625465509-213x300.jpg 213w\" sizes=\"auto, (max-width: 500px) 100vw, 500px\" \/><\/a><\/p>\n","protected":false},"excerpt":{"rendered":"","protected":false},"author":1,"featured_media":0,"comment_status":"open","ping_status":"open","sticky":false,"template":"","format":"standard","meta":{"_mi_skip_tracking":false,"_exactmetrics_sitenote_active":false,"_exactmetrics_sitenote_note":"","_exactmetrics_sitenote_category":0,"_jetpack_newsletter_access":"","footnotes":""},"categories":[27],"tags":[949,641,19,213],"class_list":["post-2611","post","type-post","status-publish","format-standard","hentry","category-eventos","tag-cidadania","tag-evento","tag-informacao","tag-memoria"],"jetpack_featured_media_url":"","jetpack_sharing_enabled":true,"jetpack-related-posts":[{"id":4905,"url":"https:\/\/mundobibliotecario.com.br\/index.php\/2012\/06\/09\/evento-o-direito-a-verdade-informacao-memoria-e-cidadania-2\/","url_meta":{"origin":2611,"position":0},"title":"Evento &quot;O Direito \u00e0 Verdade: Informa\u00e7\u00e3o, Mem\u00f3ria e Cidadania&quot;","author":"mundobibliotecario","date":"09\/06\/2012","format":false,"excerpt":"","rel":"","context":"Em &quot;Eventos&quot;","block_context":{"text":"Eventos","link":"https:\/\/mundobibliotecario.com.br\/index.php\/category\/eventos\/"},"img":{"alt_text":"","src":"https:\/\/mundobibliotecario.files.wordpress.com\/2012\/06\/image-1337625465509.jpg?w=350&h=200&crop=1","width":350,"height":200},"classes":[]},{"id":4907,"url":"https:\/\/mundobibliotecario.com.br\/index.php\/2012\/06\/09\/evento-o-direito-a-verdade-informacao-memoria-e-cidadania-2-2\/","url_meta":{"origin":2611,"position":1},"title":"Evento &#034;O Direito \u00e0 Verdade: Informa\u00e7\u00e3o, Mem\u00f3ria e Cidadania&#034;","author":"mundobibliotecario","date":"09\/06\/2012","format":"image","excerpt":"","rel":"","context":"Em &quot;Eventos&quot;","block_context":{"text":"Eventos","link":"https:\/\/mundobibliotecario.com.br\/index.php\/category\/eventos\/"},"img":{"alt_text":"","src":"https:\/\/mundobibliotecario.files.wordpress.com\/2012\/06\/image-1337625465509.jpg?w=350&h=200&crop=1","width":350,"height":200},"classes":[]},{"id":116,"url":"https:\/\/mundobibliotecario.com.br\/index.php\/2008\/10\/17\/i-seminario-memoria-e-informacao-nas-instituicoes\/","url_meta":{"origin":2611,"position":2},"title":"I Semin\u00e1rio &#8220;Mem\u00f3ria e Informa\u00e7\u00e3o nas Institui\u00e7\u00f5es&#8221;","author":"mundobibliotecario","date":"17\/10\/2008","format":false,"excerpt":"O I Semin\u00e1rio \"Mem\u00f3ria e Informa\u00e7\u00e3o nas Institui\u00e7\u00f5es'' est\u00e1 sendo promovido pelo centro de pesquisa e mem\u00f3ria do Teatro - Galp\u00e3o Cine Horto em parceria com a REMIG (Rede Mem\u00f3ria das Institui\u00e7\u00f5es de Minas Gerais). A ficha de inscri\u00e7\u00e3o encontra-se dispon\u00edvel para download no site do Teatro - Galp\u00e3o Cine\u2026","rel":"","context":"Em &quot;Eventos&quot;","block_context":{"text":"Eventos","link":"https:\/\/mundobibliotecario.com.br\/index.php\/category\/eventos\/"},"img":{"alt_text":"","src":"https:\/\/i0.wp.com\/mundobibliotecario.hospedagemdesites.ws\/wp-content\/uploads\/2008\/10\/flyer_web2.jpg?resize=350%2C200","width":350,"height":200},"classes":[]},{"id":588,"url":"https:\/\/mundobibliotecario.com.br\/index.php\/2009\/04\/29\/encontros-sesc-memoria\/","url_meta":{"origin":2611,"position":3},"title":"Encontros SESC Mem\u00f3ria","author":"mundobibliotecario","date":"29\/04\/2009","format":false,"excerpt":"Dia 30 de abril, quinta-feira, das 16h \u00e0s 18h Tema: Arquiv\u00edstica e Organiza\u00e7\u00e3o da Informa\u00e7\u00e3o Palestrante: Johanna Smit Mestre em Documenta\u00e7\u00e3o pela \u00c9cole Pratique des Hautes \u00c9tudes (Fran\u00e7a) e doutora em An\u00e1lise do Discurso pela Universidade de Paris-I. Leciona na Universidade de S\u00e3o Paulo desde 1981. Possui experi\u00eancia em elabora\u00e7\u00e3o\u2026","rel":"","context":"Em &quot;Eventos&quot;","block_context":{"text":"Eventos","link":"https:\/\/mundobibliotecario.com.br\/index.php\/category\/eventos\/"},"img":{"alt_text":"","src":"","width":0,"height":0},"classes":[]},{"id":4831,"url":"https:\/\/mundobibliotecario.com.br\/index.php\/2008\/10\/17\/i-seminario-memoria-e-informacao-nas-instituicoes-2\/","url_meta":{"origin":2611,"position":4},"title":"I Semin\u00e1rio &quot;Mem\u00f3ria e Informa\u00e7\u00e3o nas Institui\u00e7\u00f5es&#039;&#039;","author":"mundobibliotecario","date":"17\/10\/2008","format":false,"excerpt":"O I Semin\u00e1rio \"Mem\u00f3ria e Informa\u00e7\u00e3o nas Institui\u00e7\u00f5es'' est\u00e1 sendo promovido pelo centro de pesquisa e mem\u00f3ria do Teatro - Galp\u00e3o Cine Horto em parceria com a REMIG (Rede Mem\u00f3ria das Institui\u00e7\u00f5es de Minas Gerais). A ficha de inscri\u00e7\u00e3o encontra-se dispon\u00edvel para download no site do Teatro - Galp\u00e3o Cine\u2026","rel":"","context":"Em &quot;Eventos&quot;","block_context":{"text":"Eventos","link":"https:\/\/mundobibliotecario.com.br\/index.php\/category\/eventos\/"},"img":{"alt_text":"","src":"https:\/\/mundobibliotecario.files.wordpress.com\/2008\/10\/flyer_web2.jpg?w=350&h=200&crop=1","width":350,"height":200},"classes":[]},{"id":4832,"url":"https:\/\/mundobibliotecario.com.br\/index.php\/2008\/10\/17\/i-seminario-memoria-e-informacao-nas-instituicoes-2-2\/","url_meta":{"origin":2611,"position":5},"title":"I Semin\u00e1rio &#034;Mem\u00f3ria e Informa\u00e7\u00e3o nas Institui\u00e7\u00f5es&#039;&#039;","author":"mundobibliotecario","date":"17\/10\/2008","format":false,"excerpt":"O I Semin\u00e1rio \"Mem\u00f3ria e Informa\u00e7\u00e3o nas Institui\u00e7\u00f5es'' est\u00e1 sendo promovido pelo centro de pesquisa e mem\u00f3ria do Teatro - Galp\u00e3o Cine Horto em parceria com a REMIG (Rede Mem\u00f3ria das Institui\u00e7\u00f5es de Minas Gerais). A ficha de inscri\u00e7\u00e3o encontra-se dispon\u00edvel para download no site do Teatro - Galp\u00e3o Cine\u2026","rel":"","context":"Em &quot;Eventos&quot;","block_context":{"text":"Eventos","link":"https:\/\/mundobibliotecario.com.br\/index.php\/category\/eventos\/"},"img":{"alt_text":"","src":"https:\/\/mundobibliotecario.files.wordpress.com\/2008\/10\/flyer_web2.jpg?w=350&h=200&crop=1","width":350,"height":200},"classes":[]}],"jetpack_likes_enabled":true,"jetpack_shortlink":"https:\/\/wp.me\/pcbzwa-G7","_links":{"self":[{"href":"https:\/\/mundobibliotecario.com.br\/index.php\/wp-json\/wp\/v2\/posts\/2611","targetHints":{"allow":["GET"]}}],"collection":[{"href":"https:\/\/mundobibliotecario.com.br\/index.php\/wp-json\/wp\/v2\/posts"}],"about":[{"href":"https:\/\/mundobibliotecario.com.br\/index.php\/wp-json\/wp\/v2\/types\/post"}],"author":[{"embeddable":true,"href":"https:\/\/mundobibliotecario.com.br\/index.php\/wp-json\/wp\/v2\/users\/1"}],"replies":[{"embeddable":true,"href":"https:\/\/mundobibliotecario.com.br\/index.php\/wp-json\/wp\/v2\/comments?post=2611"}],"version-history":[{"count":0,"href":"https:\/\/mundobibliotecario.com.br\/index.php\/wp-json\/wp\/v2\/posts\/2611\/revisions"}],"wp:attachment":[{"href":"https:\/\/mundobibliotecario.com.br\/index.php\/wp-json\/wp\/v2\/media?parent=2611"}],"wp:term":[{"taxonomy":"category","embeddable":true,"href":"https:\/\/mundobibliotecario.com.br\/index.php\/wp-json\/wp\/v2\/categories?post=2611"},{"taxonomy":"post_tag","embeddable":true,"href":"https:\/\/mundobibliotecario.com.br\/index.php\/wp-json\/wp\/v2\/tags?post=2611"}],"curies":[{"name":"wp","href":"https:\/\/api.w.org\/{rel}","templated":true}]}}