{"id":2615,"date":"2012-06-15T21:34:35","date_gmt":"2012-06-16T00:34:35","guid":{"rendered":"http:\/\/mundobibliotecario.wordpress.com\/?p=2615"},"modified":"2020-07-18T18:47:45","modified_gmt":"2020-07-18T21:47:45","slug":"i-encontro-de-informacao-para-pesquisa-cientifica","status":"publish","type":"post","link":"https:\/\/mundobibliotecario.com.br\/index.php\/2012\/06\/15\/i-encontro-de-informacao-para-pesquisa-cientifica\/","title":{"rendered":"I Encontro de Informa\u00e7\u00e3o para Pesquisa Cient\u00edfica"},"content":{"rendered":"<p>Contribui\u00e7\u00e3o de\u00a0Fabiana M. A. G. Pinto, da\u00a0Superintend\u00eancia de Documenta\u00e7\u00e3o da Biblioteca da Escola de Enfermagem da\u00a0Universidade Federal Fluminense.<\/p>\n<p style=\"text-align:center;\">***<\/p>\n<p><span style=\"color:#000000;font-family:Verdana, Helvetica, Arial, sans-serif;font-size:small;\"><span style=\"font-family:Arial;font-size:small;\">A Biblioteca da Escola de Enfermagem (BENF), da Universidade Federal Fluminense (UFF), realizar\u00e1 entre os dias 25 a 29 de junho, o\u00a0<strong><em>I Encontro de Informa\u00e7\u00e3o para Pesquisa Cient\u00edfica.\u00a0<\/em><\/strong><\/span><\/span>\u00a0O evento pretende abordar quet\u00f5es relevantes para estudantes, docentes e demais interessados em pesquisa cient\u00edfica, bem como divulgar ferramentas que auxiliam o processo de cria\u00e7\u00e3o e divulga\u00e7\u00e3o de trabalhos cient\u00edficos. Maiores informa\u00e7\u00f5es sobre o evento e sua programa\u00e7\u00e3o completa, acesse o blog:\u00a0<a href=\"http:\/\/bibliotecadaescoladeenfermagem-uff.blogspot.com.br\/\" target=\"_blank\" rel=\"noopener noreferrer\">http:\/\/bibliotecadaescoladeenfermagem-uff.blogspot.com.br\/<br \/>\n<\/a>\u00a0<span style=\"font-family:Arial;font-size:small;\">As vagas s\u00e3o limitadas, com inscri\u00e7\u00f5es gratuitas que poder\u00e3o ser feitas de 8 a 20 de junho. Informa\u00e7\u00f5es:<span style=\"font-family:'Times New Roman';font-size:medium;\">\u00a0<\/span><a href=\"http:\/\/mundobibliotecario.com.br\/index.php\/2012\/06\/15\/i-encontro-de-informacao-para-pesquisa-cientifica\/\">inscricoes_benf@vm.uff.br<\/a><\/span><\/p>\n<p>Acesse o folder de divulga\u00e7\u00e3o nos links abaixo!<\/p>\n<p><a href=\"http:\/\/mundobibliotecario.hospedagemdesites.ws\/wp-content\/uploads\/2012\/06\/i-encontro-de-informac3a7c3a3o-para-pesquisa-cientc3adfica_a32.pdf\">I ENCONTRO DE INFORMA\u00c7\u00c3O PARA PESQUISA CIENT\u00cdFICA_A3<\/a><\/p>\n<p><a href=\"http:\/\/mundobibliotecario.hospedagemdesites.ws\/wp-content\/uploads\/2012\/06\/folder_projeto-de-extensao_versc3a3ofinal.pdf\">Folder_Projeto de extensao_vers\u00e3ofinal<\/a><\/p>\n<p>&nbsp;<\/p>\n","protected":false},"excerpt":{"rendered":"<p>Contribui\u00e7\u00e3o de\u00a0Fabiana M. A. G. Pinto, da\u00a0Superintend\u00eancia de Documenta\u00e7\u00e3o da Biblioteca da Escola de Enfermagem da\u00a0Universidade Federal Fluminense. *** A Biblioteca da Escola de Enfermagem (BENF), da Universidade Federal Fluminense (UFF), realizar\u00e1 entre os dias 25 a 29 de junho, o\u00a0I Encontro de Informa\u00e7\u00e3o para Pesquisa Cient\u00edfica.\u00a0\u00a0O evento pretende abordar quet\u00f5es relevantes para estudantes, docentes &#8230; <a title=\"I Encontro de Informa\u00e7\u00e3o para Pesquisa Cient\u00edfica\" class=\"read-more\" href=\"https:\/\/mundobibliotecario.com.br\/index.php\/2012\/06\/15\/i-encontro-de-informacao-para-pesquisa-cientifica\/\" aria-label=\"Read more about I Encontro de Informa\u00e7\u00e3o para Pesquisa Cient\u00edfica\">Ler mais<\/a><\/p>\n","protected":false},"author":1,"featured_media":0,"comment_status":"open","ping_status":"open","sticky":false,"template":"","format":"standard","meta":{"_mi_skip_tracking":false,"_exactmetrics_sitenote_active":false,"_exactmetrics_sitenote_note":"","_exactmetrics_sitenote_category":0,"_jetpack_newsletter_access":"","footnotes":""},"categories":[27],"tags":[19,950],"class_list":["post-2615","post","type-post","status-publish","format-standard","hentry","category-eventos","tag-informacao","tag-pesquisa-cientifica"],"jetpack_featured_media_url":"","jetpack_sharing_enabled":true,"jetpack-related-posts":[{"id":3087,"url":"https:\/\/mundobibliotecario.com.br\/index.php\/2013\/04\/18\/inscricoes-abertas-para-a-ix-semana-a-pos-graduacao-da-eesc-na-biblioteca\/","url_meta":{"origin":2615,"position":0},"title":"Inscri\u00e7\u00f5es abertas para a IX Semana A P\u00f3s-Gradua\u00e7\u00e3o da EESC na Biblioteca","author":"mundobibliotecario","date":"18\/04\/2013","format":false,"excerpt":"A Escola de Engenharia de S\u00e3o Carlos (EESC) da USP realiza, entre os dias 23 e 25 de abril, a 9\u00aa Semana\u00a0A P\u00f3s-Gradua\u00e7\u00e3o da EESC na Biblioteca. O evento \u00e9 destinado aos alunos de p\u00f3s-gradua\u00e7\u00e3o da Escola, de outras unidades do campus e tamb\u00e9m de outras universidades e institui\u00e7\u00f5es. A\u2026","rel":"","context":"Em &quot;Eventos&quot;","block_context":{"text":"Eventos","link":"https:\/\/mundobibliotecario.com.br\/index.php\/category\/eventos\/"},"img":{"alt_text":"","src":"","width":0,"height":0},"classes":[]},{"id":3235,"url":"https:\/\/mundobibliotecario.com.br\/index.php\/2013\/09\/03\/editora-interciencia-lanca-livro-que-traz-passo-a-passo-de-como-desenvolver-uma-colecao-de-livros\/","url_meta":{"origin":2615,"position":1},"title":"Editora Interci\u00eancia lan\u00e7a livro que traz passo-a-passo de como desenvolver uma cole\u00e7\u00e3o de livros","author":"mundobibliotecario","date":"03\/09\/2013","format":false,"excerpt":"O livro \u201cElabora\u00e7\u00e3o de uma pol\u00edtica de desenvolvimento de cole\u00e7\u00f5es em bibliotecas universit\u00e1rias\u201d \u00e9 o produto de anota\u00e7\u00f5es de aulas da autora e professora Simone da Rocha Weitzel, que ao longo dos \u00faltimos dezesseis anos lecionou a disciplina \u201cForma\u00e7\u00e3o e Desenvolvimento de Cole\u00e7\u00f5es\u201d, na Escola de Biblioteconomia da Universidade Federal\u2026","rel":"","context":"Em &quot;Not\u00edcias&quot;","block_context":{"text":"Not\u00edcias","link":"https:\/\/mundobibliotecario.com.br\/index.php\/category\/noticias\/"},"img":{"alt_text":"","src":"https:\/\/mundobibliotecario.files.wordpress.com\/2013\/09\/elaborac3a7c3a3o-de-uma-politica-2c2aa-edic3a7c3a3o.jpg?w=350&h=200&crop=1","width":350,"height":200},"classes":[]},{"id":1593,"url":"https:\/\/mundobibliotecario.com.br\/index.php\/2010\/12\/01\/evento-no-brasil-debatera-plagio-e-integridade-cientifica\/","url_meta":{"origin":2615,"position":2},"title":"Evento no Brasil debater\u00e1 pl\u00e1gio e integridade cient\u00edfica","author":"mundobibliotecario","date":"01\/12\/2010","format":false,"excerpt":"Fonte: JC e-mail 4147, de 30 de Novembro de 2010. http:\/\/www.jornaldaciencia.org.br\/Detalhe.jsp?id=75016 Evento debater\u00e1 pl\u00e1gio e integridade cient\u00edfica Est\u00e3o abertas as inscri\u00e7\u00f5es para o First Brazilian Meeting on Research Integrity, Science and Publication Ethics (I Brispe), que acontecer\u00e1 entre os dias 10 e 16 de dezembro, em institui\u00e7\u00f5es do RJ e\u2026","rel":"","context":"Em &quot;Eventos&quot;","block_context":{"text":"Eventos","link":"https:\/\/mundobibliotecario.com.br\/index.php\/category\/eventos\/"},"img":{"alt_text":"","src":"","width":0,"height":0},"classes":[]},{"id":3254,"url":"https:\/\/mundobibliotecario.com.br\/index.php\/2013\/10\/04\/editora-interciencia-lanca-livro-sobre-gestao-da-informacao-na-perspectiva-do-usuario\/","url_meta":{"origin":2615,"position":3},"title":"Editora Interci\u00eancia lan\u00e7a livro sobre Gest\u00e3o da Informa\u00e7\u00e3o, na perspectiva do usu\u00e1rio","author":"mundobibliotecario","date":"04\/10\/2013","format":false,"excerpt":"O livro \u201cGest\u00e3o da Informa\u00e7\u00e3o na Perspectiva do Usu\u00e1rio\u201d, da autora Ana L\u00facia Ferreira Gon\u00e7alves, surge num momento em que, depois de um per\u00edodo de decr\u00e9scimo do n\u00famero de estudos de usu\u00e1rios, especialmente no Brasil, h\u00e1 que ser enfrentado, corajosamente, o volume incontrol\u00e1vel de informa\u00e7\u00f5es na Internet. Esse \"admir\u00e1vel mundo\u2026","rel":"","context":"Em &quot;Not\u00edcias&quot;","block_context":{"text":"Not\u00edcias","link":"https:\/\/mundobibliotecario.com.br\/index.php\/category\/noticias\/"},"img":{"alt_text":"","src":"","width":0,"height":0},"classes":[]},{"id":3839,"url":"https:\/\/mundobibliotecario.com.br\/index.php\/2015\/08\/26\/a-expansao-das-bibliotecas-digitais-e-virtuais\/","url_meta":{"origin":2615,"position":4},"title":"A expans\u00e3o das bibliotecas digitais e virtuais","author":"mundobibliotecario","date":"26\/08\/2015","format":false,"excerpt":"Rosaly Favero Krzyzanowski, coordenadora da BV-FAPESP, em palestra durante o evento (foto: Leandro Negro \/ Ag.FAPESP) 25 de agosto de 2015 Elton Alisson | Ag\u00eancia FAPESP \u2013 O n\u00famero de bibliotecas digitais e virtuais tem aumentado\u00a0nos \u00faltimos anos.\u00a0Uma das raz\u00f5es \u00e9 o surgimento de programas gratuitos, como o DSpace, o\u2026","rel":"","context":"Em &quot;Not\u00edcias&quot;","block_context":{"text":"Not\u00edcias","link":"https:\/\/mundobibliotecario.com.br\/index.php\/category\/noticias\/"},"img":{"alt_text":"","src":"","width":0,"height":0},"classes":[]},{"id":3451,"url":"https:\/\/mundobibliotecario.com.br\/index.php\/2014\/04\/11\/roda-de-conversa-sobre-a-fotografia-na-pesquisa-cientifica-aspectos-legais-normativos-e-artisticos\/","url_meta":{"origin":2615,"position":5},"title":"Roda de conversa sobre \u201cA fotografia na pesquisa cient\u00edfica: aspectos legais, normativos e art\u00edsticos\u201d","author":"mundobibliotecario","date":"11\/04\/2014","format":false,"excerpt":"Todas as informa\u00e7\u00f5es voc\u00ea encontra aqui:\u00a0http:\/\/www.contentmind.com.br\/cursos\/fotografia-na-pesquisa-cientifica\/ A fotografia tem sido utilizada na pesquisa cient\u00edfica para finalidades que v\u00e3o al\u00e9m do mero registro. Dentre suas aplica\u00e7\u00f5es, tem sido utilizada, por exemplo, como metodologia de pesquisa e suporte para a an\u00e1lise de dados. Por\u00e9m, enquanto\u00a0fonte de informa\u00e7\u00e3o, deve ser citada e referenciada\u2026","rel":"","context":"Em &quot;Eventos&quot;","block_context":{"text":"Eventos","link":"https:\/\/mundobibliotecario.com.br\/index.php\/category\/eventos\/"},"img":{"alt_text":"","src":"","width":0,"height":0},"classes":[]}],"jetpack_likes_enabled":true,"jetpack_shortlink":"https:\/\/wp.me\/pcbzwa-Gb","_links":{"self":[{"href":"https:\/\/mundobibliotecario.com.br\/index.php\/wp-json\/wp\/v2\/posts\/2615","targetHints":{"allow":["GET"]}}],"collection":[{"href":"https:\/\/mundobibliotecario.com.br\/index.php\/wp-json\/wp\/v2\/posts"}],"about":[{"href":"https:\/\/mundobibliotecario.com.br\/index.php\/wp-json\/wp\/v2\/types\/post"}],"author":[{"embeddable":true,"href":"https:\/\/mundobibliotecario.com.br\/index.php\/wp-json\/wp\/v2\/users\/1"}],"replies":[{"embeddable":true,"href":"https:\/\/mundobibliotecario.com.br\/index.php\/wp-json\/wp\/v2\/comments?post=2615"}],"version-history":[{"count":1,"href":"https:\/\/mundobibliotecario.com.br\/index.php\/wp-json\/wp\/v2\/posts\/2615\/revisions"}],"predecessor-version":[{"id":5776,"href":"https:\/\/mundobibliotecario.com.br\/index.php\/wp-json\/wp\/v2\/posts\/2615\/revisions\/5776"}],"wp:attachment":[{"href":"https:\/\/mundobibliotecario.com.br\/index.php\/wp-json\/wp\/v2\/media?parent=2615"}],"wp:term":[{"taxonomy":"category","embeddable":true,"href":"https:\/\/mundobibliotecario.com.br\/index.php\/wp-json\/wp\/v2\/categories?post=2615"},{"taxonomy":"post_tag","embeddable":true,"href":"https:\/\/mundobibliotecario.com.br\/index.php\/wp-json\/wp\/v2\/tags?post=2615"}],"curies":[{"name":"wp","href":"https:\/\/api.w.org\/{rel}","templated":true}]}}