{"id":2624,"date":"2012-06-21T19:55:40","date_gmt":"2012-06-21T22:55:40","guid":{"rendered":"http:\/\/mundobibliotecario.wordpress.com\/?p=2624"},"modified":"2020-07-21T23:25:51","modified_gmt":"2020-07-22T02:25:51","slug":"exposicao-na-biblioteca-florestan-fernandes-fflch-usp","status":"publish","type":"post","link":"https:\/\/mundobibliotecario.com.br\/index.php\/2012\/06\/21\/exposicao-na-biblioteca-florestan-fernandes-fflch-usp\/","title":{"rendered":"Exposi\u00e7\u00e3o na Biblioteca Florestan Fernandes &#8211; FFLCH-USP"},"content":{"rendered":"<p>A Biblioteca Florestan Fernandes da FFLCH-USP vem realizando exposi\u00e7\u00f5es em suas depend\u00eancias a respeito de literatura, hist\u00f3ria e outras \u00e1reas de conhecimento.<\/p>\n<p>Desta vez, a<strong>Biblioteca Florestan Fernandes<\/strong>, em parceria com o<strong>Instituto Martius-Staden<\/strong>, promove at\u00e9 o dia 18 de julho, a exposi\u00e7\u00e3o<strong><em>\u201cEmigra\u00e7\u00e3o ao Brasil pelo Sistema de Parceria\u201d<\/em><\/strong><em>,\u00a0<\/em>que conta a vinda de imigrantes alem\u00e3es e su\u00ed\u00e7os para trabalhar nas fazendas de caf\u00e9 em S\u00e3o Paulo.<\/p>\n<p>A exposi\u00e7\u00e3o foi complementada ainda com obras do acervo da Biblioteca que tratam do assunto, como livros, teses e artigos.<\/p>\n<p><strong>\u00a0<\/strong><strong>Sobre a exposi\u00e7\u00e3o:<\/strong><\/p>\n<p><strong>\u201cEmigra\u00e7\u00e3o ao Brasil pelo Sistema de Parceria\u201d<\/strong><\/p>\n<p><strong>E<\/strong>xposi\u00e7\u00e3o originalmente produzida para o acervo permanente do<em>BallinStadtAuswanderermuseum Hamburg, m<\/em>useu especializado em emigra\u00e7\u00e3o situado em Hamburgo, agora recebe uma vers\u00e3o em portugu\u00eas. A mostra foi feita pelo\u00a0<strong>Instituto Martius-Staden<\/strong>, em parceria com o pesquisador Jos\u00e9 Eduardo Heflinger Jr.<\/p>\n<p>Retrata o sistema de parcerias, promovido no s\u00e9culo XIX pelo Senador Nicolau Pereira de Campos Vergueiro da perspectiva da emigra\u00e7\u00e3o alem\u00e3.<\/p>\n<p>Tal sistema de parceria era baseado em um acordo: o imigrante concedia ao propriet\u00e1rio das terras uma parte da colheita para pagar os gastos de sua viagem para o Brasil. Este sistema foi utilizado durante o decl\u00ednio da utiliza\u00e7\u00e3o de m\u00e3o-de-obra escrava e trouxe ao pa\u00eds cerca de 50 mil imigrantes europeus. Al\u00e9m de retratar o cotidiano dos imigrantes alem\u00e3es e su\u00ed\u00e7os, a exposi\u00e7\u00e3o registra ainda a decad\u00eancia desse sistema de parceria que culminou em um novo sistema de contrata\u00e7\u00e3o por jornada de trabalho e a vinda dos imigrantes italianos.<\/p>\n<p>Assim, a exposi\u00e7\u00e3o mostra um pequeno panorama dos fatos hist\u00f3ricos da constru\u00e7\u00e3o do Estado de S\u00e3o Paulo.<\/p>\n<p><strong><span style=\"text-decoration:underline;\">\u00a0<\/span><\/strong><\/p>\n<p><strong><span style=\"text-decoration:underline;\">SERVI\u00c7O:<\/span><\/strong><\/p>\n<p><strong>Exposi\u00e7\u00e3o\u00a0\u201cEmigra\u00e7\u00e3o ao Brasil pelo Sistema de Parceria\u201d<\/strong><\/p>\n<p>Av Prof. Lineu Prestes \u2013 travessa 12, n\u00ba 350<\/p>\n<p>Cidade Ubniversit\u00e1ria \u2013 S\u00e3o Paulo<\/p>\n<p><strong>Data: 18 de junho a 18 de julho de 2012<\/strong><\/p>\n<p><strong>Hor\u00e1rio: Segunda a sexta-feira das 8:30 \u00e0s 22h<\/strong><\/p>\n<p><strong><span style=\"text-decoration:underline;\">ENTRADA GRATUITA<\/span><\/strong><\/p>\n<p><a href=\"http:\/\/mundobibliotecario.hospedagemdesites.ws\/wp-content\/uploads\/2012\/06\/image002.jpg\"><img loading=\"lazy\" decoding=\"async\" class=\"aligncenter size-full wp-image-2625\" title=\"image002\" src=\"http:\/\/mundobibliotecario.hospedagemdesites.ws\/wp-content\/uploads\/2012\/06\/image002.jpg\" alt=\"\" width=\"500\" height=\"704\" srcset=\"https:\/\/mundobibliotecario.com.br\/wp-content\/uploads\/2012\/06\/image002.jpg 629w, https:\/\/mundobibliotecario.com.br\/wp-content\/uploads\/2012\/06\/image002-213x300.jpg 213w\" sizes=\"auto, (max-width: 500px) 100vw, 500px\" \/><\/a><\/p>\n","protected":false},"excerpt":{"rendered":"<p>A Biblioteca Florestan Fernandes da FFLCH-USP vem realizando exposi\u00e7\u00f5es em suas depend\u00eancias a respeito de literatura, hist\u00f3ria e outras \u00e1reas de conhecimento. Desta vez, aBiblioteca Florestan Fernandes, em parceria com oInstituto Martius-Staden, promove at\u00e9 o dia 18 de julho, a exposi\u00e7\u00e3o\u201cEmigra\u00e7\u00e3o ao Brasil pelo Sistema de Parceria\u201d,\u00a0que conta a vinda de imigrantes alem\u00e3es e su\u00ed\u00e7os &#8230; <a title=\"Exposi\u00e7\u00e3o na Biblioteca Florestan Fernandes &#8211; FFLCH-USP\" class=\"read-more\" href=\"https:\/\/mundobibliotecario.com.br\/index.php\/2012\/06\/21\/exposicao-na-biblioteca-florestan-fernandes-fflch-usp\/\" aria-label=\"Read more about Exposi\u00e7\u00e3o na Biblioteca Florestan Fernandes &#8211; FFLCH-USP\">Ler mais<\/a><\/p>\n","protected":false},"author":1,"featured_media":0,"comment_status":"open","ping_status":"open","sticky":false,"template":"","format":"standard","meta":{"_mi_skip_tracking":false,"_exactmetrics_sitenote_active":false,"_exactmetrics_sitenote_note":"","_exactmetrics_sitenote_category":0,"_jetpack_newsletter_access":"","footnotes":""},"categories":[27],"tags":[952,699,338,953],"class_list":["post-2624","post","type-post","status-publish","format-standard","hentry","category-eventos","tag-biblioteca-florestan-fernandes","tag-exposicao","tag-fflch-usp","tag-imigracao"],"jetpack_featured_media_url":"","jetpack_sharing_enabled":true,"jetpack-related-posts":[{"id":1159,"url":"https:\/\/mundobibliotecario.com.br\/index.php\/2010\/03\/12\/dia-do-bibiliotecario-em-sao-carlos\/","url_meta":{"origin":2624,"position":0},"title":"Dia do Bibliotec\u00e1rio em S\u00e3o Carlos","author":"mundobibliotecario","date":"12\/03\/2010","format":false,"excerpt":"As comera\u00e7\u00f5es do Dia do Bibliotec\u00e1rio em um dos munic\u00edpios mais tradicionais no ensino da Biblioteconomia, S\u00e3o Carlos, v\u00e3o agitar a cidade neste 12 de mar\u00e7o de 2010! Confira! ************************************************************ 11\/03\/2010 \u00e0s 09:54h | Reda\u00e7\u00e3o S\u00e3o Carlos Agora C\u00e2mara Municipal comemora Dia do Bibliotec\u00e1rio nesta sexta-feira A C\u00e2mara Municipal de\u2026","rel":"","context":"Em &quot;Not\u00edcias&quot;","block_context":{"text":"Not\u00edcias","link":"https:\/\/mundobibliotecario.com.br\/index.php\/category\/noticias\/"},"img":{"alt_text":"","src":"","width":0,"height":0},"classes":[]},{"id":974,"url":"https:\/\/mundobibliotecario.com.br\/index.php\/2009\/11\/08\/biblioteconomia-evento-comemora-os-50-anos-do-curso-em-sao-carlos\/","url_meta":{"origin":2624,"position":1},"title":"Biblioteconomia &#8211; Evento comemora os 50 anos do curso em S\u00e3o Carlos","author":"mundobibliotecario","date":"08\/11\/2009","format":false,"excerpt":"06\/11\/2009 - 14:49 Entre os dias 9 e 14 de novembro, a UFSCar realiza a IV Semana de Biblioteconomia e Ci\u00eancia da Informa\u00e7\u00e3o. O evento \u00e9 organizado por alunos e pela coordena\u00e7\u00e3o do curso de Biblioteconomia da UFSCar e conta com o apoio do Departamento de Ci\u00eancia da Informa\u00e7\u00e3o (DCI)\u2026","rel":"","context":"Em &quot;Eventos&quot;","block_context":{"text":"Eventos","link":"https:\/\/mundobibliotecario.com.br\/index.php\/category\/eventos\/"},"img":{"alt_text":"","src":"","width":0,"height":0},"classes":[]},{"id":549,"url":"https:\/\/mundobibliotecario.com.br\/index.php\/2009\/04\/24\/revista-usp-chega-aos-20-anos\/","url_meta":{"origin":2624,"position":2},"title":"Revista USP chega aos 20 anos","author":"mundobibliotecario","date":"24\/04\/2009","format":false,"excerpt":"8\/4\/2009 Ag\u00eancia FAPESP \u2013 A nova edi\u00e7\u00e3o da Revista USP, de n\u00famero 80, marca os 20 anos da publica\u00e7\u00e3o da Universidade de S\u00e3o Paulo. O tema \u00e9 \u201cBibliotecas Digitais\/Bibliotecas Virtuais\u201d. A nova biblioteca: o papel e o digital, de Eliana de Azevedo Marques, do Sistema Integrado de Bibliotecas da USP,\u2026","rel":"","context":"Em &quot;Not\u00edcias&quot;","block_context":{"text":"Not\u00edcias","link":"https:\/\/mundobibliotecario.com.br\/index.php\/category\/noticias\/"},"img":{"alt_text":"","src":"","width":0,"height":0},"classes":[]},{"id":7788,"url":"https:\/\/mundobibliotecario.com.br\/index.php\/2020\/08\/16\/biblioteca-comunitaria-da-ufscar-comemora-25-anos-com-evento-online\/","url_meta":{"origin":2624,"position":3},"title":"Biblioteca Comunit\u00e1ria da UFSCar comemora 25 anos com evento online","author":"mundobibliotecario","date":"16\/08\/2020","format":false,"excerpt":"Cr\u00e9dito: Divulga\u00e7\u00e3o No dia 17 de agosto de 1995, foi inaugurada e entrou em funcionamento a Biblioteca Comunit\u00e1ria (BCo) da Universidade Federal de S\u00e3o Carlos (UFSCar). Instalada em um complexo com 9 mil m\u00b2 - onde se localiza, al\u00e9m da pr\u00f3pria Biblioteca, o Teatro Universit\u00e1rio Florestan Fernandes, os Audit\u00f3rios da\u2026","rel":"","context":"Em &quot;Not\u00edcias&quot;","block_context":{"text":"Not\u00edcias","link":"https:\/\/mundobibliotecario.com.br\/index.php\/category\/noticias\/"},"img":{"alt_text":"","src":"","width":0,"height":0},"classes":[]},{"id":3572,"url":"https:\/\/mundobibliotecario.com.br\/index.php\/2014\/09\/11\/evento-no-icmc-marca-40-anos-da-biblioteca-achille-bassi\/","url_meta":{"origin":2624,"position":4},"title":"Evento no ICMC marca 40 anos da Biblioteca Achille Bassi","author":"mundobibliotecario","date":"11\/09\/2014","format":false,"excerpt":"Palestra, homenagem e exposi\u00e7\u00e3o fazem parte da comemora\u00e7\u00e3o dos 40 anos de uma das maiores bibliotecas do pa\u00eds na \u00e1rea de matem\u00e1tica \u00a0 Biblioteca possui hoje o terceiro maior acervo do pa\u00eds na \u00e1rea de matem\u00e1tica A hist\u00f3ria do terceiro maior acervo do Brasil na \u00e1rea de matem\u00e1tica come\u00e7ou a\u2026","rel":"","context":"Em &quot;Eventos&quot;","block_context":{"text":"Eventos","link":"https:\/\/mundobibliotecario.com.br\/index.php\/category\/eventos\/"},"img":{"alt_text":"","src":"https:\/\/images-blogger-opensocial.googleusercontent.com\/gadgets\/proxy?url=http%3A%2F%2F1.bp.blogspot.com%2F-bXzTP9sLDy8%2FVA4Hr0J66uI%2FAAAAAAAACGg%2FdUbmjZuK7Q4%2Fs1600%2FICMC-54.jpg&container=blogger&gadget=a&rewriteMime=image%2F*","width":350,"height":200},"classes":[]},{"id":511,"url":"https:\/\/mundobibliotecario.com.br\/index.php\/2009\/03\/29\/511\/","url_meta":{"origin":2624,"position":5},"title":"Bolsas de pesquisa em Portugal em arquivos, bibliotecas ou centros de mem\u00f3ria e documenta\u00e7\u00e3o","author":"mundobibliotecario","date":"29\/03\/2009","format":false,"excerpt":"23\/3\/2009 Ag\u00eancia FAPESP - A C\u00e1tedra Jaime Cortes\u00e3o, da Faculdade de Filosofia, Letras e Ci\u00eancias Humanas (FFLCH) da Universidade de S\u00e3o Paulo, est\u00e1 oferecendo bolsas de est\u00e1gio de pesquisa em Portugal. As inscri\u00e7\u00f5es v\u00e3o at\u00e9 o dia 31 de mar\u00e7o. A c\u00e1tedra, criada em 1991, tem entre seus objetivos promover\u2026","rel":"","context":"Em &quot;Not\u00edcias&quot;","block_context":{"text":"Not\u00edcias","link":"https:\/\/mundobibliotecario.com.br\/index.php\/category\/noticias\/"},"img":{"alt_text":"","src":"","width":0,"height":0},"classes":[]}],"jetpack_likes_enabled":true,"jetpack_shortlink":"https:\/\/wp.me\/pcbzwa-Gk","_links":{"self":[{"href":"https:\/\/mundobibliotecario.com.br\/index.php\/wp-json\/wp\/v2\/posts\/2624","targetHints":{"allow":["GET"]}}],"collection":[{"href":"https:\/\/mundobibliotecario.com.br\/index.php\/wp-json\/wp\/v2\/posts"}],"about":[{"href":"https:\/\/mundobibliotecario.com.br\/index.php\/wp-json\/wp\/v2\/types\/post"}],"author":[{"embeddable":true,"href":"https:\/\/mundobibliotecario.com.br\/index.php\/wp-json\/wp\/v2\/users\/1"}],"replies":[{"embeddable":true,"href":"https:\/\/mundobibliotecario.com.br\/index.php\/wp-json\/wp\/v2\/comments?post=2624"}],"version-history":[{"count":2,"href":"https:\/\/mundobibliotecario.com.br\/index.php\/wp-json\/wp\/v2\/posts\/2624\/revisions"}],"predecessor-version":[{"id":6814,"href":"https:\/\/mundobibliotecario.com.br\/index.php\/wp-json\/wp\/v2\/posts\/2624\/revisions\/6814"}],"wp:attachment":[{"href":"https:\/\/mundobibliotecario.com.br\/index.php\/wp-json\/wp\/v2\/media?parent=2624"}],"wp:term":[{"taxonomy":"category","embeddable":true,"href":"https:\/\/mundobibliotecario.com.br\/index.php\/wp-json\/wp\/v2\/categories?post=2624"},{"taxonomy":"post_tag","embeddable":true,"href":"https:\/\/mundobibliotecario.com.br\/index.php\/wp-json\/wp\/v2\/tags?post=2624"}],"curies":[{"name":"wp","href":"https:\/\/api.w.org\/{rel}","templated":true}]}}