{"id":2655,"date":"2012-07-16T21:20:49","date_gmt":"2012-07-17T00:20:49","guid":{"rendered":"http:\/\/mundobibliotecario.wordpress.com\/?p=2655"},"modified":"2012-07-16T21:20:49","modified_gmt":"2012-07-17T00:20:49","slug":"ladrao-de-obras-raras-age-de-dentro-de-presidio","status":"publish","type":"post","link":"https:\/\/mundobibliotecario.com.br\/index.php\/2012\/07\/16\/ladrao-de-obras-raras-age-de-dentro-de-presidio\/","title":{"rendered":"Ladr\u00e3o de obras raras age de dentro de pres\u00eddio"},"content":{"rendered":"<p>DIANA BRITO<br \/>\nMARCO ANT\u00d4NIO MARTINS<br \/>\nDO RIO<\/p>\n<p>De Bangu 2, em meio a 700 detentos, sob vigil\u00e2ncia e cercado por muros, um ladr\u00e3o incomum continua a praticar crimes, diz a Pol\u00edcia Federal.<\/p>\n<p>La\u00e9ssio Rodrigues de Oliveira, 39, tem em sua ficha roubos e furtos de obras raras em ao menos 14 institui\u00e7\u00f5es como bibliotecas e museus de S\u00e3o Paulo, Rio, Minas Gerais, Bahia e Pernambuco.<\/p>\n<p>Condenado a 12 anos, o ex-estudante de biblioteconomia est\u00e1 no pres\u00eddio Alfredo Tranjan, em Bangu, na zona oeste do Rio, desde 2007.<\/p>\n<p>No in\u00edcio, planejava e praticava as a\u00e7\u00f5es sozinho. Mas, desde 2005, ainda em liberdade, criou uma organiza\u00e7\u00e3o que, segundo a PF, continua a comandar. Uma vez preso, ele combinou os crimes pelo telefone celular, mas abandonou a pr\u00e1tica passando a usar cartas ou passar ordens por meio das visitas, diz a pol\u00edcia.<\/p>\n<p>As obras s\u00e3o, na maior parte, vendidas para colecionadores de Brasil, Argentina e Uruguai. Processos analisados na Justi\u00e7a Federal mostram que, por crime, Oliveira lucra cerca de R$ 500 mil.<\/p>\n<p>&#8220;Considero-o o maior assaltante de obras raras do pa\u00eds. Preso, conseguiu convencer muito bandido de que \u00e9 melhor furtar uma obra rara do que vender coca\u00edna&#8221;, diz o delegado F\u00e1bio Scliar, da Pol\u00edcia Federal no Rio.<\/p>\n<p>O primeiro furto ocorreu em 1998, na Biblioteca Nacional, no centro: 14 revistas e peri\u00f3dicos, entre elas a &#8220;Al Bazar Volante&#8221;, de m\u00fasica. Os furtos, de obras avaliadas em R$ 1,5 milh\u00e3o, duraram um ano. At\u00e9 hoje, o receptador n\u00e3o foi encontrado.<\/p>\n<p>Oliveira s\u00f3 admite ter praticado esses furtos. A pol\u00edcia acredita que h\u00e1 muito mais.<\/p>\n<p>Em 2004, iniciou est\u00e1gio na Biblioteca M\u00e1rio de Andrade, a maior biblioteca p\u00fablica de S\u00e3o Paulo. Chegou a ser preso por furto ap\u00f3s a den\u00fancia de um livreiro de uma feira do Bexiga (centro de SP).<\/p>\n<p>Em sua casa, foram achados 15 livros, 76 fotos e documentos atribu\u00eddos a Dom Pedro 2\u00ba. Apesar de ter sido detido em flagrante, ficou preso pouco mais de seis meses.<\/p>\n<p>Em 2005, voltou a frequentar a faculdade. Segundo a pol\u00edcia, temendo a vigil\u00e2ncia, buscou uma parceira: Iwaloo Sakamoto. Ela coopta mulheres para o grupo, afirma o Minist\u00e9rio P\u00fablico Federal.<\/p>\n<p>Pouco antes do feriado de Corpus Christi, em 2006, Oliveira teria realizado o \u00faltimo levantamento pessoalmente: fotos de Augusto Malta, datadas do s\u00e9culo 19, do Arquivo Geral da Cidade, no Rio.<\/p>\n<p>Oliveira teve a pena reduzida a cinco anos, por bom comportamento e trabalho no c\u00e1rcere. Seu advogado n\u00e3o retornou os contatos da Folha. Iwaloo vive no interior paulista e n\u00e3o foi encontrada.<\/p>\n<p>Dispon\u00edvel em: &lt;<a href=\"http:\/\/www1.folha.uol.com.br\/cotidiano\/1120307-ladrao-de-obras-raras-age-de-dentro-de-presidio.shtml\">http:\/\/www1.folha.uol.com.br\/cotidiano\/1120307-ladrao-de-obras-raras-age-de-dentro-de-presidio.shtml<\/a>&gt;. Acesso em: 16 jul. 2012<\/p>\n","protected":false},"excerpt":{"rendered":"<p>DIANA BRITO MARCO ANT\u00d4NIO MARTINS DO RIO De Bangu 2, em meio a 700 detentos, sob vigil\u00e2ncia e cercado por muros, um ladr\u00e3o incomum continua a praticar crimes, diz a Pol\u00edcia Federal. La\u00e9ssio Rodrigues de Oliveira, 39, tem em sua ficha roubos e furtos de obras raras em ao menos 14 institui\u00e7\u00f5es como bibliotecas e &#8230; <a title=\"Ladr\u00e3o de obras raras age de dentro de pres\u00eddio\" class=\"read-more\" href=\"https:\/\/mundobibliotecario.com.br\/index.php\/2012\/07\/16\/ladrao-de-obras-raras-age-de-dentro-de-presidio\/\" aria-label=\"Read more about Ladr\u00e3o de obras raras age de dentro de pres\u00eddio\">Ler mais<\/a><\/p>\n","protected":false},"author":1,"featured_media":0,"comment_status":"open","ping_status":"open","sticky":false,"template":"","format":"standard","meta":{"_mi_skip_tracking":false,"_exactmetrics_sitenote_active":false,"_exactmetrics_sitenote_note":"","_exactmetrics_sitenote_category":0,"_jetpack_newsletter_access":"","footnotes":""},"categories":[60],"tags":[969,225],"class_list":["post-2655","post","type-post","status-publish","format-standard","hentry","category-noticias","tag-ladrao","tag-obras-raras"],"jetpack_featured_media_url":"","jetpack_sharing_enabled":true,"jetpack-related-posts":[{"id":3393,"url":"https:\/\/mundobibliotecario.com.br\/index.php\/2014\/01\/21\/publicacoes-raras-e-documentos-historicos-sao-alvos-de-quadrilhas\/","url_meta":{"origin":2655,"position":0},"title":"Publica\u00e7\u00f5es raras e documentos hist\u00f3ricos s\u00e3o alvos de quadrilhas","author":"mundobibliotecario","date":"21\/01\/2014","format":false,"excerpt":"Raquel Cozer, na\u00a0Folha de S.Paulo Acervos de livros raros nem sempre recebem do Estado a aten\u00e7\u00e3o devida, mas s\u00e3o mina de ouro para quem entende do assunto. A combina\u00e7\u00e3o desses fatores, descaso e valor, leva a crimes milion\u00e1rios. Exemplo not\u00f3rio disso ocorreu em 2012, quando o italiano Marino Massimo de\u2026","rel":"","context":"Em &quot;Not\u00edcias&quot;","block_context":{"text":"Not\u00edcias","link":"https:\/\/mundobibliotecario.com.br\/index.php\/category\/noticias\/"},"img":{"alt_text":"Editoria de Arte\/Folhapress","src":"https:\/\/i0.wp.com\/www.livrosepessoas.com\/wp-content\/uploads\/2014\/01\/1.gif?resize=350%2C200","width":350,"height":200},"classes":[]},{"id":4477,"url":"https:\/\/mundobibliotecario.com.br\/index.php\/2017\/02\/20\/crime-e-castigo-e-uma-das-obras-preferidas-de-detentos-de-presidios-federais\/","url_meta":{"origin":2655,"position":1},"title":"&#8220;Crime e Castigo&#8221; \u00e9 uma das obras preferidas de detentos de pres\u00eddios federais","author":"mundobibliotecario","date":"20\/02\/2017","format":false,"excerpt":"Os detentos do Sistema Penitenci\u00e1rio Federal s\u00e3o recompensados com quatro dias a menos da pena para cada livro que leem. E uma das obras mais lidas por eles \u00e9 Crime e Castigo. A obra, escrita pelo russo Fi\u00f3dor Dostoi\u00e9vski e publicada originalmente no s\u00e9culo 19, conta a hist\u00f3ria de um\u2026","rel":"","context":"Em &quot;Not\u00edcias&quot;","block_context":{"text":"Not\u00edcias","link":"https:\/\/mundobibliotecario.com.br\/index.php\/category\/noticias\/"},"img":{"alt_text":"","src":"","width":0,"height":0},"classes":[]},{"id":2854,"url":"https:\/\/mundobibliotecario.com.br\/index.php\/2013\/02\/08\/furto-de-obra-rara-da-biblioteca-da-ufrj-segue-sem-condenacao\/","url_meta":{"origin":2655,"position":2},"title":"Furto de obra rara da biblioteca da UFRJ segue sem condena\u00e7\u00e3o","author":"mundobibliotecario","date":"08\/02\/2013","format":false,"excerpt":"Um dos maiores patrim\u00f4nios culturais da Universidade Federal do Rio de Janeiro (UFRJ), a biblioteca da Escola de Belas Artes (EBA) conserva um rico acervo de obras raras, constitu\u00eddo, em grande parte, pelos livros que chegaram ao Brasil pelas m\u00e3os da Miss\u00e3o Art\u00edstica Francesa, trazida pelo rei dom Jo\u00e3o VI.\u2026","rel":"","context":"Em &quot;Not\u00edcias&quot;","block_context":{"text":"Not\u00edcias","link":"https:\/\/mundobibliotecario.com.br\/index.php\/category\/noticias\/"},"img":{"alt_text":"","src":"","width":0,"height":0},"classes":[]},{"id":2571,"url":"https:\/\/mundobibliotecario.com.br\/index.php\/2012\/05\/04\/inundacao-na-biblioteca-nacional-causou-danos-maiores-do-que-os-anunciados-pela-instituicao\/","url_meta":{"origin":2655,"position":3},"title":"Inunda\u00e7\u00e3o na Biblioteca Nacional causou danos maiores do que os anunciados pela institui\u00e7\u00e3o","author":"mundobibliotecario","date":"04\/05\/2012","format":false,"excerpt":"Vazamento de \u00e1gua aconteceu na quarta-feira e danificou obras e jornais a aconteceu na quarta-feira e danificou obras e jornais Andr\u00e9 Miranda Publicado: 3\/05\/12 - 23h00 Atualizado: 3\/05\/12 - 23h00 Envios por mail: 4 \u00a0 \u00a0 \u00a0 Peri\u00f3dicos pendurados em varais no pr\u00f3prio armaz\u00e9m Divulga\u00e7\u00e3o\u00a0 RIO - A inunda\u00e7\u00e3o na\u2026","rel":"","context":"Em &quot;Not\u00edcias&quot;","block_context":{"text":"Not\u00edcias","link":"https:\/\/mundobibliotecario.com.br\/index.php\/category\/noticias\/"},"img":{"alt_text":"","src":"","width":0,"height":0},"classes":[]},{"id":3884,"url":"https:\/\/mundobibliotecario.com.br\/index.php\/2015\/09\/07\/g1-mostra-como-sao-conservados-e-restaurados-livros-eternos\/","url_meta":{"origin":2655,"position":4},"title":"G1 mostra como s\u00e3o conservados e restaurados livros &#039;eternos&#039;","author":"mundobibliotecario","date":"07\/09\/2015","format":false,"excerpt":"Biblioteca Nacional, no Rio, tem livros guardados em cofre. 'Livro das horas' e outras preciosidades possuem mais de 500 anos. [acesse aqui o v\u00eddeo dispon\u00edvel na not\u00edcia] A 17\u00aa Bienal do Livro do Rio, que ser\u00e1 aberta na pr\u00f3xima quinta-feira (3) no Riocentro, na Zona Oeste, contar\u00e1 com o lan\u00e7amento\u2026","rel":"","context":"Em &quot;Not\u00edcias&quot;","block_context":{"text":"Not\u00edcias","link":"https:\/\/mundobibliotecario.com.br\/index.php\/category\/noticias\/"},"img":{"alt_text":"Dois dos livros de horas que fazem parte do acervo da Biblioteca Nacional, no Rio de Janeiro. Cada um deles foi feito \u00c3\u00a0 m\u00c3\u00a3o por volta de 1460, na regi\u00c3\u00a3o de Flandres. (Foto: Cristina Boeckel\/ G1)","src":"https:\/\/i0.wp.com\/s2.glbimg.com\/6u-VgO47R9sugYmmdyPXKZsdhwM=\/620x465\/s.glbimg.com\/jo\/g1\/f\/original\/2015\/08\/30\/galeria1.jpg?resize=350%2C200","width":350,"height":200},"classes":[]},{"id":4929,"url":"https:\/\/mundobibliotecario.com.br\/index.php\/2015\/09\/07\/g1-mostra-como-sao-conservados-e-restaurados-livros-eternos-2\/","url_meta":{"origin":2655,"position":5},"title":"G1 mostra como s\u00e3o conservados e restaurados livros &#8216;eternos&#8217;","author":"mundobibliotecario","date":"07\/09\/2015","format":false,"excerpt":"Biblioteca Nacional, no Rio, tem livros guardados em cofre. 'Livro das horas' e outras preciosidades possuem mais de 500 anos. [acesse aqui o v\u00eddeo dispon\u00edvel na not\u00edcia] A 17\u00aa Bienal do Livro do Rio, que ser\u00e1 aberta na pr\u00f3xima quinta-feira (3) no Riocentro, na Zona Oeste, contar\u00e1 com o lan\u00e7amento\u2026","rel":"","context":"Em &quot;Not\u00edcias&quot;","block_context":{"text":"Not\u00edcias","link":"https:\/\/mundobibliotecario.com.br\/index.php\/category\/noticias\/"},"img":{"alt_text":"Dois dos livros de horas que fazem parte do acervo da Biblioteca Nacional, no Rio de Janeiro. Cada um deles foi feito \u00c3\u00a0 m\u00c3\u00a3o por volta de 1460, na regi\u00c3\u00a3o de Flandres. (Foto: Cristina Boeckel\/ G1)","src":"https:\/\/i0.wp.com\/s2.glbimg.com\/6u-VgO47R9sugYmmdyPXKZsdhwM=\/620x465\/s.glbimg.com\/jo\/g1\/f\/original\/2015\/08\/30\/galeria1.jpg?resize=350%2C200","width":350,"height":200},"classes":[]}],"jetpack_likes_enabled":true,"jetpack_shortlink":"https:\/\/wp.me\/pcbzwa-GP","_links":{"self":[{"href":"https:\/\/mundobibliotecario.com.br\/index.php\/wp-json\/wp\/v2\/posts\/2655","targetHints":{"allow":["GET"]}}],"collection":[{"href":"https:\/\/mundobibliotecario.com.br\/index.php\/wp-json\/wp\/v2\/posts"}],"about":[{"href":"https:\/\/mundobibliotecario.com.br\/index.php\/wp-json\/wp\/v2\/types\/post"}],"author":[{"embeddable":true,"href":"https:\/\/mundobibliotecario.com.br\/index.php\/wp-json\/wp\/v2\/users\/1"}],"replies":[{"embeddable":true,"href":"https:\/\/mundobibliotecario.com.br\/index.php\/wp-json\/wp\/v2\/comments?post=2655"}],"version-history":[{"count":0,"href":"https:\/\/mundobibliotecario.com.br\/index.php\/wp-json\/wp\/v2\/posts\/2655\/revisions"}],"wp:attachment":[{"href":"https:\/\/mundobibliotecario.com.br\/index.php\/wp-json\/wp\/v2\/media?parent=2655"}],"wp:term":[{"taxonomy":"category","embeddable":true,"href":"https:\/\/mundobibliotecario.com.br\/index.php\/wp-json\/wp\/v2\/categories?post=2655"},{"taxonomy":"post_tag","embeddable":true,"href":"https:\/\/mundobibliotecario.com.br\/index.php\/wp-json\/wp\/v2\/tags?post=2655"}],"curies":[{"name":"wp","href":"https:\/\/api.w.org\/{rel}","templated":true}]}}