{"id":2712,"date":"2012-09-12T21:17:39","date_gmt":"2012-09-13T00:17:39","guid":{"rendered":"http:\/\/mundobibliotecario.wordpress.com\/?p=2712"},"modified":"2020-07-21T23:18:33","modified_gmt":"2020-07-22T02:18:33","slug":"eletrobiblioteca-o-livro-como-interface-homem-computador","status":"publish","type":"post","link":"https:\/\/mundobibliotecario.com.br\/index.php\/2012\/09\/12\/eletrobiblioteca-o-livro-como-interface-homem-computador\/","title":{"rendered":"Eletrobiblioteca: o livro como interface homem-computador"},"content":{"rendered":"<p>Criado por Waldek W\u0119grzyn na Academia de Belas Artes de Katowice, Pol\u00f4nica, \u201cEletrobiblioteca\u201d \u00e9 um projeto que conecta um livro personalizado em papel ao computador, utilizado aqui como interface para a leitura. O livro pode ser usado como qualquer outro livro normal, mas quando o leitor se conecta ao computador, atrav\u00e9s de USB, ao passar p\u00e1ginas, pode navegar atrav\u00e9s da p\u00e1gina web, obtendo informa\u00e7\u00e3o adicional, cita\u00e7\u00f5es, filmes e anima\u00e7\u00f5es para a p\u00e1gina atualmente aberta.<\/p>\n<p>O conte\u00fado do livro \u00e9 a tese de Waldek, a qual discute o livro como interface. O texto contem v\u00e1rias refer\u00eancias a trabalhos diferentes, mas a inspira\u00e7\u00e3o principal \u00e9 o manifesto \u201cA topografia da tipografia\u201d, publicado em 1923 pelo desenhador gr\u00e1fico Lissitzky, quem tamb\u00e9m influenciou no desenho do livro.<\/p>\n<p>Waldek utilizou uma placa de desenvolvimento teensy oculta na capa e um conjunto de circuitos feitos de pintura condutora impressa mediante serigrafia. Isso lhe permite detectar que p\u00e1gina est\u00e1 aberta, e tamb\u00e9m agregar elementos sens\u00edveis ao tato nas ilustra\u00e7\u00f5es. O livro emula um teclado e se comunica com c\u00f3digo javascript na p\u00e1gina web, sem necessidade de software adicional.<\/p>\n<p>&nbsp;<\/p>\n<div id=\"gallery-1\">\n<dl>\n<dt><\/dt>\n<\/dl>\n<dl>\n<dt><\/dt>\n<\/dl>\n<dl>\n<dt><\/dt>\n<\/dl>\n<p>&nbsp;<\/p>\n<dl>\n<dt><\/dt>\n<\/dl>\n<dl>\n<dt><\/dt>\n<\/dl>\n<dl>\n<dt><\/dt>\n<dt><\/dt>\n<dt>Dispon\u00edvel em: &lt;http:\/\/tecnoartenews.com\/esteticas-tecnologicas\/eletrobiblioteca-o-livro-como-interface-homem-computador\/&gt;. Acesso em: 12 set. 2012.<\/dt>\n<\/dl>\n<\/div>\n","protected":false},"excerpt":{"rendered":"<p>Criado por Waldek W\u0119grzyn na Academia de Belas Artes de Katowice, Pol\u00f4nica, \u201cEletrobiblioteca\u201d \u00e9 um projeto que conecta um livro personalizado em papel ao computador, utilizado aqui como interface para a leitura. O livro pode ser usado como qualquer outro livro normal, mas quando o leitor se conecta ao computador, atrav\u00e9s de USB, ao passar &#8230; <a title=\"Eletrobiblioteca: o livro como interface homem-computador\" class=\"read-more\" href=\"https:\/\/mundobibliotecario.com.br\/index.php\/2012\/09\/12\/eletrobiblioteca-o-livro-como-interface-homem-computador\/\" aria-label=\"Read more about Eletrobiblioteca: o livro como interface homem-computador\">Ler mais<\/a><\/p>\n","protected":false},"author":1,"featured_media":0,"comment_status":"open","ping_status":"open","sticky":false,"template":"","format":"standard","meta":{"_mi_skip_tracking":false,"_exactmetrics_sitenote_active":false,"_exactmetrics_sitenote_note":"","_exactmetrics_sitenote_category":0,"_jetpack_newsletter_access":"","footnotes":""},"categories":[60],"tags":[2,159],"class_list":["post-2712","post","type-post","status-publish","format-standard","hentry","category-noticias","tag-biblioteca","tag-tecnologia"],"jetpack_featured_media_url":"","jetpack_sharing_enabled":true,"jetpack-related-posts":[{"id":2218,"url":"https:\/\/mundobibliotecario.com.br\/index.php\/2011\/09\/23\/kindle-com-acesso-a-livros-de-bibliotecas-publicas\/","url_meta":{"origin":2712,"position":0},"title":"Kindle com acesso a livros de bibliotecas p\u00fablicas","author":"mundobibliotecario","date":"23\/09\/2011","format":false,"excerpt":"A Amazon passou a permitir a requisi\u00e7\u00e3o e leitura de livros de bibliotecas p\u00fablicas atrav\u00e9s do seu leitor de ebooks e aplica\u00e7\u00f5es para computadores e smartphones, anunciou ontem a empresa, num comunicado oficial. A novidade vem trazer uma nova dimens\u00e3o ao dispositivo, ao fornecer acesso gratuito \u00e0s obras em formato\u2026","rel":"","context":"Em &quot;Not\u00edcias&quot;","block_context":{"text":"Not\u00edcias","link":"https:\/\/mundobibliotecario.com.br\/index.php\/category\/noticias\/"},"img":{"alt_text":"","src":"","width":0,"height":0},"classes":[]},{"id":8268,"url":"https:\/\/mundobibliotecario.com.br\/index.php\/2021\/01\/04\/como-enviar-arquivos-para-seu-kindle-por-usb\/","url_meta":{"origin":2712,"position":1},"title":"Como enviar arquivos para seu Kindle por USB","author":"mundobibliotecario","date":"04\/01\/2021","format":false,"excerpt":"Ler livros em um Kindle proporciona uma experi\u00eancia focada exclusivamente em leitura, sendo bem diferente de ler livros em celulares ou tablets. Comprou um Kindle, mas n\u00e3o sabe como colocar livros nele? Um dos processos mais f\u00e1ceis \u00e9 baixar seus livros pelo PC e transferir os arquivos para o armazenamento\u2026","rel":"","context":"Em &quot;Not\u00edcias&quot;","block_context":{"text":"Not\u00edcias","link":"https:\/\/mundobibliotecario.com.br\/index.php\/category\/noticias\/"},"img":{"alt_text":"","src":"","width":0,"height":0},"classes":[]},{"id":3497,"url":"https:\/\/mundobibliotecario.com.br\/index.php\/2014\/06\/05\/acervo-online-reune-materiais-gratuitos-sobre-linguagens-sistemas-e-ciencias-da-computacao\/","url_meta":{"origin":2712,"position":2},"title":"Acervo online re\u00fane materiais gratuitos sobre linguagens, sistemas e ci\u00eancias da computa\u00e7\u00e3o","author":"mundobibliotecario","date":"05\/06\/2014","format":false,"excerpt":"hackNY \/ Flickr Interessados em\u00a0programa\u00e7\u00e3o, sistemas operacionais ou ci\u00eancias da computa\u00e7\u00e3o em geral j\u00e1 encontram uma vasta variedade de material de gra\u00e7a pela web. Mas um acervo central, que re\u00fana tudo em um lugar s\u00f3, ainda \u00e9 mais do que bem-vindo\u00a0\u2013 e \u00e9 justamente isso que faz\u00a0o site reSRC. A\u2026","rel":"","context":"Em &quot;Not\u00edcias&quot;","block_context":{"text":"Not\u00edcias","link":"https:\/\/mundobibliotecario.com.br\/index.php\/category\/noticias\/"},"img":{"alt_text":"","src":"","width":0,"height":0},"classes":[]},{"id":4068,"url":"https:\/\/mundobibliotecario.com.br\/index.php\/2015\/12\/14\/tecnica-ajuda-a-ler-ate-trinta-livros-por-ano\/","url_meta":{"origin":2712,"position":3},"title":"T\u00e9cnica ajuda a ler at\u00e9 trinta livros por ano","author":"mundobibliotecario","date":"14\/12\/2015","format":false,"excerpt":"Os livros s\u00e3o ferramentas essenciais para o nosso desenvolvimento intelectual, pois nos ajudam a acumular conhecimento, melhoram nosso vocabul\u00e1rio, deixam o texto mais coeso e bem escrito e ainda trabalham a mem\u00f3ria. Apesar disso, a maioria das pessoas n\u00e3o consegue manter um bom ritmo de leitura, seja por falta de\u2026","rel":"","context":"Em &quot;Not\u00edcias&quot;","block_context":{"text":"Not\u00edcias","link":"https:\/\/mundobibliotecario.com.br\/index.php\/category\/noticias\/"},"img":{"alt_text":"","src":"","width":0,"height":0},"classes":[]},{"id":4021,"url":"https:\/\/mundobibliotecario.com.br\/index.php\/2015\/10\/27\/redes-de-conhecimento-e-competencia-em-informacao-interfaces-da-gestao-mediacao-e-uso-da-informacao\/","url_meta":{"origin":2712,"position":4},"title":"REDES DE CONHECIMENTO E COMPET\u00caNCIA EM INFORMA\u00c7\u00c3O &#8211; Interfaces da Gest\u00e3o, Media\u00e7\u00e3o e Uso da Informa\u00e7\u00e3o","author":"mundobibliotecario","date":"27\/10\/2015","format":false,"excerpt":"Compartilhando lan\u00e7amento de livro. *** REDES DE CONHECIMENTO E COMPET\u00caNCIA EM INFORMA\u00c7\u00c3O - Interfaces da Gest\u00e3o, Media\u00e7\u00e3o e Uso da Informa\u00e7\u00e3o Regina C\u00e9lia Baptista Belluzzo, Gl\u00f3ria Georges Feres, Marta L\u00edgia Pomim Valentim (Organizadores) A edi\u00e7\u00e3o desta obra \u00e9 o resultado do esfor\u00e7o de pesquisadores brasileiros que\u00a0t\u00eam se empenhado em divulgar\u2026","rel":"","context":"Em &quot;Not\u00edcias&quot;","block_context":{"text":"Not\u00edcias","link":"https:\/\/mundobibliotecario.com.br\/index.php\/category\/noticias\/"},"img":{"alt_text":"","src":"","width":0,"height":0},"classes":[]},{"id":9179,"url":"https:\/\/mundobibliotecario.com.br\/index.php\/2021\/07\/19\/11-presentes-que-pais-leitores-vao-amar-tanto-quanto-livros\/","url_meta":{"origin":2712,"position":5},"title":"11 presentes que pais leitores v\u00e3o amar tanto quanto livros","author":"mundobibliotecario","date":"19\/07\/2021","format":false,"excerpt":"Se seu pai \u00e9 um leitor fan\u00e1tico, que tal presente\u00e1-lo no Dia dos Pais com um dos presentes abaixo ao inv\u00e9s de um novo livro? #1 Apoio de leitura livro e tablet Permite ler em um \u00e2ngulo correto e com inclina\u00e7\u00e3o ergon\u00f4mica adequada. Este suporte pode ser usado para livros\u2026","rel":"","context":"Em &quot;Not\u00edcias&quot;","block_context":{"text":"Not\u00edcias","link":"https:\/\/mundobibliotecario.com.br\/index.php\/category\/noticias\/"},"img":{"alt_text":"","src":"https:\/\/i0.wp.com\/mundobibliotecario.com.br\/wp-content\/uploads\/2021\/07\/estacao-carregamento.jpg?resize=350%2C200&ssl=1","width":350,"height":200},"classes":[]}],"jetpack_likes_enabled":true,"jetpack_shortlink":"https:\/\/wp.me\/pcbzwa-HK","_links":{"self":[{"href":"https:\/\/mundobibliotecario.com.br\/index.php\/wp-json\/wp\/v2\/posts\/2712","targetHints":{"allow":["GET"]}}],"collection":[{"href":"https:\/\/mundobibliotecario.com.br\/index.php\/wp-json\/wp\/v2\/posts"}],"about":[{"href":"https:\/\/mundobibliotecario.com.br\/index.php\/wp-json\/wp\/v2\/types\/post"}],"author":[{"embeddable":true,"href":"https:\/\/mundobibliotecario.com.br\/index.php\/wp-json\/wp\/v2\/users\/1"}],"replies":[{"embeddable":true,"href":"https:\/\/mundobibliotecario.com.br\/index.php\/wp-json\/wp\/v2\/comments?post=2712"}],"version-history":[{"count":15,"href":"https:\/\/mundobibliotecario.com.br\/index.php\/wp-json\/wp\/v2\/posts\/2712\/revisions"}],"predecessor-version":[{"id":6081,"href":"https:\/\/mundobibliotecario.com.br\/index.php\/wp-json\/wp\/v2\/posts\/2712\/revisions\/6081"}],"wp:attachment":[{"href":"https:\/\/mundobibliotecario.com.br\/index.php\/wp-json\/wp\/v2\/media?parent=2712"}],"wp:term":[{"taxonomy":"category","embeddable":true,"href":"https:\/\/mundobibliotecario.com.br\/index.php\/wp-json\/wp\/v2\/categories?post=2712"},{"taxonomy":"post_tag","embeddable":true,"href":"https:\/\/mundobibliotecario.com.br\/index.php\/wp-json\/wp\/v2\/tags?post=2712"}],"curies":[{"name":"wp","href":"https:\/\/api.w.org\/{rel}","templated":true}]}}