{"id":2718,"date":"2012-09-24T13:08:03","date_gmt":"2012-09-24T16:08:03","guid":{"rendered":"http:\/\/mundobibliotecario.wordpress.com\/?p=2718"},"modified":"2020-07-21T23:18:33","modified_gmt":"2020-07-22T02:18:33","slug":"roda-viva-recebe-robert-darnton","status":"publish","type":"post","link":"https:\/\/mundobibliotecario.com.br\/index.php\/2012\/09\/24\/roda-viva-recebe-robert-darnton\/","title":{"rendered":"Roda Viva recebe Robert Darnton"},"content":{"rendered":"<p>Historiador americano \u00e9 o convidado desta segunda-feira (24\/9), \u00e0s 22h na TV Cultura e no Portal cmais+.<\/p>\n<div>\n<p>O Roda Viva desta segunda-feira (24\/9) entrevista o escritor, historiador e presidente da biblioteca de Harvard, Robert Darnton. O programa in\u00e9dito vai ao ar \u00e0s 22h, na TV Cultura.<\/p>\n<p>No centro do Roda Viva, Darnton deve falar, entre outros assuntos, sobre o futuro do livro na era digital e o das bibliotecas.<\/p>\n<p>Apresentado pelo jornalista Mario Sergio Conti, o Roda Viva traz para a bancada de entrevistadores Beatriz Kushnir (doutora em Hist\u00f3ria pela Unicamp e diretora do arquivo geral da cidade do Rio de Janeiro); Paulo Werneck (editor do caderno Ilustr\u00edssima, do jornal Folha de S. Paulo), Lilia Schwarcz (historiadora e antrop\u00f3loga, professora titular de Antropologia da USP); e Cassiano Elek Machado (jornalista e editor).<\/p>\n<\/div>\n","protected":false},"excerpt":{"rendered":"<p>Historiador americano \u00e9 o convidado desta segunda-feira (24\/9), \u00e0s 22h na TV Cultura e no Portal cmais+. O Roda Viva desta segunda-feira (24\/9) entrevista o escritor, historiador e presidente da biblioteca de Harvard, Robert Darnton. O programa in\u00e9dito vai ao ar \u00e0s 22h, na TV Cultura. No centro do Roda Viva, Darnton deve falar, entre &#8230; <a title=\"Roda Viva recebe Robert Darnton\" class=\"read-more\" href=\"https:\/\/mundobibliotecario.com.br\/index.php\/2012\/09\/24\/roda-viva-recebe-robert-darnton\/\" aria-label=\"Read more about Roda Viva recebe Robert Darnton\">Ler mais<\/a><\/p>\n","protected":false},"author":1,"featured_media":0,"comment_status":"open","ping_status":"open","sticky":false,"template":"","format":"standard","meta":{"_mi_skip_tracking":false,"_exactmetrics_sitenote_active":false,"_exactmetrics_sitenote_note":"","_exactmetrics_sitenote_category":0,"_jetpack_newsletter_access":"","footnotes":""},"categories":[60],"tags":[2,993,994,995],"class_list":["post-2718","post","type-post","status-publish","format-standard","hentry","category-noticias","tag-biblioteca","tag-harvard","tag-robert-darnton","tag-roda-viva"],"jetpack_featured_media_url":"","jetpack_sharing_enabled":true,"jetpack-related-posts":[{"id":3054,"url":"https:\/\/mundobibliotecario.com.br\/index.php\/2013\/04\/04\/a-biblioteca-nacional-digital-americana-esta-no-ar\/","url_meta":{"origin":2718,"position":0},"title":"A Biblioteca Nacional Digital americana est\u00e1 no ar","author":"mundobibliotecario","date":"04\/04\/2013","format":false,"excerpt":"PublishNews - 03\/04\/2013 - Iona Teixeira Stevens \u00a0Projeto comandado por Robert Darnton ser\u00e1 lan\u00e7ado dia 18 \u00a0Robert Darnton, velho conhecido dos analistas sobre o futuro dos livros, anunciou no New York Review of Books o lan\u00e7amento da t\u00e3o aguardada e pol\u00eamica Biblioteca Digital, no dia 18 de abril. At\u00e9 l\u00e1,\u2026","rel":"","context":"Em &quot;Not\u00edcias&quot;","block_context":{"text":"Not\u00edcias","link":"https:\/\/mundobibliotecario.com.br\/index.php\/category\/noticias\/"},"img":{"alt_text":"","src":"","width":0,"height":0},"classes":[]},{"id":2938,"url":"https:\/\/mundobibliotecario.com.br\/index.php\/2013\/02\/25\/dos-enciclopedistas-aos-bibliotecarios\/","url_meta":{"origin":2718,"position":1},"title":"Dos enciclopedistas aos bibliotec\u00e1rios","author":"mundobibliotecario","date":"25\/02\/2013","format":false,"excerpt":"O iluminismo \u00e9 o principal tema de estudo do historiador americano Robert Darnton, 73, autor de v\u00e1rios t\u00edtulos sobre como a difus\u00e3o do conhecimento alimentou revolu\u00e7\u00f5es no s\u00e9culo 18. \u00c9 de certa forma inspirado nos ideais dos enciclopedistas que Darnton comanda ele tamb\u00e9m uma revolu\u00e7\u00e3o. Como diretor do imenso complexo\u2026","rel":"","context":"Em &quot;Not\u00edcias&quot;","block_context":{"text":"Not\u00edcias","link":"https:\/\/mundobibliotecario.com.br\/index.php\/category\/noticias\/"},"img":{"alt_text":"","src":"","width":0,"height":0},"classes":[]},{"id":4511,"url":"https:\/\/mundobibliotecario.com.br\/index.php\/2017\/04\/23\/doria-corta-funcionamento-24h-de-biblioteca-mario-de-andrade-no-centro-de-sp\/","url_meta":{"origin":2718,"position":2},"title":"Doria corta funcionamento 24h de biblioteca M\u00e1rio de Andrade, no Centro de SP","author":"mundobibliotecario","date":"23\/04\/2017","format":false,"excerpt":"\u00danica biblioteca p\u00fablica da cidade com funcionamento nas madrugadas voltar\u00e1 a ser fechada \u00e0 noite a partir de segunda-feira (24). Post no perfil da biblioteca informa o novo hor\u00e1rio de funcionamento (Foto: Reprodu\u00e7\u00e3o\/Facebook) A Prefeitura de S\u00e3o Paulo decidiu encerrar o funcionamento ininterrupto da biblioteca Mario de Andrade, a segunda\u2026","rel":"","context":"Em &quot;Not\u00edcias&quot;","block_context":{"text":"Not\u00edcias","link":"https:\/\/mundobibliotecario.com.br\/index.php\/category\/noticias\/"},"img":{"alt_text":"","src":"","width":0,"height":0},"classes":[]},{"id":1456,"url":"https:\/\/mundobibliotecario.com.br\/index.php\/2010\/09\/16\/peter-burke-no-brasil-com-transmissao-pela-net\/","url_meta":{"origin":2718,"position":3},"title":"Peter Burke no Brasil, com transmiss\u00e3o pela net","author":"mundobibliotecario","date":"16\/09\/2010","format":false,"excerpt":"Continua Viva a Rep\u00fablica das Letras? 16\/9\/2010 Dia 22\/9\/2010 Faltam 6 dias para o in\u00edcio do evento. Dura\u00e7\u00e3o: 1 dia Ag\u00eancia FAPESP \u2013 \u201cContinua Viva a Rep\u00fablica das Letras?\u201d ser\u00e1 o tema da confer\u00eancia do historiador Peter Burke, professor em\u00e9rito da Universidade de Cambridge (Reino Unido), no dia 22 de\u2026","rel":"","context":"Em &quot;Not\u00edcias&quot;","block_context":{"text":"Not\u00edcias","link":"https:\/\/mundobibliotecario.com.br\/index.php\/category\/noticias\/"},"img":{"alt_text":"","src":"","width":0,"height":0},"classes":[]},{"id":2946,"url":"https:\/\/mundobibliotecario.com.br\/index.php\/2013\/02\/25\/templo-do-livro-modelo-em-xeque\/","url_meta":{"origin":2718,"position":4},"title":"Templo do livro, modelo em xeque","author":"mundobibliotecario","date":"25\/02\/2013","format":false,"excerpt":"Bibliotec\u00e1rios do Reino Unido ficaram em polvorosa com uma recente declara\u00e7\u00e3o do escritor ingl\u00eas Terry Deary. Autor de obras infantis e juvenis, publicadas inclusive no Brasil, ele disse: \"As bibliotecas tiveram seu momento. Elas s\u00e3o uma ideia vitoriana e estamos na era digital. Ou mudam e se adaptam ou dever\u00e3o\u2026","rel":"","context":"Em &quot;Not\u00edcias&quot;","block_context":{"text":"Not\u00edcias","link":"https:\/\/mundobibliotecario.com.br\/index.php\/category\/noticias\/"},"img":{"alt_text":"","src":"","width":0,"height":0},"classes":[]},{"id":10057,"url":"https:\/\/mundobibliotecario.com.br\/index.php\/2022\/08\/09\/baile-nostalgico-e-atracao-gratuita-na-biblioteca-infantil-na-noite-desta-quinta-feira-11\/","url_meta":{"origin":2718,"position":5},"title":"Baile Nost\u00e1lgico \u00e9 atra\u00e7\u00e3o gratuita na Biblioteca Infantil na noite desta quinta-feira (11)","author":"mundobibliotecario","date":"09\/08\/2022","format":false,"excerpt":"A popula\u00e7\u00e3o pode participar gratuitamente, nesta quinta-feira (11), das 19h \u00e0s 22h, do Baile Nost\u00e1lgico, na Biblioteca Infantil Municipal \u201cRenato S\u00eaneca de S\u00e1 Fleury\u201d, localizada no Centro de Sorocaba. A respons\u00e1vel por animar a noite ser\u00e1 a cantora F\u00e1tima Silveira, que estar\u00e1 acompanhada pelo tecladista Zinho. Promovido pela Prefeitura de\u2026","rel":"","context":"Em &quot;Not\u00edcias&quot;","block_context":{"text":"Not\u00edcias","link":"https:\/\/mundobibliotecario.com.br\/index.php\/category\/noticias\/"},"img":{"alt_text":"","src":"https:\/\/i0.wp.com\/mundobibliotecario.com.br\/wp-content\/uploads\/2022\/08\/noticias.sorocaba.sp_.gov_.br-show-da-cantora-fatima-silveira-e-atracao-gratuita-na-biblioteca-infantil-de-sorocaba-neste-sabado-23-img-20220714-wa00321.jpg?resize=350%2C200&ssl=1","width":350,"height":200},"classes":[]}],"jetpack_likes_enabled":true,"jetpack_shortlink":"https:\/\/wp.me\/pcbzwa-HQ","_links":{"self":[{"href":"https:\/\/mundobibliotecario.com.br\/index.php\/wp-json\/wp\/v2\/posts\/2718","targetHints":{"allow":["GET"]}}],"collection":[{"href":"https:\/\/mundobibliotecario.com.br\/index.php\/wp-json\/wp\/v2\/posts"}],"about":[{"href":"https:\/\/mundobibliotecario.com.br\/index.php\/wp-json\/wp\/v2\/types\/post"}],"author":[{"embeddable":true,"href":"https:\/\/mundobibliotecario.com.br\/index.php\/wp-json\/wp\/v2\/users\/1"}],"replies":[{"embeddable":true,"href":"https:\/\/mundobibliotecario.com.br\/index.php\/wp-json\/wp\/v2\/comments?post=2718"}],"version-history":[{"count":1,"href":"https:\/\/mundobibliotecario.com.br\/index.php\/wp-json\/wp\/v2\/posts\/2718\/revisions"}],"predecessor-version":[{"id":6065,"href":"https:\/\/mundobibliotecario.com.br\/index.php\/wp-json\/wp\/v2\/posts\/2718\/revisions\/6065"}],"wp:attachment":[{"href":"https:\/\/mundobibliotecario.com.br\/index.php\/wp-json\/wp\/v2\/media?parent=2718"}],"wp:term":[{"taxonomy":"category","embeddable":true,"href":"https:\/\/mundobibliotecario.com.br\/index.php\/wp-json\/wp\/v2\/categories?post=2718"},{"taxonomy":"post_tag","embeddable":true,"href":"https:\/\/mundobibliotecario.com.br\/index.php\/wp-json\/wp\/v2\/tags?post=2718"}],"curies":[{"name":"wp","href":"https:\/\/api.w.org\/{rel}","templated":true}]}}