{"id":2732,"date":"2012-10-09T13:25:49","date_gmt":"2012-10-09T16:25:49","guid":{"rendered":"http:\/\/mundobibliotecario.wordpress.com\/?p=2732"},"modified":"2012-10-09T13:25:49","modified_gmt":"2012-10-09T16:25:49","slug":"x-encontro-nacional-de-acervo-raro","status":"publish","type":"post","link":"https:\/\/mundobibliotecario.com.br\/index.php\/2012\/10\/09\/x-encontro-nacional-de-acervo-raro\/","title":{"rendered":"X Encontro Nacional de Acervo Raro"},"content":{"rendered":"<p><a href=\"http:\/\/mundobibliotecario.hospedagemdesites.ws\/wp-content\/uploads\/2012\/10\/enar.png\"><img loading=\"lazy\" decoding=\"async\" class=\"aligncenter size-full wp-image-2733\" title=\"X Encontro Nacional de Acervo Raro\" src=\"http:\/\/mundobibliotecario.hospedagemdesites.ws\/wp-content\/uploads\/2012\/10\/enar.png\" alt=\"\" width=\"500\" height=\"315\" srcset=\"https:\/\/mundobibliotecario.com.br\/wp-content\/uploads\/2012\/10\/enar.png 935w, https:\/\/mundobibliotecario.com.br\/wp-content\/uploads\/2012\/10\/enar-300x189.png 300w\" sizes=\"auto, (max-width: 500px) 100vw, 500px\" \/><\/a><\/p>\n","protected":false},"excerpt":{"rendered":"","protected":false},"author":1,"featured_media":0,"comment_status":"open","ping_status":"open","sticky":false,"template":"","format":"image","meta":{"_mi_skip_tracking":false,"_exactmetrics_sitenote_active":false,"_exactmetrics_sitenote_note":"","_exactmetrics_sitenote_category":0,"_jetpack_newsletter_access":"","footnotes":""},"categories":[27],"tags":[996,877,997,998,1000],"class_list":["post-2732","post","type-post","status-publish","format-image","hentry","category-eventos","tag-enar","tag-fundacao-biblioteca-nacional","tag-plano-nacional-de-recuperacao-de-obras-raras","tag-planor","tag-x-encontro-nacional-de-acervo-raro","post_format-post-format-image"],"jetpack_featured_media_url":"","jetpack_sharing_enabled":true,"jetpack-related-posts":[{"id":1499,"url":"https:\/\/mundobibliotecario.com.br\/index.php\/2010\/10\/09\/tcu-x-ex-presidente-da-biblioteca-nacional\/","url_meta":{"origin":2732,"position":0},"title":"TCU x Ex-Presidente da Biblioteca Nacional","author":"mundobibliotecario","date":"09\/10\/2010","format":false,"excerpt":"Ex-presidente da Biblioteca Nacional \u00e9 multado pelo TCU por neglig\u00eancia em caso de furto de fotos raras 05\/10 \u00e0s 23h27 Rafael D'Angelo RIO - O bibli\u00f3filo Pedro Corr\u00eaa do Lago, ex-presidente da Biblioteca Nacional, e a ex-coordenadora geral de planejamento da institui\u00e7\u00e3o Maria da Gl\u00f3ria Lopes Pereira foram multados em\u2026","rel":"","context":"Em &quot;Not\u00edcias&quot;","block_context":{"text":"Not\u00edcias","link":"https:\/\/mundobibliotecario.com.br\/index.php\/category\/noticias\/"},"img":{"alt_text":"","src":"","width":0,"height":0},"classes":[]},{"id":3884,"url":"https:\/\/mundobibliotecario.com.br\/index.php\/2015\/09\/07\/g1-mostra-como-sao-conservados-e-restaurados-livros-eternos\/","url_meta":{"origin":2732,"position":1},"title":"G1 mostra como s\u00e3o conservados e restaurados livros &#039;eternos&#039;","author":"mundobibliotecario","date":"07\/09\/2015","format":false,"excerpt":"Biblioteca Nacional, no Rio, tem livros guardados em cofre. 'Livro das horas' e outras preciosidades possuem mais de 500 anos. [acesse aqui o v\u00eddeo dispon\u00edvel na not\u00edcia] A 17\u00aa Bienal do Livro do Rio, que ser\u00e1 aberta na pr\u00f3xima quinta-feira (3) no Riocentro, na Zona Oeste, contar\u00e1 com o lan\u00e7amento\u2026","rel":"","context":"Em &quot;Not\u00edcias&quot;","block_context":{"text":"Not\u00edcias","link":"https:\/\/mundobibliotecario.com.br\/index.php\/category\/noticias\/"},"img":{"alt_text":"Dois dos livros de horas que fazem parte do acervo da Biblioteca Nacional, no Rio de Janeiro. Cada um deles foi feito \u00c3\u00a0 m\u00c3\u00a3o por volta de 1460, na regi\u00c3\u00a3o de Flandres. (Foto: Cristina Boeckel\/ G1)","src":"https:\/\/i0.wp.com\/s2.glbimg.com\/6u-VgO47R9sugYmmdyPXKZsdhwM=\/620x465\/s.glbimg.com\/jo\/g1\/f\/original\/2015\/08\/30\/galeria1.jpg?resize=350%2C200","width":350,"height":200},"classes":[]},{"id":4929,"url":"https:\/\/mundobibliotecario.com.br\/index.php\/2015\/09\/07\/g1-mostra-como-sao-conservados-e-restaurados-livros-eternos-2\/","url_meta":{"origin":2732,"position":2},"title":"G1 mostra como s\u00e3o conservados e restaurados livros &#8216;eternos&#8217;","author":"mundobibliotecario","date":"07\/09\/2015","format":false,"excerpt":"Biblioteca Nacional, no Rio, tem livros guardados em cofre. 'Livro das horas' e outras preciosidades possuem mais de 500 anos. [acesse aqui o v\u00eddeo dispon\u00edvel na not\u00edcia] A 17\u00aa Bienal do Livro do Rio, que ser\u00e1 aberta na pr\u00f3xima quinta-feira (3) no Riocentro, na Zona Oeste, contar\u00e1 com o lan\u00e7amento\u2026","rel":"","context":"Em &quot;Not\u00edcias&quot;","block_context":{"text":"Not\u00edcias","link":"https:\/\/mundobibliotecario.com.br\/index.php\/category\/noticias\/"},"img":{"alt_text":"Dois dos livros de horas que fazem parte do acervo da Biblioteca Nacional, no Rio de Janeiro. Cada um deles foi feito \u00c3\u00a0 m\u00c3\u00a3o por volta de 1460, na regi\u00c3\u00a3o de Flandres. (Foto: Cristina Boeckel\/ G1)","src":"https:\/\/i0.wp.com\/s2.glbimg.com\/6u-VgO47R9sugYmmdyPXKZsdhwM=\/620x465\/s.glbimg.com\/jo\/g1\/f\/original\/2015\/08\/30\/galeria1.jpg?resize=350%2C200","width":350,"height":200},"classes":[]},{"id":2571,"url":"https:\/\/mundobibliotecario.com.br\/index.php\/2012\/05\/04\/inundacao-na-biblioteca-nacional-causou-danos-maiores-do-que-os-anunciados-pela-instituicao\/","url_meta":{"origin":2732,"position":3},"title":"Inunda\u00e7\u00e3o na Biblioteca Nacional causou danos maiores do que os anunciados pela institui\u00e7\u00e3o","author":"mundobibliotecario","date":"04\/05\/2012","format":false,"excerpt":"Vazamento de \u00e1gua aconteceu na quarta-feira e danificou obras e jornais a aconteceu na quarta-feira e danificou obras e jornais Andr\u00e9 Miranda Publicado: 3\/05\/12 - 23h00 Atualizado: 3\/05\/12 - 23h00 Envios por mail: 4 \u00a0 \u00a0 \u00a0 Peri\u00f3dicos pendurados em varais no pr\u00f3prio armaz\u00e9m Divulga\u00e7\u00e3o\u00a0 RIO - A inunda\u00e7\u00e3o na\u2026","rel":"","context":"Em &quot;Not\u00edcias&quot;","block_context":{"text":"Not\u00edcias","link":"https:\/\/mundobibliotecario.com.br\/index.php\/category\/noticias\/"},"img":{"alt_text":"","src":"","width":0,"height":0},"classes":[]},{"id":1424,"url":"https:\/\/mundobibliotecario.com.br\/index.php\/2010\/08\/25\/forum-de-obras-raras-e-colecoes-especiais\/","url_meta":{"origin":2732,"position":4},"title":"F\u00f3rum de OBRAS RARAS E COLE\u00c7\u00d5ES ESPECIAIS","author":"mundobibliotecario","date":"25\/08\/2010","format":false,"excerpt":"Data: 06 de outubro \u2013 das 9h30 \u00e0s 17h30 07 de outubro \u2013 das 10h30 \u00e0s 17h30 Local: Audit\u00f3rio do Centro de Conven\u00e7\u00f5es da Unicamp SOBRE O EVENTO: Este evento objetiva discutir quest\u00f5es relacionadas aos crit\u00e9rios para reunir, preservar e dispor o acesso \u00e0s cole\u00e7\u00f5es e arquivos de documentos raros\u2026","rel":"","context":"Em &quot;N\u00e3o classificado&quot;","block_context":{"text":"N\u00e3o classificado","link":"https:\/\/mundobibliotecario.com.br\/index.php\/category\/nao-classificado\/"},"img":{"alt_text":"","src":"","width":0,"height":0},"classes":[]},{"id":1548,"url":"https:\/\/mundobibliotecario.com.br\/index.php\/2010\/11\/06\/os-segredos-da-biblioteca\/","url_meta":{"origin":2732,"position":5},"title":"Os segredos da Biblioteca","author":"mundobibliotecario","date":"06\/11\/2010","format":false,"excerpt":"A Nacional completa 200 anos com acervo em que uma s\u00f3 obra vale at\u00e9 R$ 9 milh\u00f5es \u00a0Rio - Principal guardi\u00e3 da mem\u00f3ria do Brasil e zeladora de 9 milh\u00f5es de obras, a Biblioteca Nacional comemora 200 anos na pr\u00f3xima sexta-feira com muita hist\u00f3ria e segredos a contar. Junto a\u2026","rel":"","context":"Em &quot;Not\u00edcias&quot;","block_context":{"text":"Not\u00edcias","link":"https:\/\/mundobibliotecario.com.br\/index.php\/category\/noticias\/"},"img":{"alt_text":"","src":"","width":0,"height":0},"classes":[]}],"jetpack_likes_enabled":true,"jetpack_shortlink":"https:\/\/wp.me\/pcbzwa-I4","_links":{"self":[{"href":"https:\/\/mundobibliotecario.com.br\/index.php\/wp-json\/wp\/v2\/posts\/2732","targetHints":{"allow":["GET"]}}],"collection":[{"href":"https:\/\/mundobibliotecario.com.br\/index.php\/wp-json\/wp\/v2\/posts"}],"about":[{"href":"https:\/\/mundobibliotecario.com.br\/index.php\/wp-json\/wp\/v2\/types\/post"}],"author":[{"embeddable":true,"href":"https:\/\/mundobibliotecario.com.br\/index.php\/wp-json\/wp\/v2\/users\/1"}],"replies":[{"embeddable":true,"href":"https:\/\/mundobibliotecario.com.br\/index.php\/wp-json\/wp\/v2\/comments?post=2732"}],"version-history":[{"count":0,"href":"https:\/\/mundobibliotecario.com.br\/index.php\/wp-json\/wp\/v2\/posts\/2732\/revisions"}],"wp:attachment":[{"href":"https:\/\/mundobibliotecario.com.br\/index.php\/wp-json\/wp\/v2\/media?parent=2732"}],"wp:term":[{"taxonomy":"category","embeddable":true,"href":"https:\/\/mundobibliotecario.com.br\/index.php\/wp-json\/wp\/v2\/categories?post=2732"},{"taxonomy":"post_tag","embeddable":true,"href":"https:\/\/mundobibliotecario.com.br\/index.php\/wp-json\/wp\/v2\/tags?post=2732"}],"curies":[{"name":"wp","href":"https:\/\/api.w.org\/{rel}","templated":true}]}}