{"id":2748,"date":"2012-11-11T09:31:57","date_gmt":"2012-11-11T12:31:57","guid":{"rendered":"http:\/\/mundobibliotecario.wordpress.com\/?p=2748"},"modified":"2012-11-11T09:31:57","modified_gmt":"2012-11-11T12:31:57","slug":"ufrj-ira-desenvolver-material-didatico-para-curso-de-biblioteconomia-da-uab","status":"publish","type":"post","link":"https:\/\/mundobibliotecario.com.br\/index.php\/2012\/11\/11\/ufrj-ira-desenvolver-material-didatico-para-curso-de-biblioteconomia-da-uab\/","title":{"rendered":"UFRJ ir\u00e1 desenvolver material did\u00e1tico para curso de biblioteconomia da UAB"},"content":{"rendered":"<p>Qua, 06 de Junho de 2012 17:21<\/p>\n<p>A Coordena\u00e7\u00e3o de Aperfei\u00e7oamento de Pessoal de N\u00edvel Superior (Capes) divulga nesta quarta-feira, 6, o resultado do Edital n\u00b0 012\/2012. A Universidade Federal do Rio de Janeiro (UFRJ) foi a institui\u00e7\u00e3o escolhida para o desenvolvimento de material did\u00e1tico e de apoio ao curso de bacharelado em biblioteconomia no \u00e2mbito do sistema Universidade Aberta do Brasil (UAB).<\/p>\n<p>O curso de bacharelado em biblioteconomia oferecido via UAB ser\u00e1 na modalidade a dist\u00e2ncia e contar\u00e1 com estrutura\u00e7\u00e3o do Conselho Federal de Biblioteconomia (CFB).<\/p>\n<p>A UFRJ foi selecionada ap\u00f3s a an\u00e1lise t\u00e9cnica de compet\u00eancia da Diretoria de Educa\u00e7\u00e3o a Dist\u00e2ncia (DED) da Capes e emiss\u00e3o de parecer por comiss\u00e3o ad hoc de avaliadores para sobre a an\u00e1lise de m\u00e9rito. Foram consideradas a viabilidade t\u00e9cnico-pedag\u00f3gica e acad\u00eamica, o m\u00e9rito educacional e os elementos constitutivos do projeto, tendo por fundamento e orienta\u00e7\u00e3o os dispositivos do edital.<\/p>\n<p>O valor global a ser aplicado pela Capes, no \u00e2mbito do edital, ser\u00e1 de at\u00e9 R$ 1,8 milh\u00e3o, sendo R$ 1,6 milh\u00e3o para despesas de custeio e R$ 200 mil para despesas de capital.<\/p>\n<p>Dispon\u00edvel em: &lt;http:\/\/uab.capes.gov.br\/index.php?option=com_content&amp;view=article&amp;id=206%3Aufrj-ira-desenvolver-material-didatico-para-curso-de-biblioteconomia-da-uab&amp;catid=1%3Anoticia&amp;Itemid=7&gt;. Acesso em: 11 nov. 2012.<\/p>\n","protected":false},"excerpt":{"rendered":"<p>Qua, 06 de Junho de 2012 17:21 A Coordena\u00e7\u00e3o de Aperfei\u00e7oamento de Pessoal de N\u00edvel Superior (Capes) divulga nesta quarta-feira, 6, o resultado do Edital n\u00b0 012\/2012. A Universidade Federal do Rio de Janeiro (UFRJ) foi a institui\u00e7\u00e3o escolhida para o desenvolvimento de material did\u00e1tico e de apoio ao curso de bacharelado em biblioteconomia no &#8230; <a title=\"UFRJ ir\u00e1 desenvolver material did\u00e1tico para curso de biblioteconomia da UAB\" class=\"read-more\" href=\"https:\/\/mundobibliotecario.com.br\/index.php\/2012\/11\/11\/ufrj-ira-desenvolver-material-didatico-para-curso-de-biblioteconomia-da-uab\/\" aria-label=\"Read more about UFRJ ir\u00e1 desenvolver material did\u00e1tico para curso de biblioteconomia da UAB\">Ler mais<\/a><\/p>\n","protected":false},"author":1,"featured_media":0,"comment_status":"open","ping_status":"open","sticky":false,"template":"","format":"standard","meta":{"_mi_skip_tracking":false,"_exactmetrics_sitenote_active":false,"_exactmetrics_sitenote_note":"","_exactmetrics_sitenote_category":0,"_jetpack_newsletter_access":"","footnotes":""},"categories":[468],"tags":[],"class_list":["post-2748","post","type-post","status-publish","format-standard","hentry","category-nao-classificado"],"jetpack_featured_media_url":"","jetpack_sharing_enabled":true,"jetpack-related-posts":[{"id":4733,"url":"https:\/\/mundobibliotecario.com.br\/index.php\/2018\/03\/27\/novo-curso-de-biblioteconomia-a-distancia-homenageia-prof-a-mariza-russo\/","url_meta":{"origin":2748,"position":0},"title":"Novo curso de biblioteconomia a dist\u00e2ncia homenageia prof.\u00aa Mariza Russo","author":"mundobibliotecario","date":"27\/03\/2018","format":false,"excerpt":"Hoje, 23, foi lan\u00e7ado o curso nacional de bacharelado em Biblioteconomia na modalidade a dist\u00e2ncia (BibEAD). Realizada no edif\u00edcio-sede da Coordena\u00e7\u00e3o de Aperfei\u00e7oamento de Pessoal de N\u00edvel Superior (CAPES), em Bras\u00edlia, a cerim\u00f4nia contou com a presen\u00e7a do presidente substituto da CAPES, prof. Geraldo Nunes, do presidente do Conselho Federal\u2026","rel":"","context":"Em &quot;Not\u00edcias&quot;","block_context":{"text":"Not\u00edcias","link":"https:\/\/mundobibliotecario.com.br\/index.php\/category\/noticias\/"},"img":{"alt_text":"","src":"https:\/\/i0.wp.com\/capes.gov.br\/images\/multithumb_thumbs\/b_600_250_16777215_00_images_stories_download_fotos_23032018-curso-biblioteconomia-0044.jpg?resize=350%2C200","width":350,"height":200},"classes":[]},{"id":4674,"url":"https:\/\/mundobibliotecario.com.br\/index.php\/2018\/02\/16\/curso-de-bacharelado-em-biblioteconomia-na-modalidade-a-distancia-bibead\/","url_meta":{"origin":2748,"position":1},"title":"Curso de Bacharelado em Biblioteconomia na modalidade a Dist\u00e2ncia (BibEaD)","author":"mundobibliotecario","date":"16\/02\/2018","format":false,"excerpt":"Publicado: Quinta, 20 Fevereiro 2014 14:53\u00a0|\u00a0\u00daltima Atualiza\u00e7\u00e3o: Quinta, 11 Janeiro 2018 10:21 O BibEAD \u00e9 um curso do Sistema Universidade Aberta do Brasil, com Projeto Pedag\u00f3gico de Curso nacional de Bacharelado em Biblioteconomia na modalidade a dist\u00e2ncia, resultado da parceria entre a Coordena\u00e7\u00e3o de Aperfei\u00e7oamento de Pessoal de N\u00edvel Superior\u2026","rel":"","context":"Em &quot;Curso&quot;","block_context":{"text":"Curso","link":"https:\/\/mundobibliotecario.com.br\/index.php\/category\/curso\/"},"img":{"alt_text":"","src":"","width":0,"height":0},"classes":[]},{"id":2530,"url":"https:\/\/mundobibliotecario.com.br\/index.php\/2012\/03\/27\/edital-apoia-projetos-para-desenvolvimento-de-cursos-de-biblioteconomia-na-modalidade-a-distancia\/","url_meta":{"origin":2748,"position":2},"title":"Edital apoia projetos para desenvolvimento de cursos de biblioteconomia na modalidade a dist\u00e2ncia","author":"mundobibliotecario","date":"27\/03\/2012","format":false,"excerpt":"Aos leitores do Mundo Bibliotec\u00e1rio, uma \u00f3tima not\u00edcia: foi dado mais um passo para a cria\u00e7\u00e3o do curso de Biblioteconomia a dist\u00e2ncia! Confiram! *** Publicada por Assessoria de Comunica\u00e7\u00e3o Social da Capes Segunda, 26 de Mar\u00e7o de 2012 12:17 A Coordena\u00e7\u00e3o de Aperfei\u00e7oamento de Pessoal de N\u00edvel Superior (Capes) divulga\u2026","rel":"","context":"Em &quot;Not\u00edcias&quot;","block_context":{"text":"Not\u00edcias","link":"https:\/\/mundobibliotecario.com.br\/index.php\/category\/noticias\/"},"img":{"alt_text":"","src":"","width":0,"height":0},"classes":[]},{"id":2257,"url":"https:\/\/mundobibliotecario.com.br\/index.php\/2011\/10\/06\/uab-tera-comissao-tecnica-de-biblioteconomia\/","url_meta":{"origin":2748,"position":3},"title":"UAB ter\u00e1 comiss\u00e3o t\u00e9cnica de biblioteconomia","author":"mundobibliotecario","date":"06\/10\/2011","format":false,"excerpt":"Publicada por Assessoria de Imprensa da Capes Sexta, 11 de Junho de 2010 16:06 O Sistema Universidade Aberta do Brasil (UAB) ter\u00e1 uma Comiss\u00e3o T\u00e9cnica de Biblioteconomia para o acompanhamento e avalia\u00e7\u00e3o das a\u00e7\u00f5es de implanta\u00e7\u00e3o do curso de bacharelado a dist\u00e2ncia na \u00e1rea. O grupo foi institu\u00eddo pela Portaria\u2026","rel":"","context":"Em &quot;Not\u00edcias&quot;","block_context":{"text":"Not\u00edcias","link":"https:\/\/mundobibliotecario.com.br\/index.php\/category\/noticias\/"},"img":{"alt_text":"","src":"","width":0,"height":0},"classes":[]},{"id":3017,"url":"https:\/\/mundobibliotecario.com.br\/index.php\/2013\/03\/16\/bacharelado-em-biblioteconomia-a-distancia\/","url_meta":{"origin":2748,"position":4},"title":"Bacharelado em Biblioteconomia a Dist\u00e2ncia","author":"mundobibliotecario","date":"16\/03\/2013","format":false,"excerpt":"Segundo a\u00a0Coordenadoria de Aperfei\u00e7oamento de Pessoal de N\u00edvel Superior (CAPEs), o curso de Bacharelado em Biblioteconomia a Dist\u00e2ncia esta sendo desenvolvido pela\u00a0Universidade Federal do Rio de Janeiro (UFRJ)\u00a0em parceria com\u00a0Conselho Federal de Biblioteconomia (CFB)\u00a0e est\u00e1 previsto para ser ofertado, a partir do segundo semestrede 2014. Esta \u00e9 uma oportunidade para\u2026","rel":"","context":"Em &quot;Not\u00edcias&quot;","block_context":{"text":"Not\u00edcias","link":"https:\/\/mundobibliotecario.com.br\/index.php\/category\/noticias\/"},"img":{"alt_text":"","src":"","width":0,"height":0},"classes":[]},{"id":4731,"url":"https:\/\/mundobibliotecario.com.br\/index.php\/2018\/03\/22\/lancamento-oficial-do-bacharelado-em-biblioteconomia-a-distancia\/","url_meta":{"origin":2748,"position":5},"title":"Lan\u00e7amento oficial do Bacharelado em Biblioteconomia a dist\u00e2ncia","author":"mundobibliotecario","date":"22\/03\/2018","format":false,"excerpt":"Acontecer\u00e1 amanh\u00e3, 23 de mar\u00e7o, o lan\u00e7amento oficial do Bacharelado em Biblioteconomia, modalidade \u00e0 dist\u00e2ncia, da Capes com a Universidade Aberta do Brasil. O evento ser\u00e1 no Audit\u00f3rio Anisio Teixeira, sede da Capes, das 16h \u00e0s 19h, podendo ser acompanhado ao vivo pelo YouTube. O edital 05\/2018 torna p\u00fablico a\u2026","rel":"","context":"Em &quot;Not\u00edcias&quot;","block_context":{"text":"Not\u00edcias","link":"https:\/\/mundobibliotecario.com.br\/index.php\/category\/noticias\/"},"img":{"alt_text":"","src":"","width":0,"height":0},"classes":[]}],"jetpack_likes_enabled":true,"jetpack_shortlink":"https:\/\/wp.me\/pcbzwa-Ik","_links":{"self":[{"href":"https:\/\/mundobibliotecario.com.br\/index.php\/wp-json\/wp\/v2\/posts\/2748","targetHints":{"allow":["GET"]}}],"collection":[{"href":"https:\/\/mundobibliotecario.com.br\/index.php\/wp-json\/wp\/v2\/posts"}],"about":[{"href":"https:\/\/mundobibliotecario.com.br\/index.php\/wp-json\/wp\/v2\/types\/post"}],"author":[{"embeddable":true,"href":"https:\/\/mundobibliotecario.com.br\/index.php\/wp-json\/wp\/v2\/users\/1"}],"replies":[{"embeddable":true,"href":"https:\/\/mundobibliotecario.com.br\/index.php\/wp-json\/wp\/v2\/comments?post=2748"}],"version-history":[{"count":0,"href":"https:\/\/mundobibliotecario.com.br\/index.php\/wp-json\/wp\/v2\/posts\/2748\/revisions"}],"wp:attachment":[{"href":"https:\/\/mundobibliotecario.com.br\/index.php\/wp-json\/wp\/v2\/media?parent=2748"}],"wp:term":[{"taxonomy":"category","embeddable":true,"href":"https:\/\/mundobibliotecario.com.br\/index.php\/wp-json\/wp\/v2\/categories?post=2748"},{"taxonomy":"post_tag","embeddable":true,"href":"https:\/\/mundobibliotecario.com.br\/index.php\/wp-json\/wp\/v2\/tags?post=2748"}],"curies":[{"name":"wp","href":"https:\/\/api.w.org\/{rel}","templated":true}]}}