{"id":275,"date":"2009-01-12T13:08:02","date_gmt":"2009-01-12T16:08:02","guid":{"rendered":"http:\/\/mundobibliotecario.wordpress.com\/?p=275"},"modified":"2009-01-12T13:08:02","modified_gmt":"2009-01-12T16:08:02","slug":"capes-divulga-premios-cientificos-nas-areas-de-administracao-gestao-e-ciencia-da-informacao","status":"publish","type":"post","link":"https:\/\/mundobibliotecario.com.br\/index.php\/2009\/01\/12\/capes-divulga-premios-cientificos-nas-areas-de-administracao-gestao-e-ciencia-da-informacao\/","title":{"rendered":"Capes divulga pr\u00eamios cient\u00edficos nas \u00e1reas de Administra\u00e7\u00e3o, Gest\u00e3o e Ci\u00eancia da Informa\u00e7\u00e3o"},"content":{"rendered":"<p>As inscri\u00e7\u00f5es para os pr\u00eamios cient\u00edficos destinados a pesquisadores nas \u00e1reas de administra\u00e7\u00e3o e gest\u00e3o e ci\u00eancia da informa\u00e7\u00e3o est\u00e3o abertas at\u00e9 o dia 1\u00b0 de maio de 2009 no site <a href=\"http:\/\/www.capes.gov.br\/\" target=\"_blank\">www.capes.gov.br<\/a>. Os pr\u00eamios foram lan\u00e7ados pela Coordena\u00e7\u00e3o de Aperfei\u00e7oamento de Pessoal de N\u00edvel Superior (Capes) em parceria com a editora Emerald, do Reino Unido.<\/p>\n<p>Em cada categoria ser\u00e1 eleito o melhor projeto de pesquisa da \u00e1rea, que pode ser individual ou em grupo. Ele ser\u00e1 avaliado segundo crit\u00e9rios como relev\u00e2ncia social, originalidade, aplicabilidade e adequa\u00e7\u00e3o te\u00f3rica e<br \/>\nmetodol\u00f3gica. O vencedor receber\u00e1 um pr\u00eamio de 2,5 mil libras. Tamb\u00e9m ter\u00e1 a oportunidade de receber um treinamento especial do staff editorial da Emerald na elabora\u00e7\u00e3o de um artigo para ser publicado em peri\u00f3dico<br \/>\ncient\u00edfico internacional.<\/p>\n<p>A lista de candidatos estar\u00e1 dispon\u00edvel no fim de maio de 2009 e os ganhadores ser\u00e3o anunciados no evento de anivers\u00e1rio da Capes, em julho do mesmo ano.<br \/>\nAs regras dos pr\u00eamios est\u00e3o dispon\u00edveis, em portugu\u00eas, pelos links Ci\u00eancia da Informa\u00e7\u00e3o e Administra\u00e7\u00e3o e Gest\u00e3o.<br \/>\nMais informa\u00e7\u00f5es, pelo site <a href=\"http:\/\/www.finep.gov.br\/\" target=\"_blank\">www.finep.gov.br<\/a>.<br \/>\n(Com informa\u00e7\u00f5es da Finep)<\/p>\n<p>FONTE: Gest\u00e3o C&amp;T N\u00ba 791<br \/>\n<a href=\"http:\/\/www.abipti.org.br\" target=\"_blank\">http:\/\/www.abipti.org.br<\/a><\/p>\n","protected":false},"excerpt":{"rendered":"<p>As inscri\u00e7\u00f5es para os pr\u00eamios cient\u00edficos destinados a pesquisadores nas \u00e1reas de administra\u00e7\u00e3o e gest\u00e3o e ci\u00eancia da informa\u00e7\u00e3o est\u00e3o abertas at\u00e9 o dia 1\u00b0 de maio de 2009 no site www.capes.gov.br. Os pr\u00eamios foram lan\u00e7ados pela Coordena\u00e7\u00e3o de Aperfei\u00e7oamento de Pessoal de N\u00edvel Superior (Capes) em parceria com a editora Emerald, do Reino Unido. &#8230; <a title=\"Capes divulga pr\u00eamios cient\u00edficos nas \u00e1reas de Administra\u00e7\u00e3o, Gest\u00e3o e Ci\u00eancia da Informa\u00e7\u00e3o\" class=\"read-more\" href=\"https:\/\/mundobibliotecario.com.br\/index.php\/2009\/01\/12\/capes-divulga-premios-cientificos-nas-areas-de-administracao-gestao-e-ciencia-da-informacao\/\" aria-label=\"Read more about Capes divulga pr\u00eamios cient\u00edficos nas \u00e1reas de Administra\u00e7\u00e3o, Gest\u00e3o e Ci\u00eancia da Informa\u00e7\u00e3o\">Ler mais<\/a><\/p>\n","protected":false},"author":1,"featured_media":0,"comment_status":"open","ping_status":"open","sticky":false,"template":"","format":"standard","meta":{"_mi_skip_tracking":false,"_exactmetrics_sitenote_active":false,"_exactmetrics_sitenote_note":"","_exactmetrics_sitenote_category":0,"_jetpack_newsletter_access":"","footnotes":""},"categories":[60],"tags":[179,180,40,181,182],"class_list":["post-275","post","type-post","status-publish","format-standard","hentry","category-noticias","tag-administracao","tag-capes","tag-ciencia-da-informacao","tag-gestao","tag-premio"],"jetpack_featured_media_url":"","jetpack_sharing_enabled":true,"jetpack-related-posts":[{"id":1595,"url":"https:\/\/mundobibliotecario.com.br\/index.php\/2010\/12\/03\/portal-de-periodicos-premia-projetos-em-ciencia-da-informacao-e-administracao-e-gestao\/","url_meta":{"origin":275,"position":0},"title":"Portal de Peri\u00f3dicos premia projetos em Ci\u00eancia da Informa\u00e7\u00e3o e Administra\u00e7\u00e3o e Gest\u00e3o","author":"mundobibliotecario","date":"03\/12\/2010","format":false,"excerpt":"Foi lan\u00e7ada nesta semana, mais uma edi\u00e7\u00e3o do Pr\u00eamio Emerald\/Capes. A iniciativa pretende estimular o acesso e o uso do Portal de Peri\u00f3dicos e promover a pesquisa nas \u00e1reas de Ci\u00eancia da Informa\u00e7\u00e3o e Administra\u00e7\u00e3o e Gest\u00e3o, com premia\u00e7\u00f5es no valor de R$ 5.295,00 por categoria. As inscri\u00e7\u00f5es v\u00e3o at\u00e9\u2026","rel":"","context":"Em &quot;Not\u00edcias&quot;","block_context":{"text":"Not\u00edcias","link":"https:\/\/mundobibliotecario.com.br\/index.php\/category\/noticias\/"},"img":{"alt_text":"","src":"","width":0,"height":0},"classes":[]},{"id":3848,"url":"https:\/\/mundobibliotecario.com.br\/index.php\/2015\/08\/28\/prazo-para-inscricoes-no-premio-emeraldcapes-2015-encerra-no-dia-30-de-agosto\/","url_meta":{"origin":275,"position":1},"title":"Prazo para inscri\u00e7\u00f5es no Pr\u00eamio Emerald\/Capes 2015 encerra no dia 30 de agosto","author":"mundobibliotecario","date":"28\/08\/2015","format":false,"excerpt":"Qua, 26 de Agosto de 2015 Os interessados em participar da edi\u00e7\u00e3o 2015 do Pr\u00eamio Emerald\/Capes t\u00eam at\u00e9 o dia 30 de agosto para efetivar a inscri\u00e7\u00e3o. As categorias a serem avaliadas s\u00e3o Ci\u00eancia da Informa\u00e7\u00e3o (inscri\u00e7\u00f5es aqui) e Administra\u00e7\u00e3o & Gest\u00e3o (inscri\u00e7\u00f5es aqui). A iniciativa \u2013 parceria da Emerald\u2026","rel":"","context":"Em &quot;Not\u00edcias&quot;","block_context":{"text":"Not\u00edcias","link":"https:\/\/mundobibliotecario.com.br\/index.php\/category\/noticias\/"},"img":{"alt_text":"","src":"","width":0,"height":0},"classes":[]},{"id":3782,"url":"https:\/\/mundobibliotecario.com.br\/index.php\/2015\/07\/07\/capes-aprova-e-ufrn-ganha-mestrado-em-ciencias-da-informacao\/","url_meta":{"origin":275,"position":2},"title":"Capes aprova e UFRN ganha Mestrado em Ci\u00eancias da Informa\u00e7\u00e3o","author":"mundobibliotecario","date":"07\/07\/2015","format":false,"excerpt":"29 de junho de 2015 A Universidade Federal do Rio Grande do Norte (UFRN) vai abrir vagas\u00a0para\u00a0o Mestrado Profissional em Ci\u00eancias da Informa\u00e7\u00e3o. O curso foi aprovado pela Capes na semana passada e o processo seletivo ser\u00e1 realizado ainda este ano, com a primeira turma ingressante no segundo semestre letivo.\u2026","rel":"","context":"Em &quot;Not\u00edcias&quot;","block_context":{"text":"Not\u00edcias","link":"https:\/\/mundobibliotecario.com.br\/index.php\/category\/noticias\/"},"img":{"alt_text":"","src":"","width":0,"height":0},"classes":[]},{"id":2103,"url":"https:\/\/mundobibliotecario.com.br\/index.php\/2011\/06\/29\/selecao-de-pos-doutoramento-em-gestao-da-informacao-ecausp\/","url_meta":{"origin":275,"position":3},"title":"Sele\u00e7\u00e3o de P\u00f3s-Doutoramento em Gest\u00e3o da Informa\u00e7\u00e3o \u2013 ECA\/USP","author":"mundobibliotecario","date":"29\/06\/2011","format":false,"excerpt":"O Projeto Tem\u00e1tico Comunica\u00e7\u00e3o e Censura: an\u00e1lise te\u00f3rica e documental de processos cens\u00f3rios a partir do Arquivo Miroel Silveira da ECA\/USP (processo Fapesp 08\/56709-0), abre inscri\u00e7\u00f5es para bolsa de P\u00f3s-Doutoramento em Gerenciamento de Projetos. Tendo se iniciado em agosto de 2009 e com encerramento previsto para julho de 2013, visa\u2026","rel":"","context":"Em &quot;Not\u00edcias&quot;","block_context":{"text":"Not\u00edcias","link":"https:\/\/mundobibliotecario.com.br\/index.php\/category\/noticias\/"},"img":{"alt_text":"","src":"","width":0,"height":0},"classes":[]},{"id":2048,"url":"https:\/\/mundobibliotecario.com.br\/index.php\/2011\/05\/25\/aluna-da-ufscar-desenvolve-trabalho-que-concorre-a-premio-na-area-de-biblioteconomia\/","url_meta":{"origin":275,"position":4},"title":"Aluna da UFSCar desenvolve trabalho que concorre a pr\u00eamio na \u00e1rea de Biblioteconomia","author":"mundobibliotecario","date":"25\/05\/2011","format":false,"excerpt":"A aluna do curso de Biblioteconomia e Ci\u00eancia da Informa\u00e7\u00e3o da UFSCar, Rita de C\u00e1ssia Segnini, concorre ao Pr\u00eamio \"Carminda Nogueira de Castro Ferreira\", que ser\u00e1 concedido durante o XXIV Congresso Brasileiro de Biblioteconomia, Documenta\u00e7\u00e3o e Ci\u00eancia da Informa\u00e7\u00e3o (CBBD 2011), que tem in\u00edcio no dia 7 de agosto de\u2026","rel":"","context":"Em &quot;Not\u00edcias&quot;","block_context":{"text":"Not\u00edcias","link":"https:\/\/mundobibliotecario.com.br\/index.php\/category\/noticias\/"},"img":{"alt_text":"","src":"","width":0,"height":0},"classes":[]},{"id":3704,"url":"https:\/\/mundobibliotecario.com.br\/index.php\/2015\/04\/08\/resumo-da-palestra-a-pos-graduacao-em-ciencia-da-informacao-no-brasil\/","url_meta":{"origin":275,"position":5},"title":"Resumo da palestra &quot;A P\u00f3s-Gradua\u00e7\u00e3o em Ci\u00eancia da Informa\u00e7\u00e3o no Brasil&quot;","author":"mundobibliotecario","date":"08\/04\/2015","format":false,"excerpt":"No dia 6\/4, o Departamento de Ci\u00eancia da Informa\u00e7\u00e3o da UFSCar promoveu a palestra\u00a0\"A P\u00f3s-Gradua\u00e7\u00e3o em Ci\u00eancia da Informa\u00e7\u00e3o no Brasil\", proferida pela Prof\u00aa Dr\u00aa Marisa Br\u00e4scher Basilio Medeiros, do\u00a0Departamento de Ci\u00eancia da Informa\u00e7\u00e3o da UFSC e\u00a0representante da \u00e1rea de Ci\u00eancia da Informa\u00e7\u00e3o na CAPES. A apresenta\u00e7\u00e3o teve in\u00edcio com\u2026","rel":"","context":"Em &quot;Eventos&quot;","block_context":{"text":"Eventos","link":"https:\/\/mundobibliotecario.com.br\/index.php\/category\/eventos\/"},"img":{"alt_text":"","src":"","width":0,"height":0},"classes":[]}],"jetpack_likes_enabled":true,"jetpack_shortlink":"https:\/\/wp.me\/pcbzwa-4r","_links":{"self":[{"href":"https:\/\/mundobibliotecario.com.br\/index.php\/wp-json\/wp\/v2\/posts\/275","targetHints":{"allow":["GET"]}}],"collection":[{"href":"https:\/\/mundobibliotecario.com.br\/index.php\/wp-json\/wp\/v2\/posts"}],"about":[{"href":"https:\/\/mundobibliotecario.com.br\/index.php\/wp-json\/wp\/v2\/types\/post"}],"author":[{"embeddable":true,"href":"https:\/\/mundobibliotecario.com.br\/index.php\/wp-json\/wp\/v2\/users\/1"}],"replies":[{"embeddable":true,"href":"https:\/\/mundobibliotecario.com.br\/index.php\/wp-json\/wp\/v2\/comments?post=275"}],"version-history":[{"count":0,"href":"https:\/\/mundobibliotecario.com.br\/index.php\/wp-json\/wp\/v2\/posts\/275\/revisions"}],"wp:attachment":[{"href":"https:\/\/mundobibliotecario.com.br\/index.php\/wp-json\/wp\/v2\/media?parent=275"}],"wp:term":[{"taxonomy":"category","embeddable":true,"href":"https:\/\/mundobibliotecario.com.br\/index.php\/wp-json\/wp\/v2\/categories?post=275"},{"taxonomy":"post_tag","embeddable":true,"href":"https:\/\/mundobibliotecario.com.br\/index.php\/wp-json\/wp\/v2\/tags?post=275"}],"curies":[{"name":"wp","href":"https:\/\/api.w.org\/{rel}","templated":true}]}}