{"id":277,"date":"2009-01-10T09:33:52","date_gmt":"2009-01-10T12:33:52","guid":{"rendered":"http:\/\/mundobibliotecario.wordpress.com\/?p=277"},"modified":"2009-01-10T09:33:52","modified_gmt":"2009-01-10T12:33:52","slug":"estagio-de-biblioteconomia-sao-carlos","status":"publish","type":"post","link":"https:\/\/mundobibliotecario.com.br\/index.php\/2009\/01\/10\/estagio-de-biblioteconomia-sao-carlos\/","title":{"rendered":"Est\u00e1gio de Biblioteconomia &#8211; S\u00e3o Carlos"},"content":{"rendered":"<p>\u00a0 Carga hor\u00e1ria: 4 horas\/dia.<\/p>\n<p>\u00a0\u00a0\u00a0\u00a0\u00a0 Valor da Bolsa: R$400.00\/m\u00eas<\/p>\n<p>\u00a0\u00a0\u00a0\u00a0\u00a0 Empresa localizada no bairro Jardim Santa Paula.<\/p>\n<p>\u00a0\u00a0\u00a0\u00a0\u00a0 Requisitos: experi\u00eancia em BD<br \/>\n\u00a0\u00a0\u00a0\u00a0\u00a0 experi\u00eancia com arquivamento de artigos cient\u00edficos em ingl\u00eas<\/p>\n<p>\u00a0\u00a0\u00a0\u00a0\u00a0 enviar curr\u00edculos (At\u00e9 15\/01) para <a href=\"mailto:rh@multicorpos.com.br\">rh@multicorpos.com.br<\/a><\/p>\n","protected":false},"excerpt":{"rendered":"<p>\u00a0 Carga hor\u00e1ria: 4 horas\/dia. \u00a0\u00a0\u00a0\u00a0\u00a0 Valor da Bolsa: R$400.00\/m\u00eas \u00a0\u00a0\u00a0\u00a0\u00a0 Empresa localizada no bairro Jardim Santa Paula. \u00a0\u00a0\u00a0\u00a0\u00a0 Requisitos: experi\u00eancia em BD \u00a0\u00a0\u00a0\u00a0\u00a0 experi\u00eancia com arquivamento de artigos cient\u00edficos em ingl\u00eas \u00a0\u00a0\u00a0\u00a0\u00a0 enviar curr\u00edculos (At\u00e9 15\/01) para rh@multicorpos.com.br<\/p>\n","protected":false},"author":1,"featured_media":0,"comment_status":"open","ping_status":"open","sticky":false,"template":"","format":"standard","meta":{"_mi_skip_tracking":false,"_exactmetrics_sitenote_active":false,"_exactmetrics_sitenote_note":"","_exactmetrics_sitenote_category":0,"_jetpack_newsletter_access":"","footnotes":""},"categories":[47],"tags":[63,29],"class_list":["post-277","post","type-post","status-publish","format-standard","hentry","category-estagio","tag-biblioteconomia","tag-sao-carlos"],"jetpack_featured_media_url":"","jetpack_sharing_enabled":true,"jetpack-related-posts":[{"id":290,"url":"https:\/\/mundobibliotecario.com.br\/index.php\/2009\/01\/14\/estagio-em-biblioteconomia-sao-carlos\/","url_meta":{"origin":277,"position":0},"title":"Est\u00e1gio em Biblioteconomia &#8211; S\u00e3o Carlos","author":"mundobibliotecario","date":"14\/01\/2009","format":false,"excerpt":"Vaga em Editora Cient\u00edfica para estudantes de BIBLIOTECONOMIA DESCRI\u00c7\u00c3O DA VAGA Normaliza\u00e7\u00e3o de textos cient\u00edficos, adequando-os aos padr\u00f5es e normas estabelecidos para cada publica\u00e7\u00e3o. VAGA DE EST\u00c1GIO: Requisitos: Estar cursando o segundo ou terceiro ano Idade M\u00ednima: > ou igual 18 anos Contrato: Est\u00e1gio Carga hor\u00e1ria: 4 horas di\u00e1rias Bolsa:\u2026","rel":"","context":"Em &quot;Est\u00e1gio&quot;","block_context":{"text":"Est\u00e1gio","link":"https:\/\/mundobibliotecario.com.br\/index.php\/category\/estagio\/"},"img":{"alt_text":"","src":"","width":0,"height":0},"classes":[]},{"id":1802,"url":"https:\/\/mundobibliotecario.com.br\/index.php\/2011\/02\/25\/estagio-de-biblioteconomia-em-sao-carlos-editora-cubo\/","url_meta":{"origin":277,"position":1},"title":"Est\u00e1gio de Biblioteconomia em S\u00e3o Carlos &#8211; Editora Cubo","author":"mundobibliotecario","date":"25\/02\/2011","format":false,"excerpt":"A Editora CUBO procura profissionais para est\u00e1gio e\/ou contrata\u00e7\u00e3o (conforme forma\u00e7\u00e3o) na \u00e1rea de biblioteconomia, para realizar atividades de normaliza\u00e7\u00e3o document\u00e1ria: revis\u00e3o de refer\u00eancias bibliogr\u00e1ficas e artigos cient\u00edficos conforme normas ABNT. Carga hor\u00e1ria do est\u00e1gio: 30 horas semanais. Requisitos: Alunos a partir do segundo ano do curso de biblioteconomia. Interessados\u2026","rel":"","context":"Em &quot;Est\u00e1gio&quot;","block_context":{"text":"Est\u00e1gio","link":"https:\/\/mundobibliotecario.com.br\/index.php\/category\/estagio\/"},"img":{"alt_text":"","src":"","width":0,"height":0},"classes":[]},{"id":669,"url":"https:\/\/mundobibliotecario.com.br\/index.php\/2009\/06\/06\/estagio-ufscar-2\/","url_meta":{"origin":277,"position":2},"title":"Est\u00e1gio &#8211; UFSCar","author":"mundobibliotecario","date":"06\/06\/2009","format":false,"excerpt":"A Universidade Federal de S\u00e3o Carlos (UFSCar) est\u00e1 com 1\u00a0vaga aberta para estagi\u00e1rio (a)\u00a0de Biblioteconomia. A carga hor\u00e1ria \u00e9 de 20\u00a0ou 30 horas semanais.\u00a0Para inscrever-se, o candidato dever\u00e1 acessar o endere\u00e7o www.srh.ufscar.br, no per\u00edodo de 08\/06 a\u00a0 03\/07\/2009. REQUISITO: Estar devidamente matriculado, freq\u00fcentando e cursando, no m\u00ednimo o 2\u00ba (segundo)\u2026","rel":"","context":"Em &quot;Est\u00e1gio&quot;","block_context":{"text":"Est\u00e1gio","link":"https:\/\/mundobibliotecario.com.br\/index.php\/category\/estagio\/"},"img":{"alt_text":"","src":"","width":0,"height":0},"classes":[]},{"id":1776,"url":"https:\/\/mundobibliotecario.com.br\/index.php\/2011\/02\/23\/estagio-de-biblioteconomia-em-sao-carlos\/","url_meta":{"origin":277,"position":3},"title":"Est\u00e1gio de Biblioteconomia em S\u00e3o Carlos","author":"mundobibliotecario","date":"23\/02\/2011","format":false,"excerpt":"A UFSCar abriu processo seletivo para contrata\u00e7\u00e3o de estagi\u00e1rios. O edital est\u00e1 dispon\u00edvel no site de concursos da universidade. Boa sorte a todos!","rel":"","context":"Em &quot;Est\u00e1gio&quot;","block_context":{"text":"Est\u00e1gio","link":"https:\/\/mundobibliotecario.com.br\/index.php\/category\/estagio\/"},"img":{"alt_text":"","src":"","width":0,"height":0},"classes":[]},{"id":324,"url":"https:\/\/mundobibliotecario.com.br\/index.php\/2009\/01\/29\/estagio-de-biblioteconomia-sao-carlos-2\/","url_meta":{"origin":277,"position":4},"title":"Est\u00e1gio de Biblioteconomia &#8211; S\u00e3o Carlos","author":"mundobibliotecario","date":"29\/01\/2009","format":false,"excerpt":"Vaga de est\u00e1gio na Secretaria da Fazenda Municipal de S\u00e3o Carlos \u00a0\u00a0\u00a0\u00a0\u00a0 - In\u00edcio imediato. \u00a0\u00a0\u00a0\u00a0\u00a0 - Bolsa-aux\u00edlio = 1 sal\u00e1rio m\u00ednimo \u00a0\u00a0\u00a0\u00a0\u00a0 - Hor\u00e1rio = 20hrs. semanais (prefer\u00eancia por 4hs di\u00e1rias na parte da tarde) \u00a0\u00a0\u00a0\u00a0\u00a0 - Contato: enviar curr\u00edculo com telefone\/celular\u00a0para tainapmatos@yahoo.com.br \u00a0\u00a0\u00a0\u00a0\u00a0 Obs: ser\u00e1 feito um contrato\u2026","rel":"","context":"Em &quot;Est\u00e1gio&quot;","block_context":{"text":"Est\u00e1gio","link":"https:\/\/mundobibliotecario.com.br\/index.php\/category\/estagio\/"},"img":{"alt_text":"","src":"","width":0,"height":0},"classes":[]},{"id":151,"url":"https:\/\/mundobibliotecario.com.br\/index.php\/2008\/10\/28\/estagio-ufscar\/","url_meta":{"origin":277,"position":5},"title":"Est\u00e1gio &#8211; UFSCar","author":"mundobibliotecario","date":"28\/10\/2008","format":false,"excerpt":"A Universidade Federal de S\u00e3o Carlos (UFSCar) est\u00e1 com 2 vagas abertas para alunos que estejam cursando Biblioteconomia. O per\u00edodo de inscri\u00e7\u00e3o \u00e9 de 27\/10 a 10\/11 das 8h30 \u00e0s 11h00 e das 14h30 \u00e0s 17h30, na Seecretaria Geral de Recursos Humanos (SRH) da Universidade. A remunera\u00e7\u00e3o \u00e9 de R$364,00\u2026","rel":"","context":"Em &quot;Est\u00e1gio&quot;","block_context":{"text":"Est\u00e1gio","link":"https:\/\/mundobibliotecario.com.br\/index.php\/category\/estagio\/"},"img":{"alt_text":"","src":"","width":0,"height":0},"classes":[]}],"jetpack_likes_enabled":true,"jetpack_shortlink":"https:\/\/wp.me\/pcbzwa-4t","_links":{"self":[{"href":"https:\/\/mundobibliotecario.com.br\/index.php\/wp-json\/wp\/v2\/posts\/277","targetHints":{"allow":["GET"]}}],"collection":[{"href":"https:\/\/mundobibliotecario.com.br\/index.php\/wp-json\/wp\/v2\/posts"}],"about":[{"href":"https:\/\/mundobibliotecario.com.br\/index.php\/wp-json\/wp\/v2\/types\/post"}],"author":[{"embeddable":true,"href":"https:\/\/mundobibliotecario.com.br\/index.php\/wp-json\/wp\/v2\/users\/1"}],"replies":[{"embeddable":true,"href":"https:\/\/mundobibliotecario.com.br\/index.php\/wp-json\/wp\/v2\/comments?post=277"}],"version-history":[{"count":0,"href":"https:\/\/mundobibliotecario.com.br\/index.php\/wp-json\/wp\/v2\/posts\/277\/revisions"}],"wp:attachment":[{"href":"https:\/\/mundobibliotecario.com.br\/index.php\/wp-json\/wp\/v2\/media?parent=277"}],"wp:term":[{"taxonomy":"category","embeddable":true,"href":"https:\/\/mundobibliotecario.com.br\/index.php\/wp-json\/wp\/v2\/categories?post=277"},{"taxonomy":"post_tag","embeddable":true,"href":"https:\/\/mundobibliotecario.com.br\/index.php\/wp-json\/wp\/v2\/tags?post=277"}],"curies":[{"name":"wp","href":"https:\/\/api.w.org\/{rel}","templated":true}]}}