{"id":2789,"date":"2013-01-11T18:05:06","date_gmt":"2013-01-11T21:05:06","guid":{"rendered":"http:\/\/mundobibliotecario.wordpress.com\/?p=2789"},"modified":"2020-07-21T23:20:45","modified_gmt":"2020-07-22T02:20:45","slug":"repositorios-institucionais-sao-tema-do-curso-de-especializacao-na-fiocruz","status":"publish","type":"post","link":"https:\/\/mundobibliotecario.com.br\/index.php\/2013\/01\/11\/repositorios-institucionais-sao-tema-do-curso-de-especializacao-na-fiocruz\/","title":{"rendered":"&#8220;Reposit\u00f3rios institucionais&#8221; s\u00e3o tema do curso de especializa\u00e7\u00e3o na Fiocruz"},"content":{"rendered":"<p align=\"center\"><i>Inscri\u00e7\u00f5es ir\u00e3o at\u00e9 21 de fevereiro e as vagas s\u00e3o limitadas<\/i><\/p>\n<p>\u00a0Est\u00e3o abertas at\u00e9 21\/2 as inscri\u00e7\u00f5es para a sele\u00e7\u00e3o do curso de especializa\u00e7\u00e3o\u00a0<em>lato sensu<\/em>\u00a0em Informa\u00e7\u00e3o Cient\u00edfica e Tecnol\u00f3gica em Sa\u00fade (ICTS\/Icict\/Fiocruz). Este ano,\u00a0o curso\u00a0ter\u00e1 como tema &#8220;Reposit\u00f3rios Institucionais&#8221;, com foco nos quatro eixos que comp\u00f5em o curso: &#8220;acesso&#8221;, &#8220;organiza\u00e7\u00e3o&#8221;, &#8220;comunica\u00e7\u00e3o e usos&#8221; e &#8220;aplica\u00e7\u00f5es da informa\u00e7\u00e3o cient\u00edfica e tecnol\u00f3gica&#8221;.<\/p>\n<p>Com periodicidade anual, o curso tem como objetivo contribuir para o aprimoramento do desempenho das institui\u00e7\u00f5es integrantes do SUS e daquelas voltadas para a ci\u00eancia e tecnologia em sa\u00fade, por meio da capacita\u00e7\u00e3o dos profissionais que atuam nas diversas atividades ligadas \u00e0 produ\u00e7\u00e3o, organiza\u00e7\u00e3o, an\u00e1lise e disponibiliza\u00e7\u00e3o da informa\u00e7\u00e3o cient\u00edfica e tecnol\u00f3gica. Ser\u00e3o oferecidas 15 vagas<\/p>\n<p>O curso ter\u00e1 uma carga hor\u00e1ria total de 360 horas e ser\u00e1 ministrado durante uma semana a cada m\u00eas, \u00e0s segundas, ter\u00e7as, quartas e quintas-feiras, em per\u00edodo integral (das 9h \u00e0s 17h). Excepcionalmente, poder\u00e3o ocorrer duas semanas de aula no mesmo m\u00eas ou em dias diferentes dos especificados. As aulas ter\u00e3o in\u00edcio em\u00a08 abril de 2013, com t\u00e9rmino e encerramento do curso em\u00a0dezembro de 2013.<\/p>\n<p>As inscri\u00e7\u00f5es\u00a0devem ser feitas\u00a0na Plataforma SIGA (<a href=\"http:\/\/www.sigals.fiocruz.br\/\" target=\"_blank\" rel=\"noopener noreferrer\">www.sigals.fiocruz.br<\/a>), seguindo os\u00a0<i>links<\/i>: inscri\u00e7\u00e3o &gt;presencial &gt; especializa\u00e7\u00e3o &gt; Icict &gt; Informa\u00e7\u00e3o Cient\u00edfica e Tecnol\u00f3gica em Sa\u00fade \u2013 2013\/Sede. O candidato dever\u00e1 seguir as orienta\u00e7\u00f5es dispon\u00edveis no\u00a0<i>link<\/i>\u00a0e efetuar sua inscri\u00e7\u00e3o.<\/p>\n<p>Para outras informa\u00e7\u00f5es, acesse a p\u00e1gina do Icict:\u00a0http:\/\/www.fiocruz.br\/icict\/cgi\/cgilua.exe\/sys\/start.htm?infoid=2322&amp;sid=18<\/p>\n<p><b>Servi\u00e7o:<\/b><\/p>\n<p>Evento: Curso de\u00a0especializa\u00e7\u00e3o\u00a0<em>lato sensu<\/em>\u00a0em Informa\u00e7\u00e3o Cient\u00edfica e Tecnol\u00f3gica em Sa\u00fade (ICTS\/Icict\/Fiocruz)<\/p>\n<p>Tema: &#8220;Reposit\u00f3rios institucionais&#8221;<\/p>\n<p>Inscri\u00e7\u00f5es: at\u00e9 o dia 21\/2<\/p>\n<p>Realiza\u00e7\u00e3o: 8\/04\/2013 a Dezembro\/2013<\/p>\n<p>Informa\u00e7\u00f5es: Site do Icict \/ Fiocruz &#8211;\u00a0http:\/\/www.fiocruz.br\/icict\/cgi\/cgilua.exe\/sys\/start.htm?infoid=2322&amp;sid=18<\/p>\n","protected":false},"excerpt":{"rendered":"<p>Inscri\u00e7\u00f5es ir\u00e3o at\u00e9 21 de fevereiro e as vagas s\u00e3o limitadas \u00a0Est\u00e3o abertas at\u00e9 21\/2 as inscri\u00e7\u00f5es para a sele\u00e7\u00e3o do curso de especializa\u00e7\u00e3o\u00a0lato sensu\u00a0em Informa\u00e7\u00e3o Cient\u00edfica e Tecnol\u00f3gica em Sa\u00fade (ICTS\/Icict\/Fiocruz). Este ano,\u00a0o curso\u00a0ter\u00e1 como tema &#8220;Reposit\u00f3rios Institucionais&#8221;, com foco nos quatro eixos que comp\u00f5em o curso: &#8220;acesso&#8221;, &#8220;organiza\u00e7\u00e3o&#8221;, &#8220;comunica\u00e7\u00e3o e usos&#8221; e &#8220;aplica\u00e7\u00f5es &#8230; <a title=\"&#8220;Reposit\u00f3rios institucionais&#8221; s\u00e3o tema do curso de especializa\u00e7\u00e3o na Fiocruz\" class=\"read-more\" href=\"https:\/\/mundobibliotecario.com.br\/index.php\/2013\/01\/11\/repositorios-institucionais-sao-tema-do-curso-de-especializacao-na-fiocruz\/\" aria-label=\"Read more about &#8220;Reposit\u00f3rios institucionais&#8221; s\u00e3o tema do curso de especializa\u00e7\u00e3o na Fiocruz\">Ler mais<\/a><\/p>\n","protected":false},"author":1,"featured_media":0,"comment_status":"open","ping_status":"open","sticky":false,"template":"","format":"standard","meta":{"_mi_skip_tracking":false,"_exactmetrics_sitenote_active":false,"_exactmetrics_sitenote_note":"","_exactmetrics_sitenote_category":0,"_jetpack_newsletter_access":"","footnotes":""},"categories":[252],"tags":[725,733],"class_list":["post-2789","post","type-post","status-publish","format-standard","hentry","category-curso","tag-fiocruz","tag-repositorio-institucional"],"jetpack_featured_media_url":"","jetpack_sharing_enabled":true,"jetpack-related-posts":[{"id":4913,"url":"https:\/\/mundobibliotecario.com.br\/index.php\/2013\/01\/11\/repositorios-institucionais-sao-tema-do-curso-de-especializacao-na-fiocruz-2\/","url_meta":{"origin":2789,"position":0},"title":"&quot;Reposit\u00f3rios institucionais&quot; s\u00e3o tema do curso de especializa\u00e7\u00e3o na Fiocruz","author":"mundobibliotecario","date":"11\/01\/2013","format":false,"excerpt":"Inscri\u00e7\u00f5es ir\u00e3o at\u00e9 21 de fevereiro e as vagas s\u00e3o limitadas \u00a0Est\u00e3o abertas at\u00e9 21\/2 as inscri\u00e7\u00f5es para a sele\u00e7\u00e3o do curso de especializa\u00e7\u00e3o\u00a0lato sensu\u00a0em Informa\u00e7\u00e3o Cient\u00edfica e Tecnol\u00f3gica em Sa\u00fade (ICTS\/Icict\/Fiocruz). Este ano,\u00a0o curso\u00a0ter\u00e1 como tema \"Reposit\u00f3rios Institucionais\", com foco nos quatro eixos que comp\u00f5em o curso: \"acesso\", \"organiza\u00e7\u00e3o\",\u2026","rel":"","context":"Em &quot;Curso&quot;","block_context":{"text":"Curso","link":"https:\/\/mundobibliotecario.com.br\/index.php\/category\/curso\/"},"img":{"alt_text":"","src":"","width":0,"height":0},"classes":[]},{"id":4915,"url":"https:\/\/mundobibliotecario.com.br\/index.php\/2013\/01\/11\/repositorios-institucionais-sao-tema-do-curso-de-especializacao-na-fiocruz-2-2\/","url_meta":{"origin":2789,"position":1},"title":"&#034;Reposit\u00f3rios institucionais&#034; s\u00e3o tema do curso de especializa\u00e7\u00e3o na Fiocruz","author":"mundobibliotecario","date":"11\/01\/2013","format":false,"excerpt":"Inscri\u00e7\u00f5es ir\u00e3o at\u00e9 21 de fevereiro e as vagas s\u00e3o limitadas \u00a0Est\u00e3o abertas at\u00e9 21\/2 as inscri\u00e7\u00f5es para a sele\u00e7\u00e3o do curso de especializa\u00e7\u00e3o\u00a0lato sensu\u00a0em Informa\u00e7\u00e3o Cient\u00edfica e Tecnol\u00f3gica em Sa\u00fade (ICTS\/Icict\/Fiocruz). Este ano,\u00a0o curso\u00a0ter\u00e1 como tema \"Reposit\u00f3rios Institucionais\", com foco nos quatro eixos que comp\u00f5em o curso: \"acesso\", \"organiza\u00e7\u00e3o\",\u2026","rel":"","context":"Em &quot;Curso&quot;","block_context":{"text":"Curso","link":"https:\/\/mundobibliotecario.com.br\/index.php\/category\/curso\/"},"img":{"alt_text":"","src":"","width":0,"height":0},"classes":[]},{"id":1910,"url":"https:\/\/mundobibliotecario.com.br\/index.php\/2011\/03\/27\/curso-da-fiocruz-andando-nas-nuvens\/","url_meta":{"origin":2789,"position":2},"title":"Curso da Fiocruz &#8220;Andando nas nuvens&#8221;","author":"mundobibliotecario","date":"27\/03\/2011","format":false,"excerpt":"\u201cAndando nas nuvens: Introdu\u00e7\u00e3o ao uso das tecnologias interativas na educa\u00e7\u00e3o, pesquisa, gest\u00e3o e sa\u00fade e no\u00e7\u00f5es de computa\u00e7\u00e3o em nuvem\u201d A partir de segunda-feira, 21 de mar\u00e7o, estar\u00e3o abertas as inscri\u00e7\u00f5es para o curso de atualiza\u00e7\u00e3o \u201cAndando nas nuvens: Introdu\u00e7\u00e3o ao uso das tecnologias interativas na educa\u00e7\u00e3o, pesquisa, gest\u00e3o\u2026","rel":"","context":"Em &quot;Curso&quot;","block_context":{"text":"Curso","link":"https:\/\/mundobibliotecario.com.br\/index.php\/category\/curso\/"},"img":{"alt_text":"","src":"","width":0,"height":0},"classes":[]},{"id":4868,"url":"https:\/\/mundobibliotecario.com.br\/index.php\/2011\/03\/27\/curso-da-fiocruz-andando-nas-nuvens-2\/","url_meta":{"origin":2789,"position":3},"title":"Curso da Fiocruz &quot;Andando nas nuvens&quot;","author":"mundobibliotecario","date":"27\/03\/2011","format":false,"excerpt":"\u201cAndando nas nuvens: Introdu\u00e7\u00e3o ao uso das tecnologias interativas na educa\u00e7\u00e3o, pesquisa, gest\u00e3o e sa\u00fade e no\u00e7\u00f5es de computa\u00e7\u00e3o em nuvem\u201d A partir de segunda-feira, 21 de mar\u00e7o, estar\u00e3o abertas as inscri\u00e7\u00f5es para o curso de atualiza\u00e7\u00e3o \u201cAndando nas nuvens: Introdu\u00e7\u00e3o ao uso das tecnologias interativas na educa\u00e7\u00e3o, pesquisa, gest\u00e3o\u2026","rel":"","context":"Em &quot;Curso&quot;","block_context":{"text":"Curso","link":"https:\/\/mundobibliotecario.com.br\/index.php\/category\/curso\/"},"img":{"alt_text":"","src":"","width":0,"height":0},"classes":[]},{"id":4869,"url":"https:\/\/mundobibliotecario.com.br\/index.php\/2011\/03\/27\/curso-da-fiocruz-andando-nas-nuvens-2-2\/","url_meta":{"origin":2789,"position":4},"title":"Curso da Fiocruz &#034;Andando nas nuvens&#034;","author":"mundobibliotecario","date":"27\/03\/2011","format":false,"excerpt":"\u201cAndando nas nuvens: Introdu\u00e7\u00e3o ao uso das tecnologias interativas na educa\u00e7\u00e3o, pesquisa, gest\u00e3o e sa\u00fade e no\u00e7\u00f5es de computa\u00e7\u00e3o em nuvem\u201d A partir de segunda-feira, 21 de mar\u00e7o, estar\u00e3o abertas as inscri\u00e7\u00f5es para o curso de atualiza\u00e7\u00e3o \u201cAndando nas nuvens: Introdu\u00e7\u00e3o ao uso das tecnologias interativas na educa\u00e7\u00e3o, pesquisa, gest\u00e3o\u2026","rel":"","context":"Em &quot;Curso&quot;","block_context":{"text":"Curso","link":"https:\/\/mundobibliotecario.com.br\/index.php\/category\/curso\/"},"img":{"alt_text":"","src":"","width":0,"height":0},"classes":[]},{"id":2540,"url":"https:\/\/mundobibliotecario.com.br\/index.php\/2012\/04\/03\/abertas-as-inscricoes-para-extensao-em-acesso-a-informacao-em-saude\/","url_meta":{"origin":2789,"position":5},"title":"Abertas as inscri\u00e7\u00f5es para extens\u00e3o em acesso \u00e0 informa\u00e7\u00e3o em sa\u00fade","author":"mundobibliotecario","date":"03\/04\/2012","format":false,"excerpt":"Est\u00e3o abertas de 2\/4 a 3\/5 as inscri\u00e7\u00f5es para o curso de extens\u00e3o \"Acesso \u00e0 informa\u00e7\u00e3o cient\u00edfica e tecnol\u00f3gica em sa\u00fade\". O curso tem como principais objetivos treinar os profissionais da \u00e1rea de informa\u00e7\u00e3o, destacando a import\u00e2ncia do seu cotidiano e suas pr\u00e1ticas, e a inser\u00e7\u00e3o destas na consecu\u00e7\u00e3o de\u2026","rel":"","context":"Em &quot;Curso&quot;","block_context":{"text":"Curso","link":"https:\/\/mundobibliotecario.com.br\/index.php\/category\/curso\/"},"img":{"alt_text":"","src":"","width":0,"height":0},"classes":[]}],"jetpack_likes_enabled":true,"jetpack_shortlink":"https:\/\/wp.me\/pcbzwa-IZ","_links":{"self":[{"href":"https:\/\/mundobibliotecario.com.br\/index.php\/wp-json\/wp\/v2\/posts\/2789","targetHints":{"allow":["GET"]}}],"collection":[{"href":"https:\/\/mundobibliotecario.com.br\/index.php\/wp-json\/wp\/v2\/posts"}],"about":[{"href":"https:\/\/mundobibliotecario.com.br\/index.php\/wp-json\/wp\/v2\/types\/post"}],"author":[{"embeddable":true,"href":"https:\/\/mundobibliotecario.com.br\/index.php\/wp-json\/wp\/v2\/users\/1"}],"replies":[{"embeddable":true,"href":"https:\/\/mundobibliotecario.com.br\/index.php\/wp-json\/wp\/v2\/comments?post=2789"}],"version-history":[{"count":1,"href":"https:\/\/mundobibliotecario.com.br\/index.php\/wp-json\/wp\/v2\/posts\/2789\/revisions"}],"predecessor-version":[{"id":6156,"href":"https:\/\/mundobibliotecario.com.br\/index.php\/wp-json\/wp\/v2\/posts\/2789\/revisions\/6156"}],"wp:attachment":[{"href":"https:\/\/mundobibliotecario.com.br\/index.php\/wp-json\/wp\/v2\/media?parent=2789"}],"wp:term":[{"taxonomy":"category","embeddable":true,"href":"https:\/\/mundobibliotecario.com.br\/index.php\/wp-json\/wp\/v2\/categories?post=2789"},{"taxonomy":"post_tag","embeddable":true,"href":"https:\/\/mundobibliotecario.com.br\/index.php\/wp-json\/wp\/v2\/tags?post=2789"}],"curies":[{"name":"wp","href":"https:\/\/api.w.org\/{rel}","templated":true}]}}