{"id":279,"date":"2009-01-13T18:53:01","date_gmt":"2009-01-13T21:53:01","guid":{"rendered":"http:\/\/mundobibliotecario.wordpress.com\/?p=279"},"modified":"2020-07-21T23:53:27","modified_gmt":"2020-07-22T02:53:27","slug":"web-ultrapassa-jornais-um-ano-interessante","status":"publish","type":"post","link":"https:\/\/mundobibliotecario.com.br\/index.php\/2009\/01\/13\/web-ultrapassa-jornais-um-ano-interessante\/","title":{"rendered":"Web ultrapassa jornais: um ano interessante"},"content":{"rendered":"<div class=\"date\">\n<p>6\/janeiro\/2009 10:35<\/p><\/div>\n<p>\u00a0<\/p>\n<div id=\"attachment_3512\" class=\"wp-caption alignnone\"><\/div>\n<p class=\"wp-caption-text\">Marcelo Coutinho: \u00e9 bom ficar de olho na prefer\u00eancia dos jovens<\/p>\n<p>Por Marcelo Coutinho\uf02a*<\/p>\n<p>Uma velha praga chinesa \u00e9 a de &#8220;que voc\u00ea viva tempos interessantes&#8221;. A explica\u00e7\u00e3o \u00e9 que tempos interessantes geralmente deixam pouco espa\u00e7o para a medita\u00e7\u00e3o e contempla\u00e7\u00e3o, atividades centrais na doutrina confucionista que predominou naquele pa\u00eds durante a maior parte da sua hist\u00f3ria.<\/p>\n<p>Praga, ou ben\u00e7\u00e3o, o fato \u00e9 que a m\u00eddia est\u00e1 vivendo um tempo t\u00e3o interessante quanto o da populariza\u00e7\u00e3o dos jornais impressos no final do s\u00e9culo XIX, conforme demonstra Peter Burke em Uma Hist\u00f3ria Social da M\u00eddia. E nada indica que 2009 ser\u00e1 diferente de 2008, que vai entrar para a hist\u00f3ria digital como &#8220;o ano que caiu a ficha&#8221;. N\u00e3o somente pela campanha do Obama ou pelo &#8220;valuation&#8221; de 100 milh\u00f5es de d\u00f3lares do blog da Ariana Huffington, mas principalmente pelo fato de que em diversos momentos do ano as empresas de m\u00eddia tradicionais foram obrigadas, relutantemente de in\u00edcio, a &#8220;abra\u00e7ar&#8221; os novos formatos de gera\u00e7\u00e3o de conte\u00fado e neg\u00f3cio possibilitados pelas m\u00eddias digitais.<\/p>\n<p>Dois epis\u00f3dios s\u00e3o simb\u00f3licos desta tend\u00eancia: de um lado o Christian Science Monitor, um dos mais tradicionais jornais dos EUA, que deve deixar de circular em papel nos pr\u00f3ximos meses. Do outro, o aumento do uso reconhecido de blogs e twitters pela m\u00eddia tradicional, como ficou patente durante os atentados em Bombaim ou nas enchentes em Santa Catarina.<\/p>\n<p>Todos esses fatores ajudam a explicar o fato de que a Web ultrapassou os jornais como principal fonte de not\u00edcias para os americanos, de acordo com a \u00faltima pesquisa do Pew Research Center, feita em dezembro do ano passado. Cerca de 40% dos entrevistados afirmaram obter a maior parte das suas informa\u00e7\u00f5es sobre eventos nacionais e internacionais na Web, contra 35% que cravaram os jornais. \u00c9 a primeira vez que isso acontece desde 2001, quando a pesquisa come\u00e7ou a ser feita.<\/p>\n<p>Mais importante, a mesma pesquisa mostra que entre os jovens adultos (18 \u2013 29 anos) a rede j\u00e1 empatou com a televis\u00e3o em termos de principal fonte de not\u00edcias, conforme podemos verificar na tabela abaixo:<\/p>\n<p>No Brasil ainda estamos longe destes n\u00fameros, mas a tend\u00eancia de aumento da import\u00e2ncia dos meios digitais \u00e9 irrevers\u00edvel. Ali\u00e1s, a pr\u00f3xima novela das 8 da Globo vai contar com um blogueiro entre seus personagens. N\u00e3o ser\u00e1 um dos atores principais da trama, mas sua presen\u00e7a \u00e9 sintom\u00e1tica.<\/p>\n<p>\u00c9 claro que o jornais ou a televis\u00e3o tradicional n\u00e3o v\u00e3o desaparecer, mas ter\u00e3o que mudar seu modelo de neg\u00f3cios \u2013Rupert Murdoch em pessoa j\u00e1 reconheceu isto. A quest\u00e3o \u00e9 o quanto uma mudan\u00e7a no modelo de neg\u00f3cios pode afetar a cultura de uma organiza\u00e7\u00e3o, e vice-versa. A explos\u00e3o no uso de blogs, twitters, podcasts e outros formatos de m\u00eddias sociais digitais n\u00e3o s\u00e3o causa da eros\u00e3o da credibilidade da m\u00eddia tradicional, mas sim um sintoma do problema. Que s\u00f3 vai se tornar mais agudo com o aumento do uso de plataformas m\u00f3veis, como os celulares e aparelhos do g\u00eanero.<\/p>\n<p>O modelo de neg\u00f3cios de jornais, revistas e boa parte dos programas de televis\u00e3o est\u00e1 baseado na premissa que conte\u00fado atrai audi\u00eancia, que atrai os anunciantes. Essa equa\u00e7\u00e3o ainda est\u00e1 valendo, mas diante da explos\u00e3o da cria\u00e7\u00e3o de conte\u00fado, a audi\u00eancia se torna cada vez mais fracionada. E, principalmente em tempos de crise, mais que audi\u00eancia os anunciantes querem resultados de vendas, uma no\u00e7\u00e3o clara de custo\/benef\u00edcio do seu investimento. Isso depende n\u00e3o somente da quantidade de pessoas atra\u00eddas pelo conte\u00fado, mas tamb\u00e9m da credibilidade do mesmo \u2013esse ainda \u00e9 o &#8220;pulo do gato&#8221; que todos est\u00e3o buscando: descobrir quais os novos processos de constru\u00e7\u00e3o de credibilidade que ir\u00e3o predominar nos pr\u00f3ximos anos. N\u00e3o somente por uma quest\u00e3o de sobreviv\u00eancia comercial, mas tamb\u00e9m (ou principalmente) de influ\u00eancia pol\u00edtica e social.<\/p>\n<p>Apesar dos pesares, acho que 2009 vai ser um ano interessante para as novas e velhas m\u00eddias. Isso \u00e9 bom ou ruim? Temos que esperar os pr\u00f3ximos 12 meses para descobrir.<\/p>\n<p>* Marcelo Coutinho \u00e9 diretor do IBOPE Intelig\u00eancia e professor do curso de mestrado em comunica\u00e7\u00e3o da Funda\u00e7\u00e3o C\u00e1sper L\u00edbero<\/p>\n<p>O Valor de hoje traz um perfil do internauta brasileiro e de seus h\u00e1bitos de acesso:<br \/>\nBase de internautas pode superar 50 milh\u00f5es<br \/>\nDepois de viver um ciclo de crescimento sem precedentes no mercado de computadores, o Brasil fechou 2008 com mais de 43 milh\u00f5es de pessoas com acesso \u00e0 internet, segundo dados do instituto de pesquisa Ibope\/NetRatings. No fim de 2003, esse contingente era de 22 milh\u00f5es de pessoas. Por si s\u00f3, o volume j\u00e1 excede a popula\u00e7\u00e3o total de pa\u00edses como Espanha e Argentina. Mas o n\u00famero total certamente \u00e9 ainda maior, uma vez que os dados contabilizam apenas usu\u00e1rios a partir dos 16 anos de idade, com acesso em qualquer tipo de ambiente &#8211; resid\u00eancia, trabalho, escolas, lan houses, bibliotecas e telecentros.<br \/>\nNeste ano, mesmo se considerado o cen\u00e1rio econ\u00f4mico mais pessimista, a expectativa \u00e9 de que a rede mundial quebre a fronteira dos 50 milh\u00f5es de usu\u00e1rios no pa\u00eds. &#8220;Os \u00faltimos dois anos foram per\u00edodos muito fortes, uma fase que n\u00e3o ir\u00e1 se repetir em 2009, mas certamente o pa\u00eds vai manter um bom ritmo de acesso&#8221;, diz Fernando Meirelles, professor e coordenador do centro de pesquisa de tecnologia da Funda\u00e7\u00e3o Getulio Vargas, de S\u00e3o Paulo (FGV-SP).<\/p>\n<p>A previs\u00e3o \u00e9 de que o acesso residencial, que tem sido o principal motor da rede de computadores no pa\u00eds, continuar\u00e1 a ser estimulado pela entrada das classes C e D. &#8220;A internet vem se transformando em um item essencial de consumo do usu\u00e1rio urbano&#8221;, comenta Marcelo Coutinho, diretor de an\u00e1lise de mercado do Ibope Intelig\u00eancia. &#8220;Uma vez que a pessoa tenha contato com a tecnologia, ela tende a n\u00e3o querer abrir m\u00e3o desse benef\u00edcio.&#8221;<\/p>\n","protected":false},"excerpt":{"rendered":"<p>6\/janeiro\/2009 10:35 \u00a0 Marcelo Coutinho: \u00e9 bom ficar de olho na prefer\u00eancia dos jovens Por Marcelo Coutinho\uf02a* Uma velha praga chinesa \u00e9 a de &#8220;que voc\u00ea viva tempos interessantes&#8221;. A explica\u00e7\u00e3o \u00e9 que tempos interessantes geralmente deixam pouco espa\u00e7o para a medita\u00e7\u00e3o e contempla\u00e7\u00e3o, atividades centrais na doutrina confucionista que predominou naquele pa\u00eds durante a &#8230; <a title=\"Web ultrapassa jornais: um ano interessante\" class=\"read-more\" href=\"https:\/\/mundobibliotecario.com.br\/index.php\/2009\/01\/13\/web-ultrapassa-jornais-um-ano-interessante\/\" aria-label=\"Read more about Web ultrapassa jornais: um ano interessante\">Ler mais<\/a><\/p>\n","protected":false},"author":1,"featured_media":0,"comment_status":"open","ping_status":"open","sticky":false,"template":"","format":"standard","meta":{"_mi_skip_tracking":false,"_exactmetrics_sitenote_active":false,"_exactmetrics_sitenote_note":"","_exactmetrics_sitenote_category":0,"_jetpack_newsletter_access":"","footnotes":""},"categories":[60],"tags":[183,87],"class_list":["post-279","post","type-post","status-publish","format-standard","hentry","category-noticias","tag-midias-digitais","tag-web"],"jetpack_featured_media_url":"","jetpack_sharing_enabled":true,"jetpack-related-posts":[{"id":427,"url":"https:\/\/mundobibliotecario.com.br\/index.php\/2009\/03\/08\/buraco-negro-como-a-web-devora-a-historia\/","url_meta":{"origin":279,"position":0},"title":"Buraco negro: como a Web devora a Hist\u00f3ria","author":"mundobibliotecario","date":"08\/03\/2009","format":false,"excerpt":"Por Eric Auchard LONDRES (Reuters) - Acad\u00eamicos, pesquisadores e at\u00e9 mesmo estudiosos da hist\u00f3ria do beisebol perceberam recentemente o desaparecimento de alguns arquivos de jornais mais antigos at\u00e9 h\u00e1 pouco dispon\u00edveis na Web. Os problemas surgiram depois que a PaperofRecord.com, uma cole\u00e7\u00e3o de mais de 20 milh\u00f5es de p\u00e1ginas de\u2026","rel":"","context":"Em &quot;Not\u00edcias&quot;","block_context":{"text":"Not\u00edcias","link":"https:\/\/mundobibliotecario.com.br\/index.php\/category\/noticias\/"},"img":{"alt_text":"","src":"","width":0,"height":0},"classes":[]},{"id":3322,"url":"https:\/\/mundobibliotecario.com.br\/index.php\/2013\/11\/26\/dita-kraus-a-bibliotecaria-de-auschwitz-fala-com-exclusividade-ao-jornal-opcao\/","url_meta":{"origin":279,"position":1},"title":"Dita Kraus, a bibliotec\u00e1ria de Auschwitz, fala com exclusividade ao Jornal Op\u00e7\u00e3o","author":"mundobibliotecario","date":"26\/11\/2013","format":false,"excerpt":"N\u00e3o sei como ser\u00e1 a leitura para voc\u00eas, mas me senti \"pesado\". *** No campo de exterm\u00ednio mais letal do regime nazista de Hitler, Dita Kraus, de 14 anos, era a bibliotec\u00e1ria de oito livros que Freddy Hirsch reuniu para cerca de 500 crian\u00e7as. Nascida na Tchecoslov\u00e1quia, ela tem 84\u2026","rel":"","context":"Em &quot;Not\u00edcias&quot;","block_context":{"text":"Not\u00edcias","link":"https:\/\/mundobibliotecario.com.br\/index.php\/category\/noticias\/"},"img":{"alt_text":"","src":"","width":0,"height":0},"classes":[]},{"id":8765,"url":"https:\/\/mundobibliotecario.com.br\/index.php\/2021\/04\/27\/19-bibliotecas-que-vivem-em-3021-enquanto-ainda-estamos-presos-aqui\/","url_meta":{"origin":279,"position":2},"title":"19 bibliotecas que vivem em 3021, enquanto ainda estamos presos aqui","author":"mundobibliotecario","date":"27\/04\/2021","format":false,"excerpt":"Talvez seja hora de eu conseguir um novo cart\u00e3o da biblioteca. por\u00a0Ajani Bazile Equipe BuzzFeed 1.\u00a0Esta biblioteca armazena de forma inteligente pufes nas paredes ao lado das mesas: A biblioteca da minha universidade tem uma parede onde voc\u00ea pode literalmente se sentar r \/ moderadamente interessante Naco88 2 anos atr\u00e1s\u2026","rel":"","context":"Em &quot;Not\u00edcias&quot;","block_context":{"text":"Not\u00edcias","link":"https:\/\/mundobibliotecario.com.br\/index.php\/category\/noticias\/"},"img":{"alt_text":"Um dispositivo na mesa da biblioteca que brilha em cores diferentes com base no n\u00c3\u00advel de ru\u00c3\u00addo","src":"https:\/\/i0.wp.com\/img.buzzfeed.com\/buzzfeed-static\/static\/2021-04\/20\/16\/asset\/0756e66fe1e2\/sub-buzz-22810-1618934558-1.png?resize=350%2C200&ssl=1","width":350,"height":200},"classes":[]},{"id":956,"url":"https:\/\/mundobibliotecario.com.br\/index.php\/2009\/10\/28\/palestra-redarterj\/","url_meta":{"origin":279,"position":3},"title":"Palestra &#8211; REDARTE\/RJ","author":"mundobibliotecario","date":"28\/10\/2009","format":false,"excerpt":"Divulgand0 evento a pedido de uma leitora do blog. **************************************************** Gostaria de solicitar divulga\u00e7\u00e3o para um evento de nossa rede de bibliotecas de arte aqui no Rio, a REDARTE\/RJ. \u00c9 uma palestra de Moreno Barros, bibliotec\u00e1rio da UFRJ: \u201cNovas tecnologias da internet aplicadas a bibliotecas e centros de informa\u00e7\u00e3o: web\u2026","rel":"","context":"Em &quot;Eventos&quot;","block_context":{"text":"Eventos","link":"https:\/\/mundobibliotecario.com.br\/index.php\/category\/eventos\/"},"img":{"alt_text":"","src":"","width":0,"height":0},"classes":[]},{"id":8277,"url":"https:\/\/mundobibliotecario.com.br\/index.php\/2021\/01\/06\/uma-estrategia-de-midia-social-para-bibliotecas\/","url_meta":{"origin":279,"position":4},"title":"Uma estrat\u00e9gia de m\u00eddia social para bibliotecas","author":"mundobibliotecario","date":"06\/01\/2021","format":false,"excerpt":"Fonte: Bookriot O bibliotec\u00e1rio escolar Lucas Maxwell compartilhou as estrat\u00e9gias que ele usa nas redes sociais da Glenthorne High School Library. Veja quais s\u00e3o! Comunica\u00e7\u00e3o: uma das formas que utilizadas pelo Lucas \u00e9 promover clubes (de cinema, livro, mang\u00e1s e outros).Dar voz aos alunos (ou clientes): uma iniciativa muito interessante\u2026","rel":"","context":"Em &quot;Not\u00edcias&quot;","block_context":{"text":"Not\u00edcias","link":"https:\/\/mundobibliotecario.com.br\/index.php\/category\/noticias\/"},"img":{"alt_text":"","src":"","width":0,"height":0},"classes":[]},{"id":1456,"url":"https:\/\/mundobibliotecario.com.br\/index.php\/2010\/09\/16\/peter-burke-no-brasil-com-transmissao-pela-net\/","url_meta":{"origin":279,"position":5},"title":"Peter Burke no Brasil, com transmiss\u00e3o pela net","author":"mundobibliotecario","date":"16\/09\/2010","format":false,"excerpt":"Continua Viva a Rep\u00fablica das Letras? 16\/9\/2010 Dia 22\/9\/2010 Faltam 6 dias para o in\u00edcio do evento. Dura\u00e7\u00e3o: 1 dia Ag\u00eancia FAPESP \u2013 \u201cContinua Viva a Rep\u00fablica das Letras?\u201d ser\u00e1 o tema da confer\u00eancia do historiador Peter Burke, professor em\u00e9rito da Universidade de Cambridge (Reino Unido), no dia 22 de\u2026","rel":"","context":"Em &quot;Not\u00edcias&quot;","block_context":{"text":"Not\u00edcias","link":"https:\/\/mundobibliotecario.com.br\/index.php\/category\/noticias\/"},"img":{"alt_text":"","src":"","width":0,"height":0},"classes":[]}],"jetpack_likes_enabled":true,"jetpack_shortlink":"https:\/\/wp.me\/pcbzwa-4v","_links":{"self":[{"href":"https:\/\/mundobibliotecario.com.br\/index.php\/wp-json\/wp\/v2\/posts\/279","targetHints":{"allow":["GET"]}}],"collection":[{"href":"https:\/\/mundobibliotecario.com.br\/index.php\/wp-json\/wp\/v2\/posts"}],"about":[{"href":"https:\/\/mundobibliotecario.com.br\/index.php\/wp-json\/wp\/v2\/types\/post"}],"author":[{"embeddable":true,"href":"https:\/\/mundobibliotecario.com.br\/index.php\/wp-json\/wp\/v2\/users\/1"}],"replies":[{"embeddable":true,"href":"https:\/\/mundobibliotecario.com.br\/index.php\/wp-json\/wp\/v2\/comments?post=279"}],"version-history":[{"count":2,"href":"https:\/\/mundobibliotecario.com.br\/index.php\/wp-json\/wp\/v2\/posts\/279\/revisions"}],"predecessor-version":[{"id":7077,"href":"https:\/\/mundobibliotecario.com.br\/index.php\/wp-json\/wp\/v2\/posts\/279\/revisions\/7077"}],"wp:attachment":[{"href":"https:\/\/mundobibliotecario.com.br\/index.php\/wp-json\/wp\/v2\/media?parent=279"}],"wp:term":[{"taxonomy":"category","embeddable":true,"href":"https:\/\/mundobibliotecario.com.br\/index.php\/wp-json\/wp\/v2\/categories?post=279"},{"taxonomy":"post_tag","embeddable":true,"href":"https:\/\/mundobibliotecario.com.br\/index.php\/wp-json\/wp\/v2\/tags?post=279"}],"curies":[{"name":"wp","href":"https:\/\/api.w.org\/{rel}","templated":true}]}}