{"id":2807,"date":"2013-01-22T14:51:05","date_gmt":"2013-01-22T17:51:05","guid":{"rendered":"http:\/\/mundobibliotecario.wordpress.com\/?p=2807"},"modified":"2020-07-21T23:20:45","modified_gmt":"2020-07-22T02:20:45","slug":"a47-a-primeira-biblioteca-movel-de-livros-de-arte-do-mundo","status":"publish","type":"post","link":"https:\/\/mundobibliotecario.com.br\/index.php\/2013\/01\/22\/a47-a-primeira-biblioteca-movel-de-livros-de-arte-do-mundo\/","title":{"rendered":"a47, a primeira biblioteca m\u00f3vel de livros de arte do mundo"},"content":{"rendered":"<p>Quando pensamos em bibliotecas, tendemos a imaginar edif\u00edcios cl\u00e1ssicos com filas de prateleiras altas cobertas de livros empoeirados. A\u00a0 <strong>a47 Mobile Art Library<\/strong>, entretanto, \u00e9 uma biblioteca m\u00f3vel, desenvolvida pelo est\u00fadio <a href=\"http:\/\/www.productora-df.com.mx\/\">Productora<\/a> sob encomenda da funda\u00e7\u00e3o <a title=\"\" href=\"http:\/\/alumnos47.org\/\" target=\"_blank\" rel=\"noopener noreferrer\">alumnos47<\/a> do M\u00e9xico, que faz uma releitura da sala de leitura. A proposta \u00e9 oferecer um espa\u00e7o para oficinas, debates, apresenta\u00e7\u00f5es e palestras que seja mais arejado e interativo.<\/p>\n<p>Al\u00e9m das paredes envidra\u00e7adas remov\u00edveis e do piso vers\u00e1til, que pode ser regulado em diferentes n\u00edveis, o ve\u00edculo tamb\u00e9m \u00e9 iluminado \u00e0 noite, gra\u00e7as \u00e0 luz\u00a0 produzida pelo gerador compartilhado do caminh\u00e3o. Atualmente, est\u00e3o dispon\u00edveis para leitura cerca de 1500 obras focadas em arte moderna e contempor\u00e2nea.<\/p>\n<p>Dispon\u00edvel em: &lt;<a href=\"http:\/\/www.hypeness.com.br\/2013\/01\/a47-a-primeira-biblioteca-movel-de-livros-de-arte-do-mundo\/?utm_source=feedburner&amp;utm_medium=email&amp;utm_campaign=Feed%3A+com%2FtQbo+%28Hypeness%29\">http:\/\/www.hypeness.com.br\/2013\/01\/a47-a-primeira-biblioteca-movel-de-livros-de-arte-do-mundo\/?utm_source=feedburner&amp;utm_medium=email&amp;utm_campaign=Feed%3A+com%2FtQbo+%28Hypeness%29<\/a>&gt;. Acesso em: 22 jan. 2013.<\/p>\n<p>&nbsp;<\/p>\n","protected":false},"excerpt":{"rendered":"<p>Quando pensamos em bibliotecas, tendemos a imaginar edif\u00edcios cl\u00e1ssicos com filas de prateleiras altas cobertas de livros empoeirados. A\u00a0 a47 Mobile Art Library, entretanto, \u00e9 uma biblioteca m\u00f3vel, desenvolvida pelo est\u00fadio Productora sob encomenda da funda\u00e7\u00e3o alumnos47 do M\u00e9xico, que faz uma releitura da sala de leitura. A proposta \u00e9 oferecer um espa\u00e7o para oficinas, &#8230; <a title=\"a47, a primeira biblioteca m\u00f3vel de livros de arte do mundo\" class=\"read-more\" href=\"https:\/\/mundobibliotecario.com.br\/index.php\/2013\/01\/22\/a47-a-primeira-biblioteca-movel-de-livros-de-arte-do-mundo\/\" aria-label=\"Read more about a47, a primeira biblioteca m\u00f3vel de livros de arte do mundo\">Ler mais<\/a><\/p>\n","protected":false},"author":1,"featured_media":0,"comment_status":"open","ping_status":"open","sticky":false,"template":"","format":"standard","meta":{"_mi_skip_tracking":false,"_exactmetrics_sitenote_active":false,"_exactmetrics_sitenote_note":"","_exactmetrics_sitenote_category":0,"_jetpack_newsletter_access":"","footnotes":""},"categories":[60],"tags":[1023,1024],"class_list":["post-2807","post","type-post","status-publish","format-standard","hentry","category-noticias","tag-arte","tag-biblioteca-movel"],"jetpack_featured_media_url":"","jetpack_sharing_enabled":true,"jetpack-related-posts":[{"id":8327,"url":"https:\/\/mundobibliotecario.com.br\/index.php\/2021\/01\/13\/acao-do-sesc-estimula-leitura-em-empresas-de-alagoas\/","url_meta":{"origin":2807,"position":0},"title":"A\u00e7\u00e3o do Sesc estimula leitura em empresas de Alagoas","author":"mundobibliotecario","date":"13\/01\/2021","format":false,"excerpt":"Empresas podem se cadastrar para receber livros atrav\u00e9s da biblioteca ambulante do Sesc. Sesc Po\u00e7o \u2014 Foto: Divulga\u00e7\u00e3o J\u00e1 imaginou receber livros diretamente no trabalho? Atrav\u00e9s da biblioteca ambulante do Sesc Alagoas \u00e9 poss\u00edvel pegar os exemplares sem sair de casa. Para isso, basta que as empresas interessadas solicitem o\u2026","rel":"","context":"Em &quot;Not\u00edcias&quot;","block_context":{"text":"Not\u00edcias","link":"https:\/\/mundobibliotecario.com.br\/index.php\/category\/noticias\/"},"img":{"alt_text":"","src":"","width":0,"height":0},"classes":[]},{"id":1282,"url":"https:\/\/mundobibliotecario.com.br\/index.php\/2010\/05\/25\/sancionada-a-lei-sobre-a-universalizacao-das-bibliotecas-nas-instituicoes-de-ensino-do-pais\/","url_meta":{"origin":2807,"position":1},"title":"Sancionada a lei sobre a universaliza\u00e7\u00e3o das bibliotecas nas institui\u00e7\u00f5es de ensino do pa\u00eds","author":"mundobibliotecario","date":"25\/05\/2010","format":false,"excerpt":"LEI No- 12.244, DE 24 DE MAIO DE 2010 Disp\u00f5e sobre a universaliza\u00e7\u00e3o das bibliotecas nas institui\u00e7\u00f5es de ensino do Pa\u00eds. \u00a0O\u00a0 P R E S I D E N T E \u00a0D A \u00a0R E P \u00da B L I C A Fa\u00e7o saber que o Congresso Nacional decreta\u2026","rel":"","context":"Em &quot;Not\u00edcias&quot;","block_context":{"text":"Not\u00edcias","link":"https:\/\/mundobibliotecario.com.br\/index.php\/category\/noticias\/"},"img":{"alt_text":"","src":"","width":0,"height":0},"classes":[]},{"id":5548,"url":"https:\/\/mundobibliotecario.com.br\/index.php\/2020\/04\/11\/biblioteca-faz-campanha-nas-redes-sociais-para-estimular-o-habito-da-leitura\/","url_meta":{"origin":2807,"position":2},"title":"Biblioteca faz campanha nas redes sociais para estimular o h\u00e1bito da leitura","author":"mundobibliotecario","date":"11\/04\/2020","format":false,"excerpt":"Nova identidade visual e comunica\u00e7\u00e3o interativa s\u00e3o as estrat\u00e9gias da BNB para atrair o p\u00fablico na internet A BNB investe em campanha para estimular as pessoas a lerem mais | Foto: Paulo H Carvalho \/ Ag\u00eancia Bras\u00edlia Compartilhar dicas de livros com conhecidos e desconhecidos como forma de estimular o\u2026","rel":"","context":"Em &quot;Not\u00edcias&quot;","block_context":{"text":"Not\u00edcias","link":"https:\/\/mundobibliotecario.com.br\/index.php\/category\/noticias\/"},"img":{"alt_text":"","src":"","width":0,"height":0},"classes":[]},{"id":9981,"url":"https:\/\/mundobibliotecario.com.br\/index.php\/2022\/06\/02\/projeto-de-lei-determina-a-obrigatoriedade-de-livros-acessiveis-e-tecnologias-assistidas-nas-bibliotecas-publicas\/","url_meta":{"origin":2807,"position":3},"title":"Projeto de lei determina a obrigatoriedade de livros acess\u00edveis e tecnologias assistidas nas bibliotecas p\u00fablicas","author":"mundobibliotecario","date":"02\/06\/2022","format":false,"excerpt":"O\u00a0 Projeto de Lei 1454\/2022, apresentado pelo deputado Francisco Jr. (PSD\/GO) em 01\/06\/2022, prev\u00ea uma altera\u00e7\u00e3o no art. 7\u00ba da Lei n\u00ba 10.753 (Pol\u00edtica Nacional do Livro). O projeto prop\u00f5e\u00a0a obrigatoriedade da presen\u00e7a de livros acess\u00edveis e tecnologias assistidas nas bibliotecas p\u00fablicas para garantir o acesso \u00e0s obras do acervo\u2026","rel":"","context":"Em &quot;Not\u00edcias&quot;","block_context":{"text":"Not\u00edcias","link":"https:\/\/mundobibliotecario.com.br\/index.php\/category\/noticias\/"},"img":{"alt_text":"","src":"https:\/\/i0.wp.com\/mundobibliotecario.com.br\/wp-content\/uploads\/2022\/06\/braille-g8f7857196_640.jpg?resize=350%2C200&ssl=1","width":350,"height":200},"classes":[]},{"id":8918,"url":"https:\/\/mundobibliotecario.com.br\/index.php\/2021\/05\/25\/a-biblioteca-digital-de-roma-permite-que-os-passageiros-leiam-e-books-em-pontos-de-onibus\/","url_meta":{"origin":2807,"position":4},"title":"A biblioteca digital de Roma permite que os passageiros leiam e-books em pontos de \u00f4nibus","author":"mundobibliotecario","date":"25\/05\/2021","format":false,"excerpt":"Fonte: Wanted in Rome A espera pelos \u00f4nibus e trens de Roma ficou mais interessante. A primeira biblioteca digital m\u00f3vel da It\u00e1lia unindo transporte p\u00fablico com literatura foi lan\u00e7ada em Roma no que est\u00e1 sendo saudado como o maior projeto desse tipo na Europa. A iniciativa + Viaggi + Leggi,\u2026","rel":"","context":"Em &quot;Not\u00edcias&quot;","block_context":{"text":"Not\u00edcias","link":"https:\/\/mundobibliotecario.com.br\/index.php\/category\/noticias\/"},"img":{"alt_text":"biblioteca digital roma","src":"https:\/\/i0.wp.com\/mundobibliotecario.com.br\/wp-content\/uploads\/2021\/05\/biblioteca-digital-roma.jpg?resize=350%2C200&ssl=1","width":350,"height":200},"classes":[]},{"id":410,"url":"https:\/\/mundobibliotecario.com.br\/index.php\/2009\/02\/27\/ler-um-sonho-a-mais\/","url_meta":{"origin":2807,"position":5},"title":"&#039;Ler: Um sonho a mais&#039;","author":"mundobibliotecario","date":"27\/02\/2009","format":false,"excerpt":"Juliana Rocha \u00b7 Belo Horizonte (MG) \u00b7 8\/12\/2006 15:13 Todos os dias \u00e0s 8h os auxiliares de biblioteca Jo\u00e3o Eust\u00e1quio Gomes Cosso e Jos\u00e9 Fernandes da Silva saem em um caminh\u00e3o recheado de livros e seguem com destino a bairros da periferia de Belo Horizonte para levar conhecimento e divers\u00e3o\u2026","rel":"","context":"Em &quot;Not\u00edcias&quot;","block_context":{"text":"Not\u00edcias","link":"https:\/\/mundobibliotecario.com.br\/index.php\/category\/noticias\/"},"img":{"alt_text":"","src":"","width":0,"height":0},"classes":[]}],"jetpack_likes_enabled":true,"jetpack_shortlink":"https:\/\/wp.me\/pcbzwa-Jh","_links":{"self":[{"href":"https:\/\/mundobibliotecario.com.br\/index.php\/wp-json\/wp\/v2\/posts\/2807","targetHints":{"allow":["GET"]}}],"collection":[{"href":"https:\/\/mundobibliotecario.com.br\/index.php\/wp-json\/wp\/v2\/posts"}],"about":[{"href":"https:\/\/mundobibliotecario.com.br\/index.php\/wp-json\/wp\/v2\/types\/post"}],"author":[{"embeddable":true,"href":"https:\/\/mundobibliotecario.com.br\/index.php\/wp-json\/wp\/v2\/users\/1"}],"replies":[{"embeddable":true,"href":"https:\/\/mundobibliotecario.com.br\/index.php\/wp-json\/wp\/v2\/comments?post=2807"}],"version-history":[{"count":10,"href":"https:\/\/mundobibliotecario.com.br\/index.php\/wp-json\/wp\/v2\/posts\/2807\/revisions"}],"predecessor-version":[{"id":6149,"href":"https:\/\/mundobibliotecario.com.br\/index.php\/wp-json\/wp\/v2\/posts\/2807\/revisions\/6149"}],"wp:attachment":[{"href":"https:\/\/mundobibliotecario.com.br\/index.php\/wp-json\/wp\/v2\/media?parent=2807"}],"wp:term":[{"taxonomy":"category","embeddable":true,"href":"https:\/\/mundobibliotecario.com.br\/index.php\/wp-json\/wp\/v2\/categories?post=2807"},{"taxonomy":"post_tag","embeddable":true,"href":"https:\/\/mundobibliotecario.com.br\/index.php\/wp-json\/wp\/v2\/tags?post=2807"}],"curies":[{"name":"wp","href":"https:\/\/api.w.org\/{rel}","templated":true}]}}