{"id":2814,"date":"2013-01-28T08:39:42","date_gmt":"2013-01-28T11:39:42","guid":{"rendered":"http:\/\/mundobibliotecario.wordpress.com\/?p=2814"},"modified":"2013-01-28T08:39:42","modified_gmt":"2013-01-28T11:39:42","slug":"na-berlinda-bibliotecas-se-reinventam-no-brasil-e-no-mundo","status":"publish","type":"post","link":"https:\/\/mundobibliotecario.com.br\/index.php\/2013\/01\/28\/na-berlinda-bibliotecas-se-reinventam-no-brasil-e-no-mundo\/","title":{"rendered":"Na berlinda, bibliotecas se reinventam no Brasil e no mundo"},"content":{"rendered":"<div>\n<div>\n<div>\n<p>Paula Adamo Idoeta<\/p>\n<p>Da BBC Brasil em S\u00e3o Paulo<\/p>\n<\/div>\n<\/div>\n<\/div>\n<div>\n<div>Atualizado em 25 de janeiro, 2013 &#8211; 09:30 (Bras\u00edlia) 11:30 GMT<\/div>\n<div><\/div>\n<\/div>\n<div>\n<div>\n<div>\n<div><img loading=\"lazy\" decoding=\"async\" alt=\"Futura biblioteca de Aarhus, na Dinamarca\" src=\"http:\/\/wscdn.bbc.co.uk\/worldservice\/assets\/images\/2013\/01\/22\/130122122743_biblioteca_aarhus_512x288_urbanmediaspace.dk.jpg\" width=\"512\" height=\"288\" \/>A futura biblioteca de Aarhus, na Dinamarca, ser\u00e1 parte de um complexo multiuso e tecnol\u00f3gico<\/p>\n<\/div>\n<\/div>\n<p>Redu\u00e7\u00f5es nas verbas, perda de protagonismo do livro para m\u00eddias digitais e, em muitos casos, decl\u00ednio no n\u00famero de visitantes. O cen\u00e1rio atual \u00e9 preocupante para bibliotecas p\u00fablicas de todo o mundo, mas muitas est\u00e3o aproveitando o momento para se revitalizar, embarcar em novos formatos e em novas tend\u00eancias urban\u00edsticas.<\/p>\n<p>O objetivo \u00e9 atrair antigos e novos visitantes e, em muitos casos, virar um centro de refer\u00eancia sociocultural, em vez de apenas um local de leitura.<\/p>\n<p>Na Dinamarca, a futura biblioteca de Aarhus ser\u00e1 parte de um grande complexo urbano, inserido nos planos de revitaliza\u00e7\u00e3o da ba\u00eda da cidade.<\/p>\n<p>O complexo, a ser conclu\u00eddo em 2015, vai incluir reparti\u00e7\u00f5es p\u00fablicas, espa\u00e7os para shows, cursos e reuni\u00f5es, \u00e1reas para serem alugadas \u00e0 iniciativa privada e um caf\u00e9 com vista para a ba\u00eda. M\u00f3veis modulados permitir\u00e3o que as salas da biblioteca sejam usadas para diferentes prop\u00f3sitos ao longo dos anos, de acordo com a demanda dos usu\u00e1rios.<\/p>\n<p>&#8220;\u00c9 muito mais do que uma cole\u00e7\u00e3o de livros&#8221;, diz \u00e0 BBC Brasil Marie Ostergard, gerente do projeto. &#8220;\u00c9 um local de experi\u00eancias e servi\u00e7os. Notamos que precis\u00e1vamos dar mais espa\u00e7o para as pessoas fazerem suas pr\u00f3prias atividades ou para se encontrar.&#8221;<\/p>\n<h2>Manguinhos e Carandiru<\/h2>\n<p>Aarhus resume as ambi\u00e7\u00f5es da nova biblioteca \u2013 que incorpora novas m\u00eddias, cria espa\u00e7os multiuso em constante transforma\u00e7\u00e3o, \u00e9 parte de um plano urban\u00edstico transformador e almeja fomentar novas pesquisas e ideias.<\/p>\n<p>Mas h\u00e1 exemplos semelhantes em todo o mundo, da \u00c1sia e Oceania \u00e0 Am\u00e9rica Latina, inclusive no Brasil.<\/p>\n<p>Aqui, novas tend\u00eancias inspiraram a constru\u00e7\u00e3o de bibliotecas como a de Manguinhos, na zona Norte do Rio, para atender um complexo de 16 favelas com um acervo de 27 mil t\u00edtulos, al\u00e9m de salas para cursos gratuitos, para reuni\u00f5es comunit\u00e1rias e para projetos multim\u00eddia. Um caf\u00e9 e um cineteatro devem ser inaugurados neste semestre.<\/p>\n<div>\n<div><img loading=\"lazy\" decoding=\"async\" alt=\"\" src=\"http:\/\/wscdn.bbc.co.uk\/worldservice\/assets\/images\/2013\/01\/22\/130122123427_biblioteca_manguinhos_304x304_secculturarj.jpg\" width=\"304\" height=\"304\" \/>A biblioteca-parque de Manguinhos \u00e9 mais do que um espa\u00e7o de leitura, dizem respons\u00e1veis<\/p>\n<\/div>\n<\/div>\n<p>A iniciativa, repetida em outras \u00e1reas do Rio, \u00e9 parte do projeto biblioteca-parque, copiado de Medell\u00edn, na Col\u00f4mbia.<\/p>\n<p>Na cidade colombiana, \u00e1reas carentes receberam grandes bibliotecas que servem para conectar outros espa\u00e7os p\u00fablicos e oferecer tamb\u00e9m cinema, cursos, shows de m\u00fasica.<\/p>\n<p>De volta ao Brasil, exemplo semelhante \u00e9 visto tamb\u00e9m na Biblioteca de S\u00e3o Paulo, erguida junto ao Parque da Juventude, na \u00e1rea do antigo pres\u00eddio do Carandiru (zona Norte).<\/p>\n<p>&#8220;\u00c9 uma retomada da fun\u00e7\u00e3o da biblioteca, antes vista como um lugar muito elitizado ou como um mero dep\u00f3sito sucateado de livros&#8221;, opina \u00e0 BBC Brasil Adriana Ferrari, coordenadora da unidade de bibliotecas da Secretaria da Cultura paulista.<\/p>\n<h2>Acervo e futuro<\/h2>\n<p>Mudar a forma de se relacionar com o p\u00fablico significa tamb\u00e9m mudar o acervo, incorporando DVDs, games e, \u00e9 claro, e-books e leitores digitais, como o Kindle.<\/p>\n<p>Para aumentar o apelo ao p\u00fablico, em especial o mais jovem, as bibliotecas tamb\u00e9m t\u00eam ampliado seu acervo de best-sellers, indo al\u00e9m dos livros cl\u00e1ssicos \u2013 algo que pode incomodar os mais ortodoxos.<\/p>\n<p>Para Ferrari, por\u00e9m, oferecer best-sellers e uma agenda cultural intensa \u00e9 essencial nas novas bibliotecas. &#8220;Tem que ter novidade todo dia e aproveitar as ondas&#8221;, diz ela.<\/p>\n<p>Isso inclui promover os livros da s\u00e9rie <em>Crep\u00fasculo<\/em>, por exemplo, &#8220;sem fazer ju\u00edzo de valor&#8221; sobre a qualidade da obra. &#8220;Aos poucos, a qualifica\u00e7\u00e3o desse leitor vai acontecendo.&#8221;<\/p>\n<p>Na opini\u00e3o de Antonio Miranda, professor da Universidade de Bras\u00edlia e consultor na cria\u00e7\u00e3o de bibliotecas, o futuro reserva tr\u00eas tipos de modelos para as bibliotecas: a patrimonial, com acervo sobretudo hist\u00f3rico e cl\u00e1ssico; a h\u00edbrida, que mescla o acervo antigo ao de novas m\u00eddias; e a sem livros &#8211; totalmente digitalizada e focada, por exemplo, no ensino \u00e0 dist\u00e2ncia.<\/p>\n<h2>EUA<\/h2>\n<div>\n<div><img loading=\"lazy\" decoding=\"async\" alt=\"Biblioteca de Medell\u00edn\" src=\"http:\/\/wscdn.bbc.co.uk\/worldservice\/assets\/images\/2013\/01\/22\/130122122523_biblioteca_medellin_304x171_albeiror24wikicommons.jpg\" width=\"304\" height=\"171\" \/>Erguida em \u00e1rea carente, biblioteca de Medell\u00edn inspirou modelo usado no Brasil<\/p>\n<\/div>\n<\/div>\n<p>Nos EUA, tem aumentado o n\u00famero de bibliotecas que oferecem mais best-sellers e criam ambientes semelhantes ao de livrarias, com caf\u00e9s, <em>vending machines<\/em>, aluguel de salas para reuni\u00f5es e espa\u00e7os que n\u00e3o exigem sil\u00eancio dos visitantes.<\/p>\n<p>Reportagem do <em>New York Times<\/em> relata que muitas bibliotecas est\u00e3o preenchendo o vazio deixado pelo fechamento de livrarias no pa\u00eds.<\/p>\n<p>Apesar disso, trata-se de um momento de crise para o setor. Relat\u00f3rio da Associa\u00e7\u00e3o de Bibliotecas da Am\u00e9rica (ALA, na sigla em ingl\u00eas) cita cortes &#8220;draconianos&#8221; nas verbas estatais para as bibliotecas e disputas com editoras envolvendo o empr\u00e9stimo de e-books.<\/p>\n<p>Sem dinheiro, a Filad\u00e9lfia, por exemplo, suspendeu uma grande reforma que planejava para sua biblioteca p\u00fablica e quer buscar apoio privado, bem como cobrar usu\u00e1rios pela oferta de &#8220;servi\u00e7os premium&#8221;.<\/p>\n<p>Mas seu plano contempla tamb\u00e9m as novas tend\u00eancias bibliotec\u00e1rias: aumentar a presen\u00e7a virtual, adaptar seu espa\u00e7o a novas demandas e engajar visitantes com projetos de alfabetiza\u00e7\u00e3o e empreendedorismo.<\/p>\n<p>&#8220;A biblioteca do futuro pode ser um centro de criatividade, para a cria\u00e7\u00e3o de aplicativos virtuais e promo\u00e7\u00e3o de mudan\u00e7as na comunidade&#8221;, afirma \u00e0 BBC Brasil Maureen Sullivan, presidente da ALA.<\/p>\n<p>&#8220;O novo conceito \u00e9 o de ser um espa\u00e7o de produ\u00e7\u00e3o de conhecimento e cultura fora do ambiente acad\u00eamico&#8221;, opina Vera Saboya, superintendente de leitura do Estado do Rio, respons\u00e1vel pela biblioteca de Manguinhos.<\/p>\n<p>Dispon\u00edvel em: &lt;<a href=\"http:\/\/www.bbc.co.uk\/portuguese\/noticias\/2013\/01\/130122_bibliotecas_1_tendencias_pai.shtml\">http:\/\/www.bbc.co.uk\/portuguese\/noticias\/2013\/01\/130122_bibliotecas_1_tendencias_pai.shtml<\/a>&gt;. Acesso em: 28 jan. 2013.<\/p>\n<\/div>\n<\/div>\n","protected":false},"excerpt":{"rendered":"<p>Paula Adamo Idoeta Da BBC Brasil em S\u00e3o Paulo Atualizado em 25 de janeiro, 2013 &#8211; 09:30 (Bras\u00edlia) 11:30 GMT A futura biblioteca de Aarhus, na Dinamarca, ser\u00e1 parte de um complexo multiuso e tecnol\u00f3gico Redu\u00e7\u00f5es nas verbas, perda de protagonismo do livro para m\u00eddias digitais e, em muitos casos, decl\u00ednio no n\u00famero de visitantes. &#8230; <a title=\"Na berlinda, bibliotecas se reinventam no Brasil e no mundo\" class=\"read-more\" href=\"https:\/\/mundobibliotecario.com.br\/index.php\/2013\/01\/28\/na-berlinda-bibliotecas-se-reinventam-no-brasil-e-no-mundo\/\" aria-label=\"Read more about Na berlinda, bibliotecas se reinventam no Brasil e no mundo\">Ler mais<\/a><\/p>\n","protected":false},"author":1,"featured_media":0,"comment_status":"open","ping_status":"open","sticky":false,"template":"","format":"standard","meta":{"_mi_skip_tracking":false,"_exactmetrics_sitenote_active":false,"_exactmetrics_sitenote_note":"","_exactmetrics_sitenote_category":0,"_jetpack_newsletter_access":"","footnotes":""},"categories":[60],"tags":[2],"class_list":["post-2814","post","type-post","status-publish","format-standard","hentry","category-noticias","tag-biblioteca"],"jetpack_featured_media_url":"","jetpack_sharing_enabled":true,"jetpack-related-posts":[{"id":4500,"url":"https:\/\/mundobibliotecario.com.br\/index.php\/2017\/03\/30\/sao-manuel-tem-exposicao-de-orquideas-na-biblioteca-municipal\/","url_meta":{"origin":2814,"position":0},"title":"S\u00e3o Manuel tem exposi\u00e7\u00e3o de Orqu\u00eddeas na Biblioteca Municipal","author":"mundobibliotecario","date":"30\/03\/2017","format":false,"excerpt":"Exposi\u00e7\u00e3o de Orqu\u00eddeas na Biblioteca Municipal \u201cDr. Francisco C\u00e2mara Ferreira\u201d \u00a0 Na manh\u00e3 desta quinta-feira (30), foi inaugurada a Exposi\u00e7\u00e3o de Orqu\u00eddeas na Biblioteca Municipal \u201cDr. Francisco C\u00e2mara Ferreira\u201d, dando in\u00edcio \u00e0s comemora\u00e7\u00f5es de anivers\u00e1rio da biblioteca, que celebrar\u00e1 73 anos de exist\u00eancia no pr\u00f3ximo dia 27 de abril. Mais\u2026","rel":"","context":"Em &quot;Not\u00edcias&quot;","block_context":{"text":"Not\u00edcias","link":"https:\/\/mundobibliotecario.com.br\/index.php\/category\/noticias\/"},"img":{"alt_text":"","src":"","width":0,"height":0},"classes":[]},{"id":1730,"url":"https:\/\/mundobibliotecario.com.br\/index.php\/2011\/02\/08\/aniversario-da-biblioteca-de-sao-paulo\/","url_meta":{"origin":2814,"position":1},"title":"Anivers\u00e1rio da Biblioteca de S\u00e3o Paulo","author":"mundobibliotecario","date":"08\/02\/2011","format":false,"excerpt":"Ser\u00e1 comemorado amanh\u00e3 o 1\u00ba anivers\u00e1rio da Biblioteca de S\u00e3o Paulo. Confira a programa\u00e7\u00e3o abaixo: Dan\u00e7a Flamenca Apresenta\u00e7\u00e3o de tangos e sevilhanas. Com Rog\u00e9rio Caserta e Simone Neves. \u00c0s 10h Palha\u00e7o Pinduca Espet\u00e1culo de clown com muita criatividade e humor. Com Marcelo Selingardi \u00c0s 11h Brincadeiras da vov\u00f3 Resgate divertido\u2026","rel":"","context":"Em &quot;Not\u00edcias&quot;","block_context":{"text":"Not\u00edcias","link":"https:\/\/mundobibliotecario.com.br\/index.php\/category\/noticias\/"},"img":{"alt_text":"","src":"","width":0,"height":0},"classes":[]},{"id":2822,"url":"https:\/\/mundobibliotecario.com.br\/index.php\/2013\/01\/29\/no-brasil-bibliotecas-inovadoras-convivem-com-quadro-de-descaso\/","url_meta":{"origin":2814,"position":2},"title":"No Brasil, bibliotecas inovadoras convivem com quadro de descaso","author":"mundobibliotecario","date":"29\/01\/2013","format":false,"excerpt":"Enquanto algumas passam por reformas, incorporam novas m\u00eddias e tend\u00eancias, pa\u00eds ainda tem deficit de bibliotecas nas escolas. \u00a0BBC Biblioteca de S\u00e3o Paulo (Foto: BBC Brasil) No t\u00e9rreo da Biblioteca de S\u00e3o Paulo, ouve-se o burburinho de crian\u00e7as brincando nos computadores, jogando jogos de tabuleiros ou circulando entre as estantes\u2026","rel":"","context":"Em &quot;Not\u00edcias&quot;","block_context":{"text":"Not\u00edcias","link":"https:\/\/mundobibliotecario.com.br\/index.php\/category\/noticias\/"},"img":{"alt_text":"","src":"https:\/\/i0.wp.com\/s2.glbimg.com\/p3dWMRRupYn2ypZ8QV67PjlBF3gDK8Hf5yJwAEaxfgxIoz-HdGixxa_8qOZvMp3w\/s.glbimg.com\/jo\/g1\/f\/original\/2013\/01\/25\/bibliotecasp_1.jpg?resize=350%2C200","width":350,"height":200},"classes":[]},{"id":7863,"url":"https:\/\/mundobibliotecario.com.br\/index.php\/2020\/09\/30\/museus-e-bibliotecas-reabrem-gradativamente-em-sorocaba-a-partir-de-segunda-feira\/","url_meta":{"origin":2814,"position":3},"title":"Museus e bibliotecas reabrem gradativamente em Sorocaba a partir de segunda-feira","author":"mundobibliotecario","date":"30\/09\/2020","format":false,"excerpt":"Espa\u00e7os dever\u00e3o funcionar em hor\u00e1rio reduzido e com 40% da capacidade total. Visitantes dever\u00e3o usar m\u00e1scaras e respeitar o distanciamento social. Por G1 Sorocaba e Jundia\u00ed 30\/09\/2020 13h12\u00a0\u00a0Atualizado\u00a0h\u00e1 8 horas Museus e bibliotecas reabrem gradativamente em Sorocaba a partir de segunda-feira \u2014 Foto: Divulga\u00e7\u00e3o\/Prefeitura de Sorocaba Os museus e bibliotecas\u2026","rel":"","context":"Em &quot;Not\u00edcias&quot;","block_context":{"text":"Not\u00edcias","link":"https:\/\/mundobibliotecario.com.br\/index.php\/category\/noticias\/"},"img":{"alt_text":"Museus e bibliotecas reabrem gradativamente em Sorocaba a partir de segunda-feira \u00e2\u0080\u0094 Foto: Divulga\u00c3\u00a7\u00c3\u00a3o\/Prefeitura de Sorocaba","src":"https:\/\/i0.wp.com\/s2.glbimg.com\/e70pDJFLRxkcWY68FH6l9wIu8k4=\/0x0:2896x1944\/984x0\/smart\/filters:strip_icc()\/i.s3.glbimg.com\/v1\/AUTH_59edd422c0c84a879bd37670ae4f538a\/internal_photos\/bs\/2020\/k\/5\/eRt19YRbq7xIEsznty0A\/biblioteca-municipal2.jpg?resize=350%2C200&ssl=1","width":350,"height":200},"classes":[]},{"id":9423,"url":"https:\/\/mundobibliotecario.com.br\/index.php\/2021\/09\/06\/7-das-bibliotecas-mais-arrepiantes-do-mundo\/","url_meta":{"origin":2814,"position":4},"title":"7 das bibliotecas mais arrepiantes do mundo","author":"mundobibliotecario","date":"06\/09\/2021","format":false,"excerpt":"Com os avan\u00e7os tecnol\u00f3gicos, muitas pessoas deixaram de visitar as bibliotecas. Mas ainda existem v\u00e1rios desses locais que al\u00e9m de serem guardi\u00f5es do conhecimento, tecnologia e recursos sociais, tamb\u00e9m s\u00e3o possuem uma beleza e arquitetura que chegam a tirar o f\u00f4lego. Contudo, outras possuem hist\u00f3rias ou obras que podem chocar\u2026","rel":"","context":"Em &quot;Not\u00edcias&quot;","block_context":{"text":"Not\u00edcias","link":"https:\/\/mundobibliotecario.com.br\/index.php\/category\/noticias\/"},"img":{"alt_text":"","src":"https:\/\/i0.wp.com\/mundobibliotecario.com.br\/wp-content\/uploads\/2021\/09\/b7.jpg?resize=350%2C200&ssl=1","width":350,"height":200},"classes":[]},{"id":4464,"url":"https:\/\/mundobibliotecario.com.br\/index.php\/2017\/01\/24\/corremos-o-risco-de-perder-as-nossas-bibliotecas-publicas-diz-professora-da-unirio\/","url_meta":{"origin":2814,"position":5},"title":"\u201cCorremos o risco de perder as nossas bibliotecas p\u00fablicas\u201d, diz professora da UniRio","author":"mundobibliotecario","date":"24\/01\/2017","format":false,"excerpt":"Haroldo Ceravolo | S\u00e3o Paulo - 23\/01\/2017 - 15h34 'A biblioteca p\u00fablica \u00e9 fundamental nos tempos de crise', avalia Elisa Machado, que j\u00e1 atuou no sistema de bibliotecas de S\u00e3o Paulo; para ela, proposta da gest\u00e3o D\u00f3ria n\u00e3o \u00e9 de parceria, mas de terceiriza\u00e7\u00e3o Nos primeiros dias da gest\u00e3o de\u2026","rel":"","context":"Em &quot;Not\u00edcias&quot;","block_context":{"text":"Not\u00edcias","link":"https:\/\/mundobibliotecario.com.br\/index.php\/category\/noticias\/"},"img":{"alt_text":"","src":"","width":0,"height":0},"classes":[]}],"jetpack_likes_enabled":true,"jetpack_shortlink":"https:\/\/wp.me\/pcbzwa-Jo","_links":{"self":[{"href":"https:\/\/mundobibliotecario.com.br\/index.php\/wp-json\/wp\/v2\/posts\/2814","targetHints":{"allow":["GET"]}}],"collection":[{"href":"https:\/\/mundobibliotecario.com.br\/index.php\/wp-json\/wp\/v2\/posts"}],"about":[{"href":"https:\/\/mundobibliotecario.com.br\/index.php\/wp-json\/wp\/v2\/types\/post"}],"author":[{"embeddable":true,"href":"https:\/\/mundobibliotecario.com.br\/index.php\/wp-json\/wp\/v2\/users\/1"}],"replies":[{"embeddable":true,"href":"https:\/\/mundobibliotecario.com.br\/index.php\/wp-json\/wp\/v2\/comments?post=2814"}],"version-history":[{"count":0,"href":"https:\/\/mundobibliotecario.com.br\/index.php\/wp-json\/wp\/v2\/posts\/2814\/revisions"}],"wp:attachment":[{"href":"https:\/\/mundobibliotecario.com.br\/index.php\/wp-json\/wp\/v2\/media?parent=2814"}],"wp:term":[{"taxonomy":"category","embeddable":true,"href":"https:\/\/mundobibliotecario.com.br\/index.php\/wp-json\/wp\/v2\/categories?post=2814"},{"taxonomy":"post_tag","embeddable":true,"href":"https:\/\/mundobibliotecario.com.br\/index.php\/wp-json\/wp\/v2\/tags?post=2814"}],"curies":[{"name":"wp","href":"https:\/\/api.w.org\/{rel}","templated":true}]}}