{"id":2834,"date":"2013-01-30T08:38:41","date_gmt":"2013-01-30T11:38:41","guid":{"rendered":"http:\/\/mundobibliotecario.wordpress.com\/?p=2834"},"modified":"2013-01-30T08:38:41","modified_gmt":"2013-01-30T11:38:41","slug":"lei-12-244","status":"publish","type":"post","link":"https:\/\/mundobibliotecario.com.br\/index.php\/2013\/01\/30\/lei-12-244\/","title":{"rendered":"Lei 12.244"},"content":{"rendered":"<p>N\u00e3o nascemos leitores. Nos tornamos leitores por conv\u00edvio e contato com livros, leitores e leituras. Fa\u00e7a valer seu direito e participe desta campanha nacional pela efetividade da Lei 12.244, que determina que at\u00e9 2020 TODAS as institui\u00e7\u00f5es de ensino do Pa\u00eds, p\u00fablicas e privadas, devem ter uma biblioteca.<\/p>\n<p>Veja como o tema foi abordado no Jornal da Cultura: [youtube=http:\/\/www.youtube.com\/watch?v=ypUeHmBVlqU]<\/p>\n<p>Acesse nosso site: <a href=\"http:\/\/www.euquerominhabiblioteca.org.br\">www.euquerominhabiblioteca.org.br<\/a><\/p>\n<p>Mobilize-Se!<\/p>\n","protected":false},"excerpt":{"rendered":"<p>N\u00e3o nascemos leitores. Nos tornamos leitores por conv\u00edvio e contato com livros, leitores e leituras. Fa\u00e7a valer seu direito e participe desta campanha nacional pela efetividade da Lei 12.244, que determina que at\u00e9 2020 TODAS as institui\u00e7\u00f5es de ensino do Pa\u00eds, p\u00fablicas e privadas, devem ter uma biblioteca. Veja como o tema foi abordado no &#8230; <a title=\"Lei 12.244\" class=\"read-more\" href=\"https:\/\/mundobibliotecario.com.br\/index.php\/2013\/01\/30\/lei-12-244\/\" aria-label=\"Read more about Lei 12.244\">Ler mais<\/a><\/p>\n","protected":false},"author":1,"featured_media":0,"comment_status":"open","ping_status":"open","sticky":false,"template":"","format":"standard","meta":{"_mi_skip_tracking":false,"_exactmetrics_sitenote_active":false,"_exactmetrics_sitenote_note":"","_exactmetrics_sitenote_category":0,"_jetpack_newsletter_access":"","footnotes":""},"categories":[60],"tags":[2],"class_list":["post-2834","post","type-post","status-publish","format-standard","hentry","category-noticias","tag-biblioteca"],"jetpack_featured_media_url":"","jetpack_sharing_enabled":true,"jetpack-related-posts":[{"id":7793,"url":"https:\/\/mundobibliotecario.com.br\/index.php\/2020\/08\/18\/ministerio-publico-da-paraiba-recomenda-a-criacao-de-bibliotecas-escolares-em-municipio-da-grande-joao-pessoa\/","url_meta":{"origin":2834,"position":0},"title":"Minist\u00e9rio P\u00fablico da Para\u00edba recomenda a cria\u00e7\u00e3o de bibliotecas escolares em munic\u00edpio da Grande Jo\u00e3o Pessoa","author":"mundobibliotecario","date":"18\/08\/2020","format":false,"excerpt":"Recomenda\u00e7\u00e3o visa atender os dispositivos da lei 12.244 de 2010, que prev\u00ea a universaliza\u00e7\u00e3o das bibliotecas escolares Com base na Lei 12.244 de 2010, que prev\u00ea a universaliza\u00e7\u00e3o das bibliotecas escolares, a promotora de Justi\u00e7a Ana Caroline Almeida, do Minist\u00e9rio P\u00fablico da Para\u00edba, recomendou \u00e0 prefeitura de Bayeux, cidade da\u2026","rel":"","context":"Em &quot;Not\u00edcias&quot;","block_context":{"text":"Not\u00edcias","link":"https:\/\/mundobibliotecario.com.br\/index.php\/category\/noticias\/"},"img":{"alt_text":"","src":"","width":0,"height":0},"classes":[]},{"id":1282,"url":"https:\/\/mundobibliotecario.com.br\/index.php\/2010\/05\/25\/sancionada-a-lei-sobre-a-universalizacao-das-bibliotecas-nas-instituicoes-de-ensino-do-pais\/","url_meta":{"origin":2834,"position":1},"title":"Sancionada a lei sobre a universaliza\u00e7\u00e3o das bibliotecas nas institui\u00e7\u00f5es de ensino do pa\u00eds","author":"mundobibliotecario","date":"25\/05\/2010","format":false,"excerpt":"LEI No- 12.244, DE 24 DE MAIO DE 2010 Disp\u00f5e sobre a universaliza\u00e7\u00e3o das bibliotecas nas institui\u00e7\u00f5es de ensino do Pa\u00eds. \u00a0O\u00a0 P R E S I D E N T E \u00a0D A \u00a0R E P \u00da B L I C A Fa\u00e7o saber que o Congresso Nacional decreta\u2026","rel":"","context":"Em &quot;Not\u00edcias&quot;","block_context":{"text":"Not\u00edcias","link":"https:\/\/mundobibliotecario.com.br\/index.php\/category\/noticias\/"},"img":{"alt_text":"","src":"","width":0,"height":0},"classes":[]},{"id":10230,"url":"https:\/\/mundobibliotecario.com.br\/index.php\/2023\/01\/10\/a-biblioteconomia-em-7-noticias-como-foi-a-primeira-semana-de-2023\/","url_meta":{"origin":2834,"position":2},"title":"A Biblioteconomia em 7 not\u00edcias: como foi a primeira semana de 2023?","author":"mundobibliotecario","date":"10\/01\/2023","format":false,"excerpt":"1. Pasta do Livro e Leitura \u00e9 elevada a status de Secretaria O Conselho Federal de Biblioteconomia (CFB) anunciou eleva\u00e7\u00e3o da Pasta do Livro e Leitura a status de Secretaria no Minist\u00e9rio da Cultura. Veja a not\u00edcia p\u00fablica no Instagram do CFB. No primeiro dia \u00fatil de seu mandato, o\u2026","rel":"","context":"Em &quot;Not\u00edcias&quot;","block_context":{"text":"Not\u00edcias","link":"https:\/\/mundobibliotecario.com.br\/index.php\/category\/noticias\/"},"img":{"alt_text":"","src":"https:\/\/i0.wp.com\/mundobibliotecario.com.br\/wp-content\/uploads\/2023\/01\/concurso-tjes.png?resize=350%2C200&ssl=1","width":350,"height":200},"classes":[]},{"id":1893,"url":"https:\/\/mundobibliotecario.com.br\/index.php\/2011\/03\/20\/universalizacao-das-bibliotecas-nas-instituicoes-de-ensino-brasileiras\/","url_meta":{"origin":2834,"position":3},"title":"Universaliza\u00e7\u00e3o das bibliotecas nas institui\u00e7\u00f5es de ensino brasileiras","author":"mundobibliotecario","date":"20\/03\/2011","format":false,"excerpt":"PORTARIA No- 2, DE 3 DE MAR\u00c7O DE 2011 Pe\u00e7a de Informa\u00e7\u00e3o n.\u00ba: 1.19.002.000003\/2011-67. Assunto: Universaliza\u00e7\u00e3o das bibliotecas nas institui\u00e7\u00f5es de ensino brasileiras, Lei 12.244 de 24 de Maio de 2010. S\u00edntese: Cumprimento da Legisla\u00e7\u00e3o que obriga as institui\u00e7\u00f5es de ensino p\u00fablicas e privadas de todo o sistema de ensino\u2026","rel":"","context":"Em &quot;Not\u00edcias&quot;","block_context":{"text":"Not\u00edcias","link":"https:\/\/mundobibliotecario.com.br\/index.php\/category\/noticias\/"},"img":{"alt_text":"","src":"","width":0,"height":0},"classes":[]},{"id":3609,"url":"https:\/\/mundobibliotecario.com.br\/index.php\/2014\/10\/10\/3609\/","url_meta":{"origin":2834,"position":4},"title":"Movimento Brasil Liter\u00e1rio - 28\/09\/2014\u2026","author":"mundobibliotecario","date":"10\/10\/2014","format":false,"excerpt":"Movimento Brasil Liter\u00e1rio - 28\/09\/2014 A Lei 12.244\/10 determina que todas as institui\u00e7\u00f5es de ensino do Brasil tenham uma biblioteca at\u00e9 2020. Al\u00e9m disso, bibliotecas em escolas s\u00e3o fundamentais para o atingimento das Metas 7 e 9 do Plano Nacional de Educa\u00e7\u00e3o (PNE) e converge com o Eixo 1 do\u2026","rel":"","context":"Em &quot;Not\u00edcias&quot;","block_context":{"text":"Not\u00edcias","link":"https:\/\/mundobibliotecario.com.br\/index.php\/category\/noticias\/"},"img":{"alt_text":"","src":"","width":0,"height":0},"classes":[]},{"id":5239,"url":"https:\/\/mundobibliotecario.com.br\/index.php\/2019\/08\/19\/comissao-de-cultura-aprova-criacao-de-mais-bibliotecas-publicas\/","url_meta":{"origin":2834,"position":5},"title":"Comiss\u00e3o de Cultura aprova cria\u00e7\u00e3o de mais bibliotecas p\u00fablicas","author":"mundobibliotecario","date":"19\/08\/2019","format":false,"excerpt":"Proposta segue para an\u00e1lise de outras duas comiss\u00f5es da C\u00e2mara: a de Finan\u00e7as e Tributa\u00e7\u00e3o; e a de Constitui\u00e7\u00e3o e Justi\u00e7a e de Cidadania 16\/08\/2019 - 12:11 A Comiss\u00e3o de Cultura da C\u00e2mara dos Deputados aprovou o Projeto de Lei\u00a011157\/18, que aprimora a Pol\u00edtica Nacional do Livro (Lei 10.753\/03) para\u2026","rel":"","context":"Em &quot;Not\u00edcias&quot;","block_context":{"text":"Not\u00edcias","link":"https:\/\/mundobibliotecario.com.br\/index.php\/category\/noticias\/"},"img":{"alt_text":"","src":"","width":0,"height":0},"classes":[]}],"jetpack_likes_enabled":true,"jetpack_shortlink":"https:\/\/wp.me\/pcbzwa-JI","_links":{"self":[{"href":"https:\/\/mundobibliotecario.com.br\/index.php\/wp-json\/wp\/v2\/posts\/2834","targetHints":{"allow":["GET"]}}],"collection":[{"href":"https:\/\/mundobibliotecario.com.br\/index.php\/wp-json\/wp\/v2\/posts"}],"about":[{"href":"https:\/\/mundobibliotecario.com.br\/index.php\/wp-json\/wp\/v2\/types\/post"}],"author":[{"embeddable":true,"href":"https:\/\/mundobibliotecario.com.br\/index.php\/wp-json\/wp\/v2\/users\/1"}],"replies":[{"embeddable":true,"href":"https:\/\/mundobibliotecario.com.br\/index.php\/wp-json\/wp\/v2\/comments?post=2834"}],"version-history":[{"count":0,"href":"https:\/\/mundobibliotecario.com.br\/index.php\/wp-json\/wp\/v2\/posts\/2834\/revisions"}],"wp:attachment":[{"href":"https:\/\/mundobibliotecario.com.br\/index.php\/wp-json\/wp\/v2\/media?parent=2834"}],"wp:term":[{"taxonomy":"category","embeddable":true,"href":"https:\/\/mundobibliotecario.com.br\/index.php\/wp-json\/wp\/v2\/categories?post=2834"},{"taxonomy":"post_tag","embeddable":true,"href":"https:\/\/mundobibliotecario.com.br\/index.php\/wp-json\/wp\/v2\/tags?post=2834"}],"curies":[{"name":"wp","href":"https:\/\/api.w.org\/{rel}","templated":true}]}}