{"id":2836,"date":"2013-01-30T08:46:32","date_gmt":"2013-01-30T11:46:32","guid":{"rendered":"http:\/\/mundobibliotecario.wordpress.com\/?p=2836"},"modified":"2013-01-30T08:46:32","modified_gmt":"2013-01-30T11:46:32","slug":"premio-da-vinci-iasl","status":"publish","type":"post","link":"https:\/\/mundobibliotecario.com.br\/index.php\/2013\/01\/30\/premio-da-vinci-iasl\/","title":{"rendered":"Pr\u00eamio Da Vinci &#8211; IASL"},"content":{"rendered":"<p><a href=\"http:\/\/mundobibliotecario.files.wordpress.com\/2013\/01\/2013-cartaz-dvh-iasl-chamada-1.jpg\"><img loading=\"lazy\" decoding=\"async\" class=\"alignnone size-medium wp-image-2837\" alt=\"2013-Cartaz-DVH-IASL-Chamada-1\" src=\"http:\/\/mundobibliotecario.files.wordpress.com\/2013\/01\/2013-cartaz-dvh-iasl-chamada-1.jpg?w=188\" width=\"188\" height=\"300\" srcset=\"https:\/\/mundobibliotecario.com.br\/wp-content\/uploads\/2013\/01\/2013-cartaz-dvh-iasl-chamada-1.jpg 600w, https:\/\/mundobibliotecario.com.br\/wp-content\/uploads\/2013\/01\/2013-cartaz-dvh-iasl-chamada-1-188x300.jpg 188w\" sizes=\"auto, (max-width: 188px) 100vw, 188px\" \/><\/a><\/p>\n","protected":false},"excerpt":{"rendered":"","protected":false},"author":1,"featured_media":0,"comment_status":"open","ping_status":"open","sticky":false,"template":"","format":"image","meta":{"_mi_skip_tracking":false,"_exactmetrics_sitenote_active":false,"_exactmetrics_sitenote_note":"","_exactmetrics_sitenote_category":0,"_jetpack_newsletter_access":"","footnotes":""},"categories":[168],"tags":[462],"class_list":["post-2836","post","type-post","status-publish","format-image","hentry","category-concurso","tag-biblioteca-escolar","post_format-post-format-image"],"jetpack_featured_media_url":"","jetpack_sharing_enabled":true,"jetpack-related-posts":[{"id":1149,"url":"https:\/\/mundobibliotecario.com.br\/index.php\/2010\/03\/05\/fundo-dvh-para-bibliotecario-escolar\/","url_meta":{"origin":2836,"position":0},"title":"Fundo DVH para bibliotec\u00e1rio escolar","author":"mundobibliotecario","date":"05\/03\/2010","format":false,"excerpt":"ORIGEM O Fundo foi criado em 2009 com a finalidade de aumentar as oportunidades para que jovens bibliotec\u00e1rios(as) brasileiros(as) possam participar ativamente de f\u00f3runs internacionais sobre biblioteca escolar, especialmente da International Association of School Librarianship (IASL). O Fundo consiste em um pr\u00eamio para possibilitar que jovens bibliotec\u00e1rios (as), que trabalhem\u2026","rel":"","context":"Em &quot;Not\u00edcias&quot;","block_context":{"text":"Not\u00edcias","link":"https:\/\/mundobibliotecario.com.br\/index.php\/category\/noticias\/"},"img":{"alt_text":"","src":"","width":0,"height":0},"classes":[]},{"id":1111,"url":"https:\/\/mundobibliotecario.com.br\/index.php\/2010\/02\/15\/valendo-bolsa-para-congressos-na-australia-e-na-suecia\/","url_meta":{"origin":2836,"position":1},"title":"Valendo bolsa para congressos na Austr\u00e1lia e na Su\u00e9cia","author":"mundobibliotecario","date":"15\/02\/2010","format":false,"excerpt":"PublishNews - 10\/02\/2010 - Por Reda\u00e7\u00e3o Bibliotec\u00e1rios e profissionais da \u00e1rea de biblioteca escolar podem concorrer a um pr\u00eamio para participar da 39\u00aa Confer\u00eancia da International Association of School Librarianship (IASL) 2010, que ser\u00e1 realizada na Austr\u00e1lia, entre 27 de setembro e 2 de outubro. Quem patrocina este pr\u00eamio \u00e9\u2026","rel":"","context":"Em &quot;Eventos&quot;","block_context":{"text":"Eventos","link":"https:\/\/mundobibliotecario.com.br\/index.php\/category\/eventos\/"},"img":{"alt_text":"","src":"","width":0,"height":0},"classes":[]},{"id":4596,"url":"https:\/\/mundobibliotecario.com.br\/index.php\/2017\/10\/25\/bibliotecaria-do-centro-educacional-catolica-e-premiada-nos-eua\/","url_meta":{"origin":2836,"position":2},"title":"Bibliotec\u00e1ria do Centro Educacional Cat\u00f3lica \u00e9 premiada nos EUA","author":"mundobibliotecario","date":"25\/10\/2017","format":false,"excerpt":"Yaciara Mendes Duarte ganhou honraria internacional por ter desenvolvido projetos inovadores na biblioteca da escola, localizada em Taguatinga \u00a0postado em 22\/10\/2017 15:37 \u00a0Neyrilene Costa* [youtube https:\/\/www.youtube.com\/watch?v=v6hoyvXlyHo] \u00a0 A brasiliense Yaciara Mendes Duarte, 29 anos, trabalha na Biblioteca Cora Coralina do Centro Educacional Cat\u00f3lica de Bras\u00edlia \u2014 que recebe alunos do\u2026","rel":"","context":"Em &quot;Not\u00edcias&quot;","block_context":{"text":"Not\u00edcias","link":"https:\/\/mundobibliotecario.com.br\/index.php\/category\/noticias\/"},"img":{"alt_text":"","src":"","width":0,"height":0},"classes":[]},{"id":2820,"url":"https:\/\/mundobibliotecario.com.br\/index.php\/2013\/01\/28\/marista-inova-com-programa-estrategico-de-bibliotecas\/","url_meta":{"origin":2836,"position":3},"title":"Marista inova com programa estrat\u00e9gico de bibliotecas","author":"mundobibliotecario","date":"28\/01\/2013","format":false,"excerpt":"O Programa Estrat\u00e9gico de Revitaliza\u00e7\u00e3o das Bibliotecas Escolares do Marista \u00e9 um trabalho modelo em bibliotecas escolares. Reconhecido internacionalmente com o pr\u00eamio Da Vinci Huis \u2013 IASL, em 2011, o objetivo da iniciativa \u00e9 criar espa\u00e7os tecnol\u00f3gicos contempor\u00e2neos para formar estudantes no h\u00e1bito da leitura, da busca e uso da\u2026","rel":"","context":"Em &quot;N\u00e3o classificado&quot;","block_context":{"text":"N\u00e3o classificado","link":"https:\/\/mundobibliotecario.com.br\/index.php\/category\/nao-classificado\/"},"img":{"alt_text":"","src":"","width":0,"height":0},"classes":[]},{"id":158,"url":"https:\/\/mundobibliotecario.com.br\/index.php\/2008\/11\/03\/revista-digital-crb-8-aborda-o-tema-bibliotecas-escolares\/","url_meta":{"origin":2836,"position":4},"title":"Revista Digital CRB-8 aborda o tema Bibliotecas Escolares","author":"mundobibliotecario","date":"03\/11\/2008","format":false,"excerpt":"Algumas apresenta\u00e7\u00f5es realizadas nos eventos, organizados pelo CRB-8 e pela IASL \u2013 International Association of School Libratianship, est\u00e3o dispon\u00edveis na Revista Digital CRB-8: \u00a0 Fonte: Boletim Bob News, CRB-8, S\u00e3o Paulo, 30 out. 2008 - Edi\u00e7\u00e3o 46.","rel":"","context":"Em &quot;Not\u00edcias&quot;","block_context":{"text":"Not\u00edcias","link":"https:\/\/mundobibliotecario.com.br\/index.php\/category\/noticias\/"},"img":{"alt_text":"","src":"","width":0,"height":0},"classes":[]},{"id":3108,"url":"https:\/\/mundobibliotecario.com.br\/index.php\/2013\/05\/07\/concurso-de-literatura-da-premio-de-r-40-mil-a-tres-escritores\/","url_meta":{"origin":2836,"position":5},"title":"Concurso de literatura d\u00e1 pr\u00eamio de R$ 40 mil a tr\u00eas escritores","author":"mundobibliotecario","date":"07\/05\/2013","format":false,"excerpt":"Al\u00e9m do pr\u00eamio em dinheiro, autores selecionados ter\u00e3o obra publicada TAGS:\u00a0Biblioteca P\u00fablica do Paran\u00e1,\u00a0Concurso,\u00a0conto,\u00a0Livros,\u00a0Poesia,\u00a0pr\u00eamio,\u00a0Pr\u00eamio Paran\u00e1 de Literatura,romance Est\u00e3o abertas as inscri\u00e7\u00f5es para o\u00a0Pr\u00eamio\u00a0Paran\u00e1 de Literatura 2013. Lan\u00e7ado pela Biblioteca P\u00fablica do Paran\u00e1, o concurso selecionar\u00e1 tr\u00eas livros in\u00e9ditos em tr\u00eas categorias: romance, contos e poesia Al\u00e9m de receber R$ 40\u2026","rel":"","context":"Em &quot;Concurso&quot;","block_context":{"text":"Concurso","link":"https:\/\/mundobibliotecario.com.br\/index.php\/category\/concurso\/"},"img":{"alt_text":"","src":"https:\/\/i0.wp.com\/revistacult.uol.com.br\/home\/wp-content\/uploads\/2013\/05\/Library-Books.jpg?resize=350%2C200","width":350,"height":200},"classes":[]}],"jetpack_likes_enabled":true,"jetpack_shortlink":"https:\/\/wp.me\/pcbzwa-JK","_links":{"self":[{"href":"https:\/\/mundobibliotecario.com.br\/index.php\/wp-json\/wp\/v2\/posts\/2836","targetHints":{"allow":["GET"]}}],"collection":[{"href":"https:\/\/mundobibliotecario.com.br\/index.php\/wp-json\/wp\/v2\/posts"}],"about":[{"href":"https:\/\/mundobibliotecario.com.br\/index.php\/wp-json\/wp\/v2\/types\/post"}],"author":[{"embeddable":true,"href":"https:\/\/mundobibliotecario.com.br\/index.php\/wp-json\/wp\/v2\/users\/1"}],"replies":[{"embeddable":true,"href":"https:\/\/mundobibliotecario.com.br\/index.php\/wp-json\/wp\/v2\/comments?post=2836"}],"version-history":[{"count":0,"href":"https:\/\/mundobibliotecario.com.br\/index.php\/wp-json\/wp\/v2\/posts\/2836\/revisions"}],"wp:attachment":[{"href":"https:\/\/mundobibliotecario.com.br\/index.php\/wp-json\/wp\/v2\/media?parent=2836"}],"wp:term":[{"taxonomy":"category","embeddable":true,"href":"https:\/\/mundobibliotecario.com.br\/index.php\/wp-json\/wp\/v2\/categories?post=2836"},{"taxonomy":"post_tag","embeddable":true,"href":"https:\/\/mundobibliotecario.com.br\/index.php\/wp-json\/wp\/v2\/tags?post=2836"}],"curies":[{"name":"wp","href":"https:\/\/api.w.org\/{rel}","templated":true}]}}