{"id":2847,"date":"2013-02-01T09:14:26","date_gmt":"2013-02-01T12:14:26","guid":{"rendered":"http:\/\/mundobibliotecario.wordpress.com\/?p=2847"},"modified":"2013-02-01T09:14:26","modified_gmt":"2013-02-01T12:14:26","slug":"revitalizacao-biblioteca-publica-do-parana-comecou-neste-mes","status":"publish","type":"post","link":"https:\/\/mundobibliotecario.com.br\/index.php\/2013\/02\/01\/revitalizacao-biblioteca-publica-do-parana-comecou-neste-mes\/","title":{"rendered":"Revitaliza\u00e7\u00e3o Biblioteca P\u00fablica do Paran\u00e1 come\u00e7ou neste m\u00eas"},"content":{"rendered":"<p>(Curitiba, 31 de janeiro de 2013) \u2013 A t\u00e3o aguardada revitaliza\u00e7\u00e3o da Biblioteca P\u00fablica do Paran\u00e1 (BPP) come\u00e7ou. Com projeto do renomado arquiteto Manoel Coelho, a reforma trar\u00e1 mais conforto, seguran\u00e7a e praticidade para as mais de 3 mil pessoas que frequentam a BPP por dia.<br \/>\nA primeira etapa da obra compreende as depend\u00eancias internas e est\u00e1 sendo executada pela empresa curitibana Implanta Engenharia, contratada atrav\u00e9s de processo licitat\u00f3rio. Com investimento de R$ 200 mil, esta fase compreende o fechamento das duas sacadas laterais do pr\u00e9dio.<br \/>\nDe acordo com o engenheiro Paulo Guilherme Cabral, da Implanta Engenharia, quando finalizada a primeira fase, a Biblioteca ser\u00e1 ampliada em 122 metros quadrados. \u201cDe um lado, ser\u00e1 ampliada a \u00e1rea de acervo dos livros e, do outro, o espa\u00e7o kids\u201d, afirma. \u201cAmbas receber\u00e3o um aumento de 61 metros quadrados, cada\u201d.<br \/>\nPara a revitaliza\u00e7\u00e3o do pr\u00e9dio hist\u00f3rico, o arquiteto Manoel Coelho consultou o autor do projeto inicial da BPP, Romeu Paulo da Costa. A fim de n\u00e3o interferir na fachada, a tecnologia utilizada ser\u00e1 a Strutural Glasing, uma esp\u00e9cie de vidros super-resistentes, que dar\u00e1 aos espa\u00e7os visibilidade externa.<br \/>\nEsta fase da obra n\u00e3o impedir\u00e1 o acesso ao p\u00fablico. Quando finalizada toda a revitaliza\u00e7\u00e3o, a BPP vai oferecer mais espa\u00e7o para exposi\u00e7\u00f5es, tomar um caf\u00e9 ou ler os jornais. \u201cA ideia principal do projeto de Manoel Coelho \u00e9 atrair a circula\u00e7\u00e3o de mais gente, sem prejudicar a fun\u00e7\u00e3o principal da biblioteca, que \u00e9 ser um grande acervo\u201d, diz Cabral.<\/p>\n<p>Dispon\u00edvel em: &lt;<a href=\"http:\/\/www.pautas.incorporativa.com.br\/a-mostra-release.php?id=15858\">http:\/\/www.pautas.incorporativa.com.br\/a-mostra-release.php?id=15858<\/a>&gt;. Acesso em: 1 fev. 2013.<\/p>\n","protected":false},"excerpt":{"rendered":"<p>(Curitiba, 31 de janeiro de 2013) \u2013 A t\u00e3o aguardada revitaliza\u00e7\u00e3o da Biblioteca P\u00fablica do Paran\u00e1 (BPP) come\u00e7ou. Com projeto do renomado arquiteto Manoel Coelho, a reforma trar\u00e1 mais conforto, seguran\u00e7a e praticidade para as mais de 3 mil pessoas que frequentam a BPP por dia. A primeira etapa da obra compreende as depend\u00eancias internas &#8230; <a title=\"Revitaliza\u00e7\u00e3o Biblioteca P\u00fablica do Paran\u00e1 come\u00e7ou neste m\u00eas\" class=\"read-more\" href=\"https:\/\/mundobibliotecario.com.br\/index.php\/2013\/02\/01\/revitalizacao-biblioteca-publica-do-parana-comecou-neste-mes\/\" aria-label=\"Read more about Revitaliza\u00e7\u00e3o Biblioteca P\u00fablica do Paran\u00e1 come\u00e7ou neste m\u00eas\">Ler mais<\/a><\/p>\n","protected":false},"author":1,"featured_media":0,"comment_status":"open","ping_status":"open","sticky":false,"template":"","format":"standard","meta":{"_mi_skip_tracking":false,"_exactmetrics_sitenote_active":false,"_exactmetrics_sitenote_note":"","_exactmetrics_sitenote_category":0,"_jetpack_newsletter_access":"","footnotes":""},"categories":[60],"tags":[70,1033,774],"class_list":["post-2847","post","type-post","status-publish","format-standard","hentry","category-noticias","tag-biblioteca-publica","tag-parana","tag-reforma"],"jetpack_featured_media_url":"","jetpack_sharing_enabled":true,"jetpack-related-posts":[{"id":3108,"url":"https:\/\/mundobibliotecario.com.br\/index.php\/2013\/05\/07\/concurso-de-literatura-da-premio-de-r-40-mil-a-tres-escritores\/","url_meta":{"origin":2847,"position":0},"title":"Concurso de literatura d\u00e1 pr\u00eamio de R$ 40 mil a tr\u00eas escritores","author":"mundobibliotecario","date":"07\/05\/2013","format":false,"excerpt":"Al\u00e9m do pr\u00eamio em dinheiro, autores selecionados ter\u00e3o obra publicada TAGS:\u00a0Biblioteca P\u00fablica do Paran\u00e1,\u00a0Concurso,\u00a0conto,\u00a0Livros,\u00a0Poesia,\u00a0pr\u00eamio,\u00a0Pr\u00eamio Paran\u00e1 de Literatura,romance Est\u00e3o abertas as inscri\u00e7\u00f5es para o\u00a0Pr\u00eamio\u00a0Paran\u00e1 de Literatura 2013. Lan\u00e7ado pela Biblioteca P\u00fablica do Paran\u00e1, o concurso selecionar\u00e1 tr\u00eas livros in\u00e9ditos em tr\u00eas categorias: romance, contos e poesia Al\u00e9m de receber R$ 40\u2026","rel":"","context":"Em &quot;Concurso&quot;","block_context":{"text":"Concurso","link":"https:\/\/mundobibliotecario.com.br\/index.php\/category\/concurso\/"},"img":{"alt_text":"","src":"https:\/\/i0.wp.com\/revistacult.uol.com.br\/home\/wp-content\/uploads\/2013\/05\/Library-Books.jpg?resize=350%2C200","width":350,"height":200},"classes":[]},{"id":4484,"url":"https:\/\/mundobibliotecario.com.br\/index.php\/2017\/03\/04\/biblioteca-comemora-160-anos-com-atividade-cultural\/","url_meta":{"origin":2847,"position":1},"title":"Biblioteca comemora 160 anos com atividade cultural","author":"mundobibliotecario","date":"04\/03\/2017","format":false,"excerpt":"A Biblioteca P\u00fablica do Paran\u00e1 (BPP) completa 160 anos nesta ter\u00e7a-feira (7) e promove uma programa\u00e7\u00e3o especial durante todo o dia. As atividades come\u00e7am \u00e0s 10h30, com a abertura da exposi\u00e7\u00e3o Retrato de um Artista, que re\u00fane ilustra\u00e7\u00f5es publicadas no C\u00e2ndido, o jornal mensal da BPP. A partir das 16h,\u2026","rel":"","context":"Em &quot;Not\u00edcias&quot;","block_context":{"text":"Not\u00edcias","link":"https:\/\/mundobibliotecario.com.br\/index.php\/category\/noticias\/"},"img":{"alt_text":"","src":"","width":0,"height":0},"classes":[]},{"id":5225,"url":"https:\/\/mundobibliotecario.com.br\/index.php\/2019\/08\/16\/projeto-de-revitalizacao-de-bibliotecas-de-mt-e-unico-do-brasil-contemplado-em-edital-internacional\/","url_meta":{"origin":2847,"position":2},"title":"Projeto de revitaliza\u00e7\u00e3o de bibliotecas de MT \u00e9 \u00fanico do Brasil contemplado em edital internacional","author":"mundobibliotecario","date":"16\/08\/2019","format":false,"excerpt":"O prazo para execu\u00e7\u00e3o do projeto \u00e9 de 12 meses, a partir do recebimento do recurso O\u00a0projeto RevitaBibliotecas, do Sistema de Bibliotecas P\u00fablicas de Mato Grosso, foi o \u00fanico do pa\u00eds contemplado no edital do\u00a07\u00ba Concurso de Ajudas 2019, conduzido pelo Programa Ibero-Americano de Bibliotecas P\u00fablicas\u00a0(Iberbibliotecas). Com a premia\u00e7\u00e3o, quatro\u00a0bibliotecas\u2026","rel":"","context":"Em &quot;Not\u00edcias&quot;","block_context":{"text":"Not\u00edcias","link":"https:\/\/mundobibliotecario.com.br\/index.php\/category\/noticias\/"},"img":{"alt_text":"","src":"https:\/\/i0.wp.com\/painel.portalamazonia.com\/uploads\/RTEmagicC_livraria-mt2.jpg.jpg?resize=350%2C200","width":350,"height":200},"classes":[]},{"id":3048,"url":"https:\/\/mundobibliotecario.com.br\/index.php\/2013\/03\/30\/uma-biblioteca-por-dia-ate-2020\/","url_meta":{"origin":2847,"position":3},"title":"Uma biblioteca por dia at\u00e9 2020","author":"mundobibliotecario","date":"30\/03\/2013","format":false,"excerpt":"O Brasil precisa construir 39 bibliotecas por dia nos pr\u00f3ximos sete anos para cumprir a Lei n.\u00ba 12.244\/2010, que prev\u00ea que toda escola p\u00fablica ou privada tenha o seu pr\u00f3prio espa\u00e7o de leitura at\u00e9 2020. A defasagem total do pa\u00eds \u00e9 de 128 mil bibliotecas. No Paran\u00e1, segundo informa\u00e7\u00f5es do\u2026","rel":"","context":"Em &quot;Not\u00edcias&quot;","block_context":{"text":"Not\u00edcias","link":"https:\/\/mundobibliotecario.com.br\/index.php\/category\/noticias\/"},"img":{"alt_text":"","src":"","width":0,"height":0},"classes":[]},{"id":2364,"url":"https:\/\/mundobibliotecario.com.br\/index.php\/2011\/12\/16\/fbn-investe-mais-de-r-40-milhoes-em-acervo-para-bibliotecas\/","url_meta":{"origin":2847,"position":4},"title":"FBN investe mais de R$ 40 milh\u00f5es em acervo para bibliotecas","author":"mundobibliotecario","date":"16\/12\/2011","format":false,"excerpt":"CBL - 05\/12\/2011 A Funda\u00e7\u00e3o Biblioteca Nacional publicou o maior edital de apoio \u00e0s bibliotecas da\u00a0hist\u00f3ria do Minist\u00e9rio da Cultura. Ser\u00e3o investidos mais de R$ 40 milh\u00f5es na amplia\u00e7\u00e3o e atualiza\u00e7\u00e3o de acervos de bibliotecas municipais, comunit\u00e1rias, rurais e pontos de leitura que estiverem inscritos no Cadastro Nacional de Bibliotecas.\u2026","rel":"","context":"Em &quot;Not\u00edcias&quot;","block_context":{"text":"Not\u00edcias","link":"https:\/\/mundobibliotecario.com.br\/index.php\/category\/noticias\/"},"img":{"alt_text":"","src":"","width":0,"height":0},"classes":[]},{"id":7958,"url":"https:\/\/mundobibliotecario.com.br\/index.php\/2020\/12\/07\/biblioteca-publica-promove-4o-festa-literaria\/","url_meta":{"origin":2847,"position":5},"title":"Biblioteca P\u00fablica promove 4\u00ba Festa Liter\u00e1ria","author":"mundobibliotecario","date":"07\/12\/2020","format":false,"excerpt":"\u00a0Biblioteca P\u00fablica do Paran\u00e1\u00a0(BPP) promove entre os dias 8 e 11 de dezembro a quarta edi\u00e7\u00e3o de sua festa liter\u00e1ria, a Flibi. Devido \u00e0 pandemia da Covid-19, a programa\u00e7\u00e3o deste ano acontece totalmente\u00a0online. A diretora da BPP, Ilana Lerner, falou ao vivo sobre a programa\u00e7\u00e3o, no\u00a0CBN Curitiba\u00a0deste s\u00e1bado (5). Confira\u2026","rel":"","context":"Em &quot;Eventos&quot;","block_context":{"text":"Eventos","link":"https:\/\/mundobibliotecario.com.br\/index.php\/category\/eventos\/"},"img":{"alt_text":"","src":"","width":0,"height":0},"classes":[]}],"jetpack_likes_enabled":true,"jetpack_shortlink":"https:\/\/wp.me\/pcbzwa-JV","_links":{"self":[{"href":"https:\/\/mundobibliotecario.com.br\/index.php\/wp-json\/wp\/v2\/posts\/2847","targetHints":{"allow":["GET"]}}],"collection":[{"href":"https:\/\/mundobibliotecario.com.br\/index.php\/wp-json\/wp\/v2\/posts"}],"about":[{"href":"https:\/\/mundobibliotecario.com.br\/index.php\/wp-json\/wp\/v2\/types\/post"}],"author":[{"embeddable":true,"href":"https:\/\/mundobibliotecario.com.br\/index.php\/wp-json\/wp\/v2\/users\/1"}],"replies":[{"embeddable":true,"href":"https:\/\/mundobibliotecario.com.br\/index.php\/wp-json\/wp\/v2\/comments?post=2847"}],"version-history":[{"count":0,"href":"https:\/\/mundobibliotecario.com.br\/index.php\/wp-json\/wp\/v2\/posts\/2847\/revisions"}],"wp:attachment":[{"href":"https:\/\/mundobibliotecario.com.br\/index.php\/wp-json\/wp\/v2\/media?parent=2847"}],"wp:term":[{"taxonomy":"category","embeddable":true,"href":"https:\/\/mundobibliotecario.com.br\/index.php\/wp-json\/wp\/v2\/categories?post=2847"},{"taxonomy":"post_tag","embeddable":true,"href":"https:\/\/mundobibliotecario.com.br\/index.php\/wp-json\/wp\/v2\/tags?post=2847"}],"curies":[{"name":"wp","href":"https:\/\/api.w.org\/{rel}","templated":true}]}}