{"id":2900,"date":"2013-02-19T08:56:47","date_gmt":"2013-02-19T11:56:47","guid":{"rendered":"http:\/\/mundobibliotecario.wordpress.com\/?p=2900"},"modified":"2013-02-19T08:56:47","modified_gmt":"2013-02-19T11:56:47","slug":"e-agora-o-futuro-para-os-bibliotecarios","status":"publish","type":"post","link":"https:\/\/mundobibliotecario.com.br\/index.php\/2013\/02\/19\/e-agora-o-futuro-para-os-bibliotecarios\/","title":{"rendered":"E agora?: O futuro para os bibliotec\u00e1rios"},"content":{"rendered":"<p>Em tempos em que se discute o futuro das bibliotecas,\u00a0Steve Coffman, autor do texto\u00a0<a href=\"http:\/\/www.infotoday.com\/OnlineSearcher\/Articles\/Features\/So-Now-What-The-Future-for-Librarians-86856.shtml\">So Now What?: The Future for Librarians<\/a>, tece interessantes considera\u00e7\u00f5es sobre o futuro do bibliotec\u00e1rio.<\/p>\n<p>Embora o texto reflita a realidade norte-americana, vale a pena ler algumas das considera\u00e7\u00f5es de Coffman:<\/p>\n<p>&#8220;Primeiro, poder\u00edamos nos livrar de todos os nossos livros.&#8221;<\/p>\n<p>&#8220;Segundo, poder\u00edamos nos livrar dos nossos pr\u00e9dios.&#8221;<\/p>\n<p>&#8220;Terceiro,\u00a0poder\u00edamos nos livrar de boa parte da nossa equipe.&#8221;<\/p>\n<p>&#8220;Quarto, poder\u00edamos economizar muito dinheiro.&#8221;<\/p>\n<p><span style=\"line-height:1.7;\">&#8220;Em suma, acredito que ainda existe oportunidade para os bibliotec\u00e1rios em um mundo p\u00f3s-impress\u00e3o. E n\u00e3o vamos ter que desviar muito de nossos pap\u00e9is tradicionais para encontr\u00e1-lo. Agrega\u00e7\u00e3o, curadoria e refer\u00eancia tornam-se ainda mais importantes em mundo digital, onde milh\u00f5es de livros e terabytes de outros conte\u00fados s\u00e3o produzidos todos os anos. No entanto, com todos os conte\u00fados tornado-se eletr\u00f4nicos, outros tamb\u00e9m podem executar a agrega\u00e7\u00e3o, curadoria e refer\u00eancia, dando-nos alguma competi\u00e7\u00e3o formid\u00e1vel. \u00a0Mas em nenhum servi\u00e7o atual acrescenta-se a tudo o que voc\u00ea poderia come\u00e7ar a partir de um bibliotec\u00e1rio honesto-a-Deus, que \u00e9 um especialista no tratamento da informa\u00e7\u00e3o e completamente dedicado profissionalmente ao interesse do usu\u00e1rios.&#8221;<\/span><\/p>\n<p><span style=\"line-height:1.7;\">&#8220;Agora, n\u00f3s somos bibliotec\u00e1rios, por Deus. Nossas habilidades, treinamento, conhecimento e experi\u00eancia s\u00e3o inseparavelmente ligadas aos livros e \u00e0 literatura. Os servi\u00e7os que executamos ainda s\u00e3o necess\u00e1rios na era digital, onde tudo est\u00e1 se tornando eletr\u00f4nico ou ainda vamos operar em um ambiente h\u00edbrido N\u00f3s (sic) temos muito para oferecer. E n\u00e3o podemos deixar que um pouco de competi\u00e7\u00e3o fique no nosso caminho.&#8221;\u00a0<\/span><\/p>\n<p><span style=\"line-height:1.7;\">&#8220;Mas precisamos tirar vantagem das ferramentas e tecnologias dispon\u00edveis para procurarmos caminhos melhores e mais efetivos para conectar as pessoas com os livros e a informa\u00e7\u00e3o. Se estamos \u00e0 altura da tarefa, os bibliotec\u00e1rios e a biblioteconomia t\u00eam um futuro longo e brilhante. Se n\u00e3o, outros est\u00e3o prontos agora para assumir o controle por n\u00f3s.&#8221;<\/span><\/p>\n","protected":false},"excerpt":{"rendered":"<p>Em tempos em que se discute o futuro das bibliotecas,\u00a0Steve Coffman, autor do texto\u00a0So Now What?: The Future for Librarians, tece interessantes considera\u00e7\u00f5es sobre o futuro do bibliotec\u00e1rio. Embora o texto reflita a realidade norte-americana, vale a pena ler algumas das considera\u00e7\u00f5es de Coffman: &#8220;Primeiro, poder\u00edamos nos livrar de todos os nossos livros.&#8221; &#8220;Segundo, poder\u00edamos &#8230; <a title=\"E agora?: O futuro para os bibliotec\u00e1rios\" class=\"read-more\" href=\"https:\/\/mundobibliotecario.com.br\/index.php\/2013\/02\/19\/e-agora-o-futuro-para-os-bibliotecarios\/\" aria-label=\"Read more about E agora?: O futuro para os bibliotec\u00e1rios\">Ler mais<\/a><\/p>\n","protected":false},"author":1,"featured_media":0,"comment_status":"open","ping_status":"open","sticky":false,"template":"","format":"standard","meta":{"_mi_skip_tracking":false,"_exactmetrics_sitenote_active":false,"_exactmetrics_sitenote_note":"","_exactmetrics_sitenote_category":0,"_jetpack_newsletter_access":"","footnotes":""},"categories":[60],"tags":[36,869],"class_list":["post-2900","post","type-post","status-publish","format-standard","hentry","category-noticias","tag-bibliotecario","tag-futuro"],"jetpack_featured_media_url":"","jetpack_sharing_enabled":true,"jetpack-related-posts":[{"id":2268,"url":"https:\/\/mundobibliotecario.com.br\/index.php\/2011\/10\/12\/congresso-internacional-sibiusp-30-anos-o-futuro-do-conhecimento-universal-i\/","url_meta":{"origin":2900,"position":0},"title":"Congresso Internacional SIBiUSP 30 anos: O Futuro do Conhecimento Universal (I)","author":"mundobibliotecario","date":"12\/10\/2011","format":false,"excerpt":"Ocorreu nos dias 7\/10 e 8\/10, em S\u00e3o Paulo, o Congresso Internacional SIBiUSP 30 anos: O Futuro do Conhecimento Universal. Contou com a presen\u00e7a de profissionais de diversas \u00e1reas e pa\u00edses que enriqueceram o evento com suas pr\u00e1ticas, ideias, discuss\u00f5es e experi\u00eancias, juntamente com as perguntas do p\u00fablico. Relatarei o\u2026","rel":"","context":"Em &quot;Eventos&quot;","block_context":{"text":"Eventos","link":"https:\/\/mundobibliotecario.com.br\/index.php\/category\/eventos\/"},"img":{"alt_text":"","src":"","width":0,"height":0},"classes":[]},{"id":4737,"url":"https:\/\/mundobibliotecario.com.br\/index.php\/2018\/04\/08\/promocao-9-de-abril-dia-da-biblioteca-participe\/","url_meta":{"origin":2900,"position":1},"title":"Promo\u00e7\u00e3o 9 de abril &#8211; Dia da Biblioteca &#8211; Participe!","author":"mundobibliotecario","date":"08\/04\/2018","format":false,"excerpt":"Fonte:\u00a0https:\/\/www.flickr.com\/photos\/loughboroughuniversitylibrary\/6333984637 Dia 9 de abril \u00e9 o Dia da Biblioteca Por qu\u00ea? Um Decreto brasileiro datado de 9 de abril de 1980 instituiu no pa\u00eds a Semana Nacional do Livro e da \u00a0Biblioteca, bem como o Dia do Bibliotec\u00e1rio. Por este motivo, o dia 09\/04 \u00e9 conhecido como o Dia\u2026","rel":"","context":"Em &quot;Not\u00edcias&quot;","block_context":{"text":"Not\u00edcias","link":"https:\/\/mundobibliotecario.com.br\/index.php\/category\/noticias\/"},"img":{"alt_text":"","src":"https:\/\/i0.wp.com\/mundobibliotecario.com.br\/wp-content\/uploads\/2018\/04\/6333984637_7d08596f9e_b.jpg?resize=350%2C200","width":350,"height":200},"classes":[]},{"id":10266,"url":"https:\/\/mundobibliotecario.com.br\/index.php\/2023\/01\/24\/leia-o-que-uma-inteligencia-artificial-disse-sobre-o-trabalho-do-bibliotecario\/","url_meta":{"origin":2900,"position":2},"title":"Leia o que uma intelig\u00eancia artificial disse sobre o trabalho do bibliotec\u00e1rio","author":"mundobibliotecario","date":"24\/01\/2023","format":false,"excerpt":"O texto que voc\u00ea vai ler foi escrito por uma intelig\u00eancia artificial. N\u00e3o qualquer uma, mas a mais famosa do momento:\u00a0ChatGPT. Se voc\u00ea n\u00e3o conhece essa ferramenta, voc\u00ea pode saber o que \u00e9 e para que serve\u00a0aqui. Este texto foi inspirado no artigo de Pedro Fernando Nery, publicado em sua\u2026","rel":"","context":"Em &quot;Not\u00edcias&quot;","block_context":{"text":"Not\u00edcias","link":"https:\/\/mundobibliotecario.com.br\/index.php\/category\/noticias\/"},"img":{"alt_text":"","src":"https:\/\/i0.wp.com\/mundobibliotecario.com.br\/wp-content\/uploads\/2023\/01\/Atencao-Aviso-Amarelo-Com-Cores-Editaveis-Post-para-Instagram-1024x1024.png?resize=350%2C200&ssl=1","width":350,"height":200},"classes":[]},{"id":4697,"url":"https:\/\/mundobibliotecario.com.br\/index.php\/2018\/03\/01\/frases-para-o-dia-do-bibliotecario\/","url_meta":{"origin":2900,"position":3},"title":"Frases para o Dia do Bibliotec\u00e1rio","author":"mundobibliotecario","date":"01\/03\/2018","format":false,"excerpt":"Mais um Dia do Bibliotec\u00e1rio chegando e voc\u00ea est\u00e1 procurando uma frase para comemorar a data? Veja abaixo uma sele\u00e7\u00e3o feita pelo Mundo Bibliotec\u00e1rio! Se ao lado da biblioteca houver um jardim, nada faltar\u00e1. (Marco T\u00falio C\u00edcero) *** O bibliotec\u00e1rio n\u00e3o tem futuro! O bibliotec\u00e1rio \u00e9 o futuro. (Carminda Nogueira\u2026","rel":"","context":"Em &quot;Cita\u00e7\u00f5es&quot;","block_context":{"text":"Cita\u00e7\u00f5es","link":"https:\/\/mundobibliotecario.com.br\/index.php\/category\/citacoes\/"},"img":{"alt_text":"","src":"","width":0,"height":0},"classes":[]},{"id":4479,"url":"https:\/\/mundobibliotecario.com.br\/index.php\/2017\/03\/02\/bibliotecario-rico-3\/","url_meta":{"origin":2900,"position":4},"title":"Bibliotec\u00e1rio Rico (3)","author":"mundobibliotecario","date":"02\/03\/2017","format":false,"excerpt":"O livro de mar\u00e7o \u00e9\u00a0O futuro \u00e9...: viajar, malhar, estudar, namorar e INVESTIR, de\u00a0Mara Luquet. Apesar do t\u00edtulo\u00a0aparentemente ser voltado para o p\u00fablico jovem, quando oassunto \u00e9 \"investimento\" interessa a todas as idades. De forma bastante leve,\u00a0a autora aborda quatro capitais essenciais para se\u00a0a\u00a0longevidade: sa\u00fade, financeiro, conhecimentos e social.\u00a0Aborda, dentre\u2026","rel":"","context":"Em &quot;Not\u00edcias&quot;","block_context":{"text":"Not\u00edcias","link":"https:\/\/mundobibliotecario.com.br\/index.php\/category\/noticias\/"},"img":{"alt_text":"","src":"https:\/\/mundobibliotecario.files.wordpress.com\/2017\/03\/capa.jpg?w=350&h=200&crop=1","width":350,"height":200},"classes":[]},{"id":3149,"url":"https:\/\/mundobibliotecario.com.br\/index.php\/2013\/07\/02\/bibliotecarios-e-a-era-do-mooc\/","url_meta":{"origin":2900,"position":5},"title":"Bibliotec\u00e1rios e a era do MOOC","author":"mundobibliotecario","date":"02\/07\/2013","format":false,"excerpt":"O New York Times\u00a0apelidou 2012 de \u201cO Ano do MOOC,\u201d\u00a0 e desde ent\u00e3o se tornou um t\u00f3picos mais quentes em edu\u00e7\u00e3o. A revista\u00a0Time disse que os MOOCs grauitos abrem as portas para a \u00a0\u201cIvy League para as Massas.\u201d Dois dos principais MOOCs do mundo, Coursera e Udacity, ganharam um capital\u2026","rel":"","context":"Em &quot;Not\u00edcias&quot;","block_context":{"text":"Not\u00edcias","link":"https:\/\/mundobibliotecario.com.br\/index.php\/category\/noticias\/"},"img":{"alt_text":"","src":"","width":0,"height":0},"classes":[]}],"jetpack_likes_enabled":true,"jetpack_shortlink":"https:\/\/wp.me\/pcbzwa-KM","_links":{"self":[{"href":"https:\/\/mundobibliotecario.com.br\/index.php\/wp-json\/wp\/v2\/posts\/2900","targetHints":{"allow":["GET"]}}],"collection":[{"href":"https:\/\/mundobibliotecario.com.br\/index.php\/wp-json\/wp\/v2\/posts"}],"about":[{"href":"https:\/\/mundobibliotecario.com.br\/index.php\/wp-json\/wp\/v2\/types\/post"}],"author":[{"embeddable":true,"href":"https:\/\/mundobibliotecario.com.br\/index.php\/wp-json\/wp\/v2\/users\/1"}],"replies":[{"embeddable":true,"href":"https:\/\/mundobibliotecario.com.br\/index.php\/wp-json\/wp\/v2\/comments?post=2900"}],"version-history":[{"count":0,"href":"https:\/\/mundobibliotecario.com.br\/index.php\/wp-json\/wp\/v2\/posts\/2900\/revisions"}],"wp:attachment":[{"href":"https:\/\/mundobibliotecario.com.br\/index.php\/wp-json\/wp\/v2\/media?parent=2900"}],"wp:term":[{"taxonomy":"category","embeddable":true,"href":"https:\/\/mundobibliotecario.com.br\/index.php\/wp-json\/wp\/v2\/categories?post=2900"},{"taxonomy":"post_tag","embeddable":true,"href":"https:\/\/mundobibliotecario.com.br\/index.php\/wp-json\/wp\/v2\/tags?post=2900"}],"curies":[{"name":"wp","href":"https:\/\/api.w.org\/{rel}","templated":true}]}}