{"id":2926,"date":"2013-02-23T11:27:19","date_gmt":"2013-02-23T14:27:19","guid":{"rendered":"http:\/\/mundobibliotecario.wordpress.com\/?p=2926"},"modified":"2013-02-23T11:27:19","modified_gmt":"2013-02-23T14:27:19","slug":"forum-de-debate-em-comemoracao-ao-dia-do-bibliotecario-biblioteca-publica-como-instrumento-de-cidadania-e-inclusao-social","status":"publish","type":"post","link":"https:\/\/mundobibliotecario.com.br\/index.php\/2013\/02\/23\/forum-de-debate-em-comemoracao-ao-dia-do-bibliotecario-biblioteca-publica-como-instrumento-de-cidadania-e-inclusao-social\/","title":{"rendered":"F\u00f3rum de debate em comemora\u00e7\u00e3o ao dia do Bibliotec\u00e1rio: \u201cBIBLIOTECA P\u00daBLICA COMO INSTRUMENTO DE CIDADANIA E INCLUS\u00c3O SOCIAL\u201d"},"content":{"rendered":"<p>F\u00f3rum de debate em comemora\u00e7\u00e3o ao dia do Bibliotec\u00e1rio: \u201cBIBLIOTECA P\u00daBLICA COMO INSTRUMENTO DE CIDADANIA E INCLUS\u00c3O SOCIAL\u201d<br \/>\nData: 12 de mar\u00e7o<br \/>\nHor\u00e1rio: 14h<br \/>\nLocal: Biblioteca Hans Christian Andersen<br \/>\nEndere\u00e7o: Av. Celso Garcia, 4142 Tatuap\u00e9 SP<br \/>\nTelefone: (11) 2295-3447<br \/>\nE-mail:\u00a0<a href=\"http:\/\/bmail.uol.com.br\/compose?to=bmhanscandersen\" target=\"_blank\">bmhanscandersen@yahoo.com.br<\/a><br \/>\nCom certificado!<\/p>\n","protected":false},"excerpt":{"rendered":"<p>F\u00f3rum de debate em comemora\u00e7\u00e3o ao dia do Bibliotec\u00e1rio: \u201cBIBLIOTECA P\u00daBLICA COMO INSTRUMENTO DE CIDADANIA E INCLUS\u00c3O SOCIAL\u201d Data: 12 de mar\u00e7o Hor\u00e1rio: 14h Local: Biblioteca Hans Christian Andersen Endere\u00e7o: Av. Celso Garcia, 4142 Tatuap\u00e9 SP Telefone: (11) 2295-3447 E-mail:\u00a0bmhanscandersen@yahoo.com.br Com certificado!<\/p>\n","protected":false},"author":1,"featured_media":0,"comment_status":"open","ping_status":"open","sticky":false,"template":"","format":"standard","meta":{"_mi_skip_tracking":false,"_exactmetrics_sitenote_active":false,"_exactmetrics_sitenote_note":"","_exactmetrics_sitenote_category":0,"_jetpack_newsletter_access":"","footnotes":""},"categories":[27],"tags":[70,533],"class_list":["post-2926","post","type-post","status-publish","format-standard","hentry","category-eventos","tag-biblioteca-publica","tag-dia-do-bibliotecario"],"jetpack_featured_media_url":"","jetpack_sharing_enabled":true,"jetpack-related-posts":[{"id":2470,"url":"https:\/\/mundobibliotecario.com.br\/index.php\/2012\/02\/25\/bn-celebra-o-dia-do-bibliotecario\/","url_meta":{"origin":2926,"position":0},"title":"BN celebra o Dia do Bibliotec\u00e1rio","author":"mundobibliotecario","date":"25\/02\/2012","format":false,"excerpt":"A Biblioteca Nacional far\u00e1 uma grande festa para comemorar o Dia do Bibliotec\u00e1rio, festejado em 12\/03. Al\u00e9m de uma progama\u00e7\u00e3o especial, com semin\u00e1rio internacional e mesa-redonda para debater o mercado de trabalho no Brasil, haver\u00e1 um grande sarau. Realizado em parceria com o Conselho de Biblioteconomia do Rio de Janeiro\u2026","rel":"","context":"Em &quot;Not\u00edcias&quot;","block_context":{"text":"Not\u00edcias","link":"https:\/\/mundobibliotecario.com.br\/index.php\/category\/noticias\/"},"img":{"alt_text":"","src":"","width":0,"height":0},"classes":[]},{"id":1159,"url":"https:\/\/mundobibliotecario.com.br\/index.php\/2010\/03\/12\/dia-do-bibiliotecario-em-sao-carlos\/","url_meta":{"origin":2926,"position":1},"title":"Dia do Bibliotec\u00e1rio em S\u00e3o Carlos","author":"mundobibliotecario","date":"12\/03\/2010","format":false,"excerpt":"As comera\u00e7\u00f5es do Dia do Bibliotec\u00e1rio em um dos munic\u00edpios mais tradicionais no ensino da Biblioteconomia, S\u00e3o Carlos, v\u00e3o agitar a cidade neste 12 de mar\u00e7o de 2010! Confira! ************************************************************ 11\/03\/2010 \u00e0s 09:54h | Reda\u00e7\u00e3o S\u00e3o Carlos Agora C\u00e2mara Municipal comemora Dia do Bibliotec\u00e1rio nesta sexta-feira A C\u00e2mara Municipal de\u2026","rel":"","context":"Em &quot;Not\u00edcias&quot;","block_context":{"text":"Not\u00edcias","link":"https:\/\/mundobibliotecario.com.br\/index.php\/category\/noticias\/"},"img":{"alt_text":"","src":"","width":0,"height":0},"classes":[]},{"id":4637,"url":"https:\/\/mundobibliotecario.com.br\/index.php\/2018\/01\/18\/fala-bibliotecaria-bibliotecarios-pela-internet-por-gabriela-pedrao\/","url_meta":{"origin":2926,"position":2},"title":"FALA, BIBLIOTEC\u00c1RIA: Bibliotec\u00e1rios pela internet! por Gabriela Pedr\u00e3o","author":"mundobibliotecario","date":"18\/01\/2018","format":false,"excerpt":"A bibliotec\u00e1ria Gabriela Pedr\u00e3o, que possui o canal do YouTube \"\u00c9 o \u00faltimo, juro!\", lan\u00e7ou um v\u00eddeo no in\u00edcio do m\u00eas onde lista os bibliotec\u00e1rios que possuem blogs, p\u00e1ginas no Facebook e canais pela internet. A lista completa n\u00e3o coube no v\u00eddeo, mas foi publicada no blog no canal. Agrade\u00e7o\u2026","rel":"","context":"Em &quot;Not\u00edcias&quot;","block_context":{"text":"Not\u00edcias","link":"https:\/\/mundobibliotecario.com.br\/index.php\/category\/noticias\/"},"img":{"alt_text":"","src":"https:\/\/i0.wp.com\/img.youtube.com\/vi\/UC9p1U1b39s\/0.jpg?resize=350%2C200","width":350,"height":200},"classes":[]},{"id":2933,"url":"https:\/\/mundobibliotecario.com.br\/index.php\/2013\/02\/23\/bibliotecas-acessiveis-no-ensino-superior-acoes-afirmativas-para-inclusao\/","url_meta":{"origin":2926,"position":3},"title":"&#8220;Bibliotecas Acess\u00edveis no Ensino Superior: A\u00e7\u00f5es Afirmativas para inclus\u00e3o&#8221;","author":"mundobibliotecario","date":"23\/02\/2013","format":false,"excerpt":"Encontram-se abertas as inscri\u00e7\u00f5es do F\u00f3rum Permanente de Ensino Superior, \"Bibliotecas Acess\u00edveis no Ensino Superior: A\u00e7\u00f5es Afirmativas para inclus\u00e3o\", a ser realizado na data de 07\/03\/2013, no Audit\u00f3rio do Centro de Conven\u00e7\u00f5es da UNICAMP. Para efetuar a sua inscri\u00e7\u00e3o cadastra-se no site dos f\u00f3runs. Caso j\u00e1 possua cadastro efetue login\u2026","rel":"","context":"Em &quot;Eventos&quot;","block_context":{"text":"Eventos","link":"https:\/\/mundobibliotecario.com.br\/index.php\/category\/eventos\/"},"img":{"alt_text":"","src":"","width":0,"height":0},"classes":[]},{"id":34,"url":"https:\/\/mundobibliotecario.com.br\/index.php\/2008\/08\/05\/ii-forum-do-pnll-e-i-seminario-de-bibliotecas\/","url_meta":{"origin":2926,"position":4},"title":"II F\u00f3rum do PNLL e I Semin\u00e1rio de Bibliotecas","author":"mundobibliotecario","date":"05\/08\/2008","format":false,"excerpt":"No primeiro dia do I F\u00f3rum do Plano Nacional do Livro e Leitura e o I Semin\u00e1rio Internacional de Bibliotecas P\u00fablicas e Comunit\u00e1rias, que acontecem de 14 a 17 de agosto de 2008 em S\u00e3o Paulo, est\u00e3o programadas as seguintes atividades: \u00a0\u00a0\u00a0\u00a0\u00a0\u00a0\u00a0\u00a0\u00a0\u00a0\u00a0\u00a0\u00a0 a) Palestra: Forma\u00e7\u00e3o do bibliotec\u00e1rio para o contexto\u2026","rel":"","context":"Em &quot;Eventos&quot;","block_context":{"text":"Eventos","link":"https:\/\/mundobibliotecario.com.br\/index.php\/category\/eventos\/"},"img":{"alt_text":"","src":"","width":0,"height":0},"classes":[]},{"id":4917,"url":"https:\/\/mundobibliotecario.com.br\/index.php\/2013\/02\/23\/bibliotecas-acessiveis-no-ensino-superior-acoes-afirmativas-para-inclusao-2\/","url_meta":{"origin":2926,"position":5},"title":"&quot;Bibliotecas Acess\u00edveis no Ensino Superior: A\u00e7\u00f5es Afirmativas para inclus\u00e3o&quot;","author":"mundobibliotecario","date":"23\/02\/2013","format":false,"excerpt":"Encontram-se abertas as inscri\u00e7\u00f5es do F\u00f3rum Permanente de Ensino Superior, \"Bibliotecas Acess\u00edveis no Ensino Superior: A\u00e7\u00f5es Afirmativas para inclus\u00e3o\", a ser realizado na data de 07\/03\/2013, no Audit\u00f3rio do Centro de Conven\u00e7\u00f5es da UNICAMP. Para efetuar a sua inscri\u00e7\u00e3o cadastra-se no site dos f\u00f3runs. Caso j\u00e1 possua cadastro efetue login\u2026","rel":"","context":"Em &quot;Eventos&quot;","block_context":{"text":"Eventos","link":"https:\/\/mundobibliotecario.com.br\/index.php\/category\/eventos\/"},"img":{"alt_text":"","src":"","width":0,"height":0},"classes":[]}],"jetpack_likes_enabled":true,"jetpack_shortlink":"https:\/\/wp.me\/pcbzwa-Lc","_links":{"self":[{"href":"https:\/\/mundobibliotecario.com.br\/index.php\/wp-json\/wp\/v2\/posts\/2926","targetHints":{"allow":["GET"]}}],"collection":[{"href":"https:\/\/mundobibliotecario.com.br\/index.php\/wp-json\/wp\/v2\/posts"}],"about":[{"href":"https:\/\/mundobibliotecario.com.br\/index.php\/wp-json\/wp\/v2\/types\/post"}],"author":[{"embeddable":true,"href":"https:\/\/mundobibliotecario.com.br\/index.php\/wp-json\/wp\/v2\/users\/1"}],"replies":[{"embeddable":true,"href":"https:\/\/mundobibliotecario.com.br\/index.php\/wp-json\/wp\/v2\/comments?post=2926"}],"version-history":[{"count":0,"href":"https:\/\/mundobibliotecario.com.br\/index.php\/wp-json\/wp\/v2\/posts\/2926\/revisions"}],"wp:attachment":[{"href":"https:\/\/mundobibliotecario.com.br\/index.php\/wp-json\/wp\/v2\/media?parent=2926"}],"wp:term":[{"taxonomy":"category","embeddable":true,"href":"https:\/\/mundobibliotecario.com.br\/index.php\/wp-json\/wp\/v2\/categories?post=2926"},{"taxonomy":"post_tag","embeddable":true,"href":"https:\/\/mundobibliotecario.com.br\/index.php\/wp-json\/wp\/v2\/tags?post=2926"}],"curies":[{"name":"wp","href":"https:\/\/api.w.org\/{rel}","templated":true}]}}