{"id":2933,"date":"2013-02-23T11:44:29","date_gmt":"2013-02-23T14:44:29","guid":{"rendered":"http:\/\/mundobibliotecario.wordpress.com\/?p=2933"},"modified":"2020-07-21T23:54:48","modified_gmt":"2020-07-22T02:54:48","slug":"bibliotecas-acessiveis-no-ensino-superior-acoes-afirmativas-para-inclusao","status":"publish","type":"post","link":"https:\/\/mundobibliotecario.com.br\/index.php\/2013\/02\/23\/bibliotecas-acessiveis-no-ensino-superior-acoes-afirmativas-para-inclusao\/","title":{"rendered":"&#8220;Bibliotecas Acess\u00edveis no Ensino Superior: A\u00e7\u00f5es Afirmativas para inclus\u00e3o&#8221;"},"content":{"rendered":"<p>Encontram-se abertas as inscri\u00e7\u00f5es do F\u00f3rum Permanente de Ensino<br \/>\nSuperior, &#8220;Bibliotecas Acess\u00edveis no Ensino Superior: A\u00e7\u00f5es<br \/>\nAfirmativas para inclus\u00e3o&#8221;, a ser realizado na data de 07\/03\/2013, no<br \/>\nAudit\u00f3rio do Centro de Conven\u00e7\u00f5es da UNICAMP.<\/p>\n<p>Para efetuar a sua inscri\u00e7\u00e3o cadastra-se no site dos f\u00f3runs. Caso j\u00e1<br \/>\npossua cadastro efetue login e inscreva-se em &#8220;programa\u00e7\u00e3o de eventos<br \/>\n2013&#8221;, e procure o f\u00f3rum pelo t\u00edtulo.<\/p>\n","protected":false},"excerpt":{"rendered":"<p>Encontram-se abertas as inscri\u00e7\u00f5es do F\u00f3rum Permanente de Ensino Superior, &#8220;Bibliotecas Acess\u00edveis no Ensino Superior: A\u00e7\u00f5es Afirmativas para inclus\u00e3o&#8221;, a ser realizado na data de 07\/03\/2013, no Audit\u00f3rio do Centro de Conven\u00e7\u00f5es da UNICAMP. Para efetuar a sua inscri\u00e7\u00e3o cadastra-se no site dos f\u00f3runs. Caso j\u00e1 possua cadastro efetue login e inscreva-se em &#8220;programa\u00e7\u00e3o de &#8230; <a title=\"&#8220;Bibliotecas Acess\u00edveis no Ensino Superior: A\u00e7\u00f5es Afirmativas para inclus\u00e3o&#8221;\" class=\"read-more\" href=\"https:\/\/mundobibliotecario.com.br\/index.php\/2013\/02\/23\/bibliotecas-acessiveis-no-ensino-superior-acoes-afirmativas-para-inclusao\/\" aria-label=\"Read more about &#8220;Bibliotecas Acess\u00edveis no Ensino Superior: A\u00e7\u00f5es Afirmativas para inclus\u00e3o&#8221;\">Ler mais<\/a><\/p>\n","protected":false},"author":1,"featured_media":0,"comment_status":"open","ping_status":"open","sticky":false,"template":"","format":"standard","meta":{"_mi_skip_tracking":false,"_exactmetrics_sitenote_active":false,"_exactmetrics_sitenote_note":"","_exactmetrics_sitenote_category":0,"_jetpack_newsletter_access":"","footnotes":""},"categories":[27],"tags":[846,1045,2,1046],"class_list":["post-2933","post","type-post","status-publish","format-standard","hentry","category-eventos","tag-acessibilidade","tag-acoes-afirmativasa","tag-biblioteca","tag-ensino-superior"],"jetpack_featured_media_url":"","jetpack_sharing_enabled":true,"jetpack-related-posts":[{"id":4917,"url":"https:\/\/mundobibliotecario.com.br\/index.php\/2013\/02\/23\/bibliotecas-acessiveis-no-ensino-superior-acoes-afirmativas-para-inclusao-2\/","url_meta":{"origin":2933,"position":0},"title":"&quot;Bibliotecas Acess\u00edveis no Ensino Superior: A\u00e7\u00f5es Afirmativas para inclus\u00e3o&quot;","author":"mundobibliotecario","date":"23\/02\/2013","format":false,"excerpt":"Encontram-se abertas as inscri\u00e7\u00f5es do F\u00f3rum Permanente de Ensino Superior, \"Bibliotecas Acess\u00edveis no Ensino Superior: A\u00e7\u00f5es Afirmativas para inclus\u00e3o\", a ser realizado na data de 07\/03\/2013, no Audit\u00f3rio do Centro de Conven\u00e7\u00f5es da UNICAMP. Para efetuar a sua inscri\u00e7\u00e3o cadastra-se no site dos f\u00f3runs. Caso j\u00e1 possua cadastro efetue login\u2026","rel":"","context":"Em &quot;Eventos&quot;","block_context":{"text":"Eventos","link":"https:\/\/mundobibliotecario.com.br\/index.php\/category\/eventos\/"},"img":{"alt_text":"","src":"","width":0,"height":0},"classes":[]},{"id":4919,"url":"https:\/\/mundobibliotecario.com.br\/index.php\/2013\/02\/23\/bibliotecas-acessiveis-no-ensino-superior-acoes-afirmativas-para-inclusao-2-2\/","url_meta":{"origin":2933,"position":1},"title":"&#034;Bibliotecas Acess\u00edveis no Ensino Superior: A\u00e7\u00f5es Afirmativas para inclus\u00e3o&#034;","author":"mundobibliotecario","date":"23\/02\/2013","format":false,"excerpt":"Encontram-se abertas as inscri\u00e7\u00f5es do F\u00f3rum Permanente de Ensino Superior, \"Bibliotecas Acess\u00edveis no Ensino Superior: A\u00e7\u00f5es Afirmativas para inclus\u00e3o\", a ser realizado na data de 07\/03\/2013, no Audit\u00f3rio do Centro de Conven\u00e7\u00f5es da UNICAMP. Para efetuar a sua inscri\u00e7\u00e3o cadastra-se no site dos f\u00f3runs. Caso j\u00e1 possua cadastro efetue login\u2026","rel":"","context":"Em &quot;Eventos&quot;","block_context":{"text":"Eventos","link":"https:\/\/mundobibliotecario.com.br\/index.php\/category\/eventos\/"},"img":{"alt_text":"","src":"","width":0,"height":0},"classes":[]},{"id":2926,"url":"https:\/\/mundobibliotecario.com.br\/index.php\/2013\/02\/23\/forum-de-debate-em-comemoracao-ao-dia-do-bibliotecario-biblioteca-publica-como-instrumento-de-cidadania-e-inclusao-social\/","url_meta":{"origin":2933,"position":2},"title":"F\u00f3rum de debate em comemora\u00e7\u00e3o ao dia do Bibliotec\u00e1rio: \u201cBIBLIOTECA P\u00daBLICA COMO INSTRUMENTO DE CIDADANIA E INCLUS\u00c3O SOCIAL\u201d","author":"mundobibliotecario","date":"23\/02\/2013","format":false,"excerpt":"F\u00f3rum de debate em comemora\u00e7\u00e3o ao dia do Bibliotec\u00e1rio: \u201cBIBLIOTECA P\u00daBLICA COMO INSTRUMENTO DE CIDADANIA E INCLUS\u00c3O SOCIAL\u201d Data: 12 de mar\u00e7o Hor\u00e1rio: 14h Local: Biblioteca Hans Christian Andersen Endere\u00e7o: Av. Celso Garcia, 4142 Tatuap\u00e9 SP Telefone: (11) 2295-3447 E-mail:\u00a0bmhanscandersen@yahoo.com.br Com certificado!","rel":"","context":"Em &quot;Eventos&quot;","block_context":{"text":"Eventos","link":"https:\/\/mundobibliotecario.com.br\/index.php\/category\/eventos\/"},"img":{"alt_text":"","src":"","width":0,"height":0},"classes":[]},{"id":8392,"url":"https:\/\/mundobibliotecario.com.br\/index.php\/2021\/02\/12\/acelerando-a-transformacao-digital-do-ensino-superior\/","url_meta":{"origin":2933,"position":3},"title":"Acelerando a transforma\u00e7\u00e3o digital do ensino superior","author":"mundobibliotecario","date":"12\/02\/2021","format":false,"excerpt":"Manifesto das Bibliotecas Universit\u00e1rias perante o COVID-19, de 13 universidades do CSUC. Catalunha. Espanha Hoje trazemos a este espa\u00e7o o manifesto que as bibliotecas universit\u00e1rias catal\u00e3s tornaram p\u00fablico. As bibliotecas de 13 universidades membros e participantes do CSUC (UB, UAB, UPC, UPF, UdL, UdG, URV, UOC, URL, UVic-UCC, UIC, UIB\u2026","rel":"","context":"Em &quot;Not\u00edcias&quot;","block_context":{"text":"Not\u00edcias","link":"https:\/\/mundobibliotecario.com.br\/index.php\/category\/noticias\/"},"img":{"alt_text":"","src":"","width":0,"height":0},"classes":[]},{"id":10105,"url":"https:\/\/mundobibliotecario.com.br\/index.php\/2022\/09\/26\/live-acessibilidade-em-bibliotecas-universitarias-para-pessoas-com-deficiencia-visual\/","url_meta":{"origin":2933,"position":4},"title":"Live: Acessibilidade em bibliotecas universit\u00e1rias para pessoas com defici\u00eancia visual","author":"mundobibliotecario","date":"26\/09\/2022","format":false,"excerpt":"Em continuidade \u00e0 s\u00e9rie de lives\u00a0que abordam as necessidades atuais das bibliotecas universit\u00e1rias, o Sistema Integrado de Bibliotecas (SIBi-UFSCar) est\u00e1 organizando a\u00a0live\u00a0Acessibilidade em bibliotecas universit\u00e1rias para pessoas com defici\u00eancia visual.\u00a0O evento\u00a0acontece\u00a0no dia 29 de setembro (5\u00aa. Feira), das 14h30 \u00e0s 16h\u00a0e ter\u00e1\u00a0transmiss\u00e3o\u00a0pelo\u00a0canal do SIBi no YouTube\u00a0com tradu\u00e7\u00e3o em Libras. Ela\u2026","rel":"","context":"Em &quot;Eventos&quot;","block_context":{"text":"Eventos","link":"https:\/\/mundobibliotecario.com.br\/index.php\/category\/eventos\/"},"img":{"alt_text":"","src":"https:\/\/i0.wp.com\/mundobibliotecario.com.br\/wp-content\/uploads\/2022\/09\/live-sibi-ufscar.png?resize=350%2C200&ssl=1","width":350,"height":200},"classes":[]},{"id":4689,"url":"https:\/\/mundobibliotecario.com.br\/index.php\/2018\/02\/20\/webinar-a-biblioteca-universitaria-e-os-novos-instrumentos-de-avaliacao-mec-inep\/","url_meta":{"origin":2933,"position":5},"title":"Webinar &#8220;A biblioteca universit\u00e1ria e os novos instrumentos de avalia\u00e7\u00e3o (MEC\/INEP)&#8221;","author":"mundobibliotecario","date":"20\/02\/2018","format":false,"excerpt":"Ol\u00e1! Tudo bem? No dia\u00a023\/02\u00a0\u00e0s\u00a010h30,\u00a0M\u00edriam Rocha\u00a0ministrar\u00e1 o evento online gratuito \u201cA biblioteca universit\u00e1ria e os novos instrumentos de avalia\u00e7\u00e3o (MEC\/INEP)\u201d! Altera\u00e7\u00f5es significativas na legisla\u00e7\u00e3o do ensino superior ocorreram no final de 2017, o que nos leva a refletir sobre uma\u00a0mudan\u00e7a de paradigma. Nesse sentido, o webinar ser\u00e1 direcionado para atualizar\u00a0\u2026","rel":"","context":"Em &quot;Eventos&quot;","block_context":{"text":"Eventos","link":"https:\/\/mundobibliotecario.com.br\/index.php\/category\/eventos\/"},"img":{"alt_text":"","src":"","width":0,"height":0},"classes":[]}],"jetpack_likes_enabled":true,"jetpack_shortlink":"https:\/\/wp.me\/pcbzwa-Lj","_links":{"self":[{"href":"https:\/\/mundobibliotecario.com.br\/index.php\/wp-json\/wp\/v2\/posts\/2933","targetHints":{"allow":["GET"]}}],"collection":[{"href":"https:\/\/mundobibliotecario.com.br\/index.php\/wp-json\/wp\/v2\/posts"}],"about":[{"href":"https:\/\/mundobibliotecario.com.br\/index.php\/wp-json\/wp\/v2\/types\/post"}],"author":[{"embeddable":true,"href":"https:\/\/mundobibliotecario.com.br\/index.php\/wp-json\/wp\/v2\/users\/1"}],"replies":[{"embeddable":true,"href":"https:\/\/mundobibliotecario.com.br\/index.php\/wp-json\/wp\/v2\/comments?post=2933"}],"version-history":[{"count":2,"href":"https:\/\/mundobibliotecario.com.br\/index.php\/wp-json\/wp\/v2\/posts\/2933\/revisions"}],"predecessor-version":[{"id":7295,"href":"https:\/\/mundobibliotecario.com.br\/index.php\/wp-json\/wp\/v2\/posts\/2933\/revisions\/7295"}],"wp:attachment":[{"href":"https:\/\/mundobibliotecario.com.br\/index.php\/wp-json\/wp\/v2\/media?parent=2933"}],"wp:term":[{"taxonomy":"category","embeddable":true,"href":"https:\/\/mundobibliotecario.com.br\/index.php\/wp-json\/wp\/v2\/categories?post=2933"},{"taxonomy":"post_tag","embeddable":true,"href":"https:\/\/mundobibliotecario.com.br\/index.php\/wp-json\/wp\/v2\/tags?post=2933"}],"curies":[{"name":"wp","href":"https:\/\/api.w.org\/{rel}","templated":true}]}}