{"id":2941,"date":"2013-02-25T08:53:23","date_gmt":"2013-02-25T11:53:23","guid":{"rendered":"http:\/\/mundobibliotecario.wordpress.com\/?p=2941"},"modified":"2020-07-21T23:14:48","modified_gmt":"2020-07-22T02:14:48","slug":"capixabas-fazem-frente-a-reportagem-que-aposta-na-extincao-do-bibliotecario","status":"publish","type":"post","link":"https:\/\/mundobibliotecario.com.br\/index.php\/2013\/02\/25\/capixabas-fazem-frente-a-reportagem-que-aposta-na-extincao-do-bibliotecario\/","title":{"rendered":"Capixabas fazem frente \u00e0 reportagem que aposta na extin\u00e7\u00e3o do bibliotec\u00e1rio"},"content":{"rendered":"<p>A hist\u00f3ria tem mostrado o quanto o profissional bibliotec\u00e1rio tem se adaptado frente \u00e0s mudan\u00e7as do mercado de trabalho. Entretanto, o jornal A Tribuna, um dos mais influentes do Esp\u00edrito Santo, publicou recentemente uma mat\u00e9ria que aposta na poss\u00edvel extin\u00e7\u00e3o da profiss\u00e3o. O informativo lista o profissional da Biblioteconomia como uma das oito profiss\u00f5es amea\u00e7adas pelo avan\u00e7o da tecnologia e dos processos de automa\u00e7\u00e3o. Assinada por Joyce Meriguetti, a reportagem foi publicada no \u00faltimo dia 1 de fevereiro.<\/p>\n<p>Segundo a apura\u00e7\u00e3o, o bibliotec\u00e1rio estaria amea\u00e7ado por conta de \u201co processo de catalogar as informa\u00e7\u00f5es ser cada vez mais automatizado e feito com a ajuda de programas de computadores inteligentes\u201d. Por outro lado, o informativo ressalta a quest\u00e3o da atualiza\u00e7\u00e3o profissional. \u201c\u00c9 importante que o profissional acompanhe a evolu\u00e7\u00e3o do mercado. As inova\u00e7\u00f5es n\u00e3o param\u201d, afirmou o consultor de carreiras Elias Gomes \u00e0 reportagem.<\/p>\n<p>O delegado do Conselho Regional de Biblioteconomia 6\u00aa Regi\u00e3o (CRB-6) no Esp\u00edrito Santo, Eduardo Valadares (CRB-6 ES\/615), e Dulcinea Rosemberg, professora do Departamento de Ci\u00eancia da Informa\u00e7\u00e3o da Universidade Federal do Esp\u00edrito Santo (UFES), sa\u00edram em defesa da classe profissional frente \u00e0 reportagem.<\/p>\n<p>\u201cCreio que o posicionamento do jornal A Tribuna, que tratou da suposta extin\u00e7\u00e3o de algumas profiss\u00f5es, inclusive a do bibliotec\u00e1rio, foi equivocada quanto \u00e0 consulta \u00e0s fontes, visto que originalmente essa pesquisa foi publicada fora do Brasil\u201d, aponta Valadares.<\/p>\n<p>Ainda segundo Valadares, o pr\u00f3prio jornal j\u00e1 havia publicado mat\u00e9rias que apontavam o bibliotec\u00e1rio como profissional em destaque. \u201cA professora Dulcinea possui clipping com cerca de 40 mat\u00e9rias publicadas pelo A Tribuna nos \u00faltimos anos, que tratam de profiss\u00f5es em ascens\u00e3o e em todas o bibliotec\u00e1rio est\u00e1 presente como um profissional promissor\u201d, ressalta.<\/p>\n<p>\u201cA tecnologia n\u00e3o \u00e9 uma amea\u00e7a, mas uma oportunidade, por que a informa\u00e7\u00e3o precisa ser tratada e a\u00ed entra o profissional da Biblioteconomia, que vai geri-la\u201d, ressaltou Dulcinea Rosemberg em\u00a0reportagem anterior no mesmo jornal. E para gerir esse processo informativo, a professora acredita que a especializa\u00e7\u00e3o profissional \u00e9 o primeiro passo.<\/p>\n<p>Dispon\u00edvel em: &lt;<a href=\"http:\/\/blog.crb6.org.br\/boletim\/reportagem-de-jornal-capixaba-aposta-na-extincao-do-bibliotecario\/\">http:\/\/blog.crb6.org.br\/boletim\/reportagem-de-jornal-capixaba-aposta-na-extincao-do-bibliotecario\/<\/a>&gt;. Acesso em: 25 fev. 2013.<\/p>\n","protected":false},"excerpt":{"rendered":"<p>A hist\u00f3ria tem mostrado o quanto o profissional bibliotec\u00e1rio tem se adaptado frente \u00e0s mudan\u00e7as do mercado de trabalho. Entretanto, o jornal A Tribuna, um dos mais influentes do Esp\u00edrito Santo, publicou recentemente uma mat\u00e9ria que aposta na poss\u00edvel extin\u00e7\u00e3o da profiss\u00e3o. O informativo lista o profissional da Biblioteconomia como uma das oito profiss\u00f5es amea\u00e7adas &#8230; <a title=\"Capixabas fazem frente \u00e0 reportagem que aposta na extin\u00e7\u00e3o do bibliotec\u00e1rio\" class=\"read-more\" href=\"https:\/\/mundobibliotecario.com.br\/index.php\/2013\/02\/25\/capixabas-fazem-frente-a-reportagem-que-aposta-na-extincao-do-bibliotecario\/\" aria-label=\"Read more about Capixabas fazem frente \u00e0 reportagem que aposta na extin\u00e7\u00e3o do bibliotec\u00e1rio\">Ler mais<\/a><\/p>\n","protected":false},"author":1,"featured_media":0,"comment_status":"open","ping_status":"open","sticky":false,"template":"","format":"standard","meta":{"_mi_skip_tracking":false,"_exactmetrics_sitenote_active":false,"_exactmetrics_sitenote_note":"","_exactmetrics_sitenote_category":0,"_jetpack_newsletter_access":"","footnotes":""},"categories":[60],"tags":[36],"class_list":["post-2941","post","type-post","status-publish","format-standard","hentry","category-noticias","tag-bibliotecario"],"jetpack_featured_media_url":"","jetpack_sharing_enabled":true,"jetpack-related-posts":[{"id":1859,"url":"https:\/\/mundobibliotecario.com.br\/index.php\/2011\/03\/12\/bibliotecario-profissional-de-hoje-e-amanha\/","url_meta":{"origin":2941,"position":0},"title":"Bibliotec\u00e1rio: profissional de hoje e amanh\u00e3","author":"mundobibliotecario","date":"12\/03\/2011","format":false,"excerpt":"Idos s\u00e3o os tempos em que os bibliotec\u00e1rio atuavam apenas em bibliotecas. Hoje esse profissional trabalha n\u00e3o apenas nesse espa\u00e7o, mas tamb\u00e9m em editoras, empresas de organiza\u00e7\u00e3o de arquivos empresariais, dentre outros. Assim, preparei um post especial para hoje, Dia do Bibliotec\u00e1rio, em que levantei algumas empresas onde \u00e9 poss\u00edvel\u2026","rel":"","context":"Em &quot;Not\u00edcias&quot;","block_context":{"text":"Not\u00edcias","link":"https:\/\/mundobibliotecario.com.br\/index.php\/category\/noticias\/"},"img":{"alt_text":"","src":"","width":0,"height":0},"classes":[]},{"id":769,"url":"https:\/\/mundobibliotecario.com.br\/index.php\/2009\/07\/24\/alice-propoe-criacao-de-frente-parlamentar-em-defesa-do-bibliotecario\/","url_meta":{"origin":2941,"position":1},"title":"Alice prop\u00f5e cria\u00e7\u00e3o de Frente Parlamentar em defesa do bibliotec\u00e1rio","author":"mundobibliotecario","date":"24\/07\/2009","format":false,"excerpt":"Audi\u00eancia foi solicitada pela deputada Alice Portugal Uma biblioteca na escola, um bibliotec\u00e1rio! Esta ser\u00e1 uma das metas da Frente Parlamentar em Defesa dos Bibliotec\u00e1rios que ser\u00e1 lan\u00e7ada, possivelmente, em outubro. A ideia foi apresentada pela deputada Alice Portugal (PCdoB-BA), durante audi\u00eancia p\u00fablica na Comiss\u00e3o de Educa\u00e7\u00e3o e Cultura, nesta\u2026","rel":"","context":"Em &quot;Not\u00edcias&quot;","block_context":{"text":"Not\u00edcias","link":"https:\/\/mundobibliotecario.com.br\/index.php\/category\/noticias\/"},"img":{"alt_text":"","src":"","width":0,"height":0},"classes":[]},{"id":4711,"url":"https:\/\/mundobibliotecario.com.br\/index.php\/2018\/03\/12\/dia-do-bibliotecario-entrevista-com-jose-domingos-brito\/","url_meta":{"origin":2941,"position":2},"title":"Dia do Bibliotec\u00e1rio: Entrevista com Jos\u00e9 Domingos Brito","author":"mundobibliotecario","date":"12\/03\/2018","format":false,"excerpt":"Para comemorar o Dia do Bibliotec\u00e1rio, o Mundo Bibliotec\u00e1rio realizou uma entrevista exclusiva com fundador do Sindicato dos Bibliotec\u00e1rios, Cientistas da Informa\u00e7\u00e3o, Historiadores, Muse\u00f3logos, Documentalistas, Arquivistas, Auxiliares de Biblioteca e de Centros de Documenta\u00e7\u00e3o no Estado de S\u00e3o Paulo (SinBiesp), Jos\u00e9 Domingos Brito! Confira! Mundo Bibliotec\u00e1rio - Como voc\u00ea se\u2026","rel":"","context":"Em &quot;Not\u00edcias&quot;","block_context":{"text":"Not\u00edcias","link":"https:\/\/mundobibliotecario.com.br\/index.php\/category\/noticias\/"},"img":{"alt_text":"","src":"","width":0,"height":0},"classes":[]},{"id":4622,"url":"https:\/\/mundobibliotecario.com.br\/index.php\/2017\/11\/22\/consulta-publica-codigo-de-etica-do-bibliotecario\/","url_meta":{"origin":2941,"position":3},"title":"Consulta P\u00fablica &#8211; C\u00f3digo de \u00c9tica do Bibliotec\u00e1rio","author":"mundobibliotecario","date":"22\/11\/2017","format":false,"excerpt":"O Conselho Federal de Biblioteconomia (CFB), visando ampliar as discuss\u00f5es sobre a reformula\u00e7\u00e3o do C\u00f3digo de \u00c9tica do Bibliotec\u00e1rio brasileiro, iniciar\u00e1 no dia 10\/11\/2017 uma Consulta P\u00fablica on-line sobre a proposta de texto do Novo C\u00f3digo de \u00c9tica e Deontologia do Bibliotec\u00e1rio brasileiro, cujo texto preliminar segue anexado. A Consulta\u2026","rel":"","context":"Em &quot;Not\u00edcias&quot;","block_context":{"text":"Not\u00edcias","link":"https:\/\/mundobibliotecario.com.br\/index.php\/category\/noticias\/"},"img":{"alt_text":"","src":"","width":0,"height":0},"classes":[]},{"id":10298,"url":"https:\/\/mundobibliotecario.com.br\/index.php\/2023\/02\/28\/14-852-pessoas-estao-pesquisando-sobre-biblioteconomia-juridica-e-por-que-voce-deveria-fazer-o-mesmo\/","url_meta":{"origin":2941,"position":4},"title":"14.852 pessoas est\u00e3o pesquisando sobre Biblioteconomia jur\u00eddica \u2013 e por que voc\u00ea deveria fazer o mesmo","author":"mundobibliotecario","date":"28\/02\/2023","format":false,"excerpt":"Voc\u00ea j\u00e1 ouviu falar de Biblioteconomia jur\u00eddica. Ela \u00e9 uma especialidade da Biblioteconomia que tem alguns dos sal\u00e1rios mais altos da \u00e1rea. Aqui est\u00e3o alguns deles: Tribunal de Justi\u00e7a do Rio Grande do Norte: R$ 6.637,44 Assembleia Legislativa do Estado do Maranh\u00e3o: R$ 7.902,06 Tribunal Regional do Trabalho \u2013 23\u00aa\u2026","rel":"","context":"Em &quot;Curso&quot;","block_context":{"text":"Curso","link":"https:\/\/mundobibliotecario.com.br\/index.php\/category\/curso\/"},"img":{"alt_text":"","src":"https:\/\/i0.wp.com\/mundobibliotecario.com.br\/wp-content\/uploads\/2023\/02\/Guia-do-Bibliotecario-Juridico.jpeg?resize=350%2C200&ssl=1","width":350,"height":200},"classes":[]},{"id":1633,"url":"https:\/\/mundobibliotecario.com.br\/index.php\/2010\/12\/31\/aprovado-o-cargo-de-bibliotecario-escolar-em-santa-catarina\/","url_meta":{"origin":2941,"position":5},"title":"Aprovado o cargo de Bibliotec\u00e1rio Escolar em Santa Catarina","author":"mundobibliotecario","date":"31\/12\/2010","format":false,"excerpt":"O plen\u00e1rio da Assembl\u00e9ia Legislativa de Santa Catarina aprovou, no dia 8 de dezembro, um projeto de lei complementar (PLC 39\/10) de autoria do deputado estadual que cria o cargo de bibliotec\u00e1rio escolar dentro do quadro de pessoal do magist\u00e9rio p\u00fablico estadual. Com isso, as escolas estaduais dever\u00e3o contratar o\u2026","rel":"","context":"Em &quot;Not\u00edcias&quot;","block_context":{"text":"Not\u00edcias","link":"https:\/\/mundobibliotecario.com.br\/index.php\/category\/noticias\/"},"img":{"alt_text":"","src":"","width":0,"height":0},"classes":[]}],"jetpack_likes_enabled":true,"jetpack_shortlink":"https:\/\/wp.me\/pcbzwa-Lr","_links":{"self":[{"href":"https:\/\/mundobibliotecario.com.br\/index.php\/wp-json\/wp\/v2\/posts\/2941","targetHints":{"allow":["GET"]}}],"collection":[{"href":"https:\/\/mundobibliotecario.com.br\/index.php\/wp-json\/wp\/v2\/posts"}],"about":[{"href":"https:\/\/mundobibliotecario.com.br\/index.php\/wp-json\/wp\/v2\/types\/post"}],"author":[{"embeddable":true,"href":"https:\/\/mundobibliotecario.com.br\/index.php\/wp-json\/wp\/v2\/users\/1"}],"replies":[{"embeddable":true,"href":"https:\/\/mundobibliotecario.com.br\/index.php\/wp-json\/wp\/v2\/comments?post=2941"}],"version-history":[{"count":1,"href":"https:\/\/mundobibliotecario.com.br\/index.php\/wp-json\/wp\/v2\/posts\/2941\/revisions"}],"predecessor-version":[{"id":6035,"href":"https:\/\/mundobibliotecario.com.br\/index.php\/wp-json\/wp\/v2\/posts\/2941\/revisions\/6035"}],"wp:attachment":[{"href":"https:\/\/mundobibliotecario.com.br\/index.php\/wp-json\/wp\/v2\/media?parent=2941"}],"wp:term":[{"taxonomy":"category","embeddable":true,"href":"https:\/\/mundobibliotecario.com.br\/index.php\/wp-json\/wp\/v2\/categories?post=2941"},{"taxonomy":"post_tag","embeddable":true,"href":"https:\/\/mundobibliotecario.com.br\/index.php\/wp-json\/wp\/v2\/tags?post=2941"}],"curies":[{"name":"wp","href":"https:\/\/api.w.org\/{rel}","templated":true}]}}