{"id":2944,"date":"2013-02-25T09:02:04","date_gmt":"2013-02-25T12:02:04","guid":{"rendered":"http:\/\/mundobibliotecario.wordpress.com\/?p=2944"},"modified":"2013-02-25T09:02:04","modified_gmt":"2013-02-25T12:02:04","slug":"obras-devem-levar-no-minimo-dez-anos","status":"publish","type":"post","link":"https:\/\/mundobibliotecario.com.br\/index.php\/2013\/02\/25\/obras-devem-levar-no-minimo-dez-anos\/","title":{"rendered":"&#8216;Obras devem levar no m\u00ednimo dez anos&#8217;"},"content":{"rendered":"<p>Fundada em 1810 e aberta ao p\u00fablico quatro anos depois, a Biblioteca Nacional \u00e9 a maior de sua esp\u00e9cie na Am\u00e9rica Latina e est\u00e1 entre as dez maiores do mundo. Acumulou, ao longo de sua hist\u00f3ria, 9 milh\u00f5es de itens entre livros, peri\u00f3dicos, cartas, documentos, mapas, discos, partituras e moedas. E o n\u00famero cresce a cada dia. Pela Lei do Dep\u00f3sito Legal, tudo o que \u00e9 impresso no Pa\u00eds deve ser enviado \u00e0 sua sede, no centro do Rio de Janeiro. S\u00f3 em 2012 foram 135.091 itens, mais de 11 mil volumes por m\u00eas.<\/p>\n<p>O mercado editorial tem parte nisso. Segundo pesquisa da Fipe, foram lan\u00e7ados no Brasil 17.183 t\u00edtulos em primeira edi\u00e7\u00e3o em 2009, 18.712 em 2010 e 20.405 em 2011. Isso, sem contar as reedi\u00e7\u00f5es. Com editoras produzindo cada vez mais, a necessidade de espa\u00e7o para armazenamento s\u00f3 aumenta, e isso remete a problemas estruturais do centen\u00e1rio pr\u00e9dio &#8211; que envelhece mal. Em maio passado, uma pane no ar-condicionado provocou inunda\u00e7\u00e3o, molhando parte do acervo. O sistema segue desligado &#8211; algo particularmente desconfort\u00e1vel num ver\u00e3o em que a sensa\u00e7\u00e3o t\u00e9rmica chega aos 50\u00b0C.<\/p>\n<p>Mas esses n\u00e3o s\u00e3o os \u00fanicos desafios da Funda\u00e7\u00e3o Biblioteca Nacional, cujo or\u00e7amento de 2012 foi de R$ 116.596.978,00. De alguns meses para c\u00e1, editoras v\u00eam lan\u00e7ando obras exclusivamente no formato digital. Como isso ser\u00e1 recebido e guardado? Sobre o presente e o futuro da institui\u00e7\u00e3o que preside, Galeno Amorim respondeu \u00e0s seguintes perguntas por e-mail.<\/p>\n<p><strong>Em abril de 2012, o MinC anunciou a concentra\u00e7\u00e3o da pol\u00edtica do livro na FBN, que passaria a investir em \u00e1reas t\u00e3o diversas quanto a de implanta\u00e7\u00e3o de 359 bibliotecas (R$ 109 milh\u00f5es), apoio \u00e0 realiza\u00e7\u00e3o de 67 feiras do livro (R$ 7 milh\u00f5es) e concess\u00e3o de 150 bolsas de tradu\u00e7\u00e3o (R$ 1,4 milh\u00e3o). Foi poss\u00edvel realizar o que havia sido planejado?<br \/>\n<\/strong><br \/>\nTodas as a\u00e7\u00f5es aconteceram e, como se previa, algumas superaram as metas e outras n\u00e3o. Como envolve v\u00e1rias \u00e1reas do minist\u00e9rio, est\u00e1 sendo preparado um balan\u00e7o para ser divulgado em abril. Foi um avan\u00e7o extraordin\u00e1rio estabelecer de forma pioneira para o Plano Nacional do Livro e Leitura metas num\u00e9ricas e or\u00e7ament\u00e1rias dentro das metas gerais do Plano Nacional de Cultura.<\/p>\n<p><strong>Levar a pol\u00edtica do livro para a FBN foi uma decis\u00e3o acertada? Com tantas a\u00e7\u00f5es e metas, a pr\u00f3pria Biblioteca Nacional n\u00e3o teria ficado esquecida?<br \/>\n<\/strong><br \/>\nComo h\u00e1 uma dire\u00e7\u00e3o pr\u00f3pria para essas pol\u00edticas, a dire\u00e7\u00e3o da FBN pode, inclusive, dar prioridade total \u00e0 Biblioteca Nacional. Entre 80% e 90% das 12 horas di\u00e1rias que passo na BN s\u00e3o dedicadas \u00e0s a\u00e7\u00f5es emergenciais e \u00e0s de longo prazo para o projeto da nova Biblioteca Nacional, para preparar a institui\u00e7\u00e3o para os pr\u00f3ximos 200 anos. Desde 2011, foi dedicado um per\u00edodo intenso e necess\u00e1rio \u00e0 elabora\u00e7\u00e3o de estudos, diagn\u00f3sticos, projetos executivos e mobiliza\u00e7\u00e3o dos recursos para dar in\u00edcio \u00e0 grande obra de recupera\u00e7\u00e3o, em curso. Infelizmente, houve o incidente de maio. Felizmente, sem nenhum preju\u00edzo para o acervo, j\u00e1 que as pe\u00e7as foram recuperadas e reintegradas \u00e0 cole\u00e7\u00e3o.<\/p>\n<p><strong>Assim que tomou posse, a ministra Marta Suplicy anunciou repasse de R$ 70 milh\u00f5es para reformas estruturais. Como esse valor est\u00e1 sendo aplicado? Quais s\u00e3o as prioridades e que risco o acervo corre neste momento?<br \/>\n<\/strong><br \/>\nA primeira parcela no valor de R$ 11 milh\u00f5es j\u00e1 foi repassada pelo BNDES para o restauro do telhado e das claraboias do pr\u00e9dio-sede no centro e o in\u00edcio das obras do novo pr\u00e9dio da zona portu\u00e1ria. Ser\u00e1 anunciado em breve um concurso para escrit\u00f3rios de arquitetura para a apresenta\u00e7\u00e3o de projetos do novo edif\u00edcio. No total, s\u00e3o R$ 26 milh\u00f5es. J\u00e1 os R$ 30 milh\u00f5es do PAC ser\u00e3o aplicados pelo Instituto do Patrim\u00f4nio Hist\u00f3rico e Art\u00edstico Nacional na troca do ar -condicionado e de toda a rede el\u00e9trica, mais a troca de elevadores e a\u00e7\u00f5es de recupera\u00e7\u00e3o das esquadrias e estruturas da fachada, entre outros. Institui\u00e7\u00f5es como Iphan, Unesco, Caixa Econ\u00f4mica Federal, Funda\u00e7\u00e3o Get\u00falio Vargas e BNDES v\u00e3o integrar o conselho consultivo que est\u00e1 sendo criado pela FBN para ajudar no estabelecimento das diretrizes para o projeto de recupera\u00e7\u00e3o e constru\u00e7\u00e3o da nova Biblioteca Nacional.<\/p>\n<p><strong>O que \u00e9 a Biblioteca Nacional hoje e o que ela ser\u00e1 em 10 anos?<\/strong><\/p>\n<p><strong><\/strong>A guardi\u00e3 do conhecimento e da cultura letrada do Brasil \u00e9 a defini\u00e7\u00e3o cl\u00e1ssica da voca\u00e7\u00e3o principal da Biblioteca Nacional. Com mais de 9 milh\u00f5es de pe\u00e7as e obras raras, ela atrai a aten\u00e7\u00e3o de pesquisadores de v\u00e1rias partes do mundo. Essa ess\u00eancia tem que ser preservada e ampliada. Um dos meios mais importantes para preservar e dar mais acesso a esse rico acervo \u00e9 a digitaliza\u00e7\u00e3o. Com o aumento significativo das publica\u00e7\u00f5es nos \u00faltimos anos, o espa\u00e7o dispon\u00edvel para o acervo ficou pequeno demais. A tend\u00eancia \u00e9 seguir um caminho parecido com o que foi feito por outras bibliotecas nacionais do mundo e ter mais um pr\u00e9dio da BN. Tamb\u00e9m estamos trazendo para a BN a responsabilidade de ajudar a protagonizar um debate mundial sobre como as bibliotecas podem dispor ao p\u00fablico esse conhecimento acumulado pela humanidade, por causa de restri\u00e7\u00f5es ultrapassadas de direito autoral. Atualmente, por exemplo, embora tenhamos aumentado em dez vezes as p\u00e1ginas digitalizadas na BN Digital, s\u00f3 um porcentual irris\u00f3rio do nosso acervo, por estar em dom\u00ednio p\u00fablico, pode ser consultado na internet.<\/p>\n<p><strong>O que precisa ser feito para ela chegar a esse futuro tendo um papel relevante para a sociedade e a mem\u00f3ria brasileira?<br \/>\n<\/strong><br \/>\nModernizar completamente suas estruturas internas de gest\u00e3o e funcionamento e qualificar o atendimento aos usu\u00e1rios e aos pesquisadores para oferecer um servi\u00e7o mais \u00e1gil e eficiente. A Funda\u00e7\u00e3o Get\u00falio Vargas est\u00e1 nos ajudando com isso.<\/p>\n<p><strong>E quais s\u00e3o os desafios?<\/strong><\/p>\n<p><strong><\/strong>H\u00e1 tr\u00eas grandes desafios, e, para tanto, ser\u00e1 necess\u00e1rio mobilizar recursos t\u00e9cnicos e financeiros e ter o apoio da sociedade para o conjunto de obras que dever\u00e3o levar, no m\u00ednimo, dez anos. Ser\u00e1 necess\u00e1rio restaurar a sede, na Cinel\u00e2ndia, e substituir toda a infraestrutura: ar-condicionado, rede el\u00e9trica e hidr\u00e1ulica, a pr\u00f3pria divis\u00e3o atual do pr\u00e9dio e at\u00e9 as paredes das fachadas, de onde h\u00e1 anos despencam blocos de cimento e surgem pequenas rachaduras. Vamos iniciar as obras para implanta\u00e7\u00e3o do segundo pr\u00e9dio da BN, onde atualmente funciona o dep\u00f3sito, na regi\u00e3o do Porto Maravilha. Outros desafios est\u00e3o ligados \u00e0 recupera\u00e7\u00e3o e preserva\u00e7\u00e3o dos acervos e \u00e0 quest\u00e3o de pessoal. O quadro de funcion\u00e1rios caiu de 500, em 1990, para pouco mais de 350 atualmente &#8211; e 100 desses devem se aposentar at\u00e9 o fim do ano.<\/p>\n<p><strong>No que consiste o contrato firmado com a FGV? Quanto est\u00e1 sendo investido e qual \u00e9 a expectativa?<\/strong><\/p>\n<p><strong><\/strong>A FGV est\u00e1 nos ajudando a fazer o Plano Diretor at\u00e9 2022. O aprimoramento dos processos administrativos, o apoio para a forma\u00e7\u00e3o de quadros, a reorganiza\u00e7\u00e3o estatut\u00e1ria e, ainda, a implanta\u00e7\u00e3o de um rigoroso sistema de gest\u00e3o de projetos est\u00e3o no escopo da parceria. Este contrato, de 18 meses, prev\u00ea investimentos de at\u00e9 R$ 6,9 milh\u00f5es. A a\u00e7\u00e3o principal \u00e9 o apoio na realiza\u00e7\u00e3o das licita\u00e7\u00f5es para moderniza\u00e7\u00e3o e retrofit do pr\u00e9dio-sede e do novo pr\u00e9dio. As primeiras obras come\u00e7ar\u00e3o j\u00e1 nos pr\u00f3ximos meses com base em projetos existentes, mas as interven\u00e7\u00f5es principais exigir\u00e3o meses de estudo. Neste momento a equipe da FGV, com apoio nosso, est\u00e1 ouvindo os especialistas internos, al\u00e9m de especialistas brasileiros e institui\u00e7\u00f5es do exterior. Tamb\u00e9m ser\u00e1 realizado nos pr\u00f3ximos 120 dias um grande reparo do sistema ventral de ar-condicionado, que ficar\u00e1 como solu\u00e7\u00e3o provis\u00f3ria at\u00e9 a entrada em funcionamento de um sistema novo, definitivo, que deve levar entre 24 e 30 meses. Acreditamos que em tr\u00eas anos teremos as interven\u00e7\u00f5es principais prontas.<\/p>\n<p><strong>Para quando est\u00e1 prevista a inaugura\u00e7\u00e3o do pr\u00e9dio que vai abrigar os peri\u00f3dicos? De quanto \u00e9 o investimento? Como ser\u00e1?<br \/>\n<\/strong><br \/>\nEst\u00e3o previstos 30 meses para a conclus\u00e3o das obras e um investimento de R$ 17,8 milh\u00f5es (recursos do BNDES). Os estudos iniciais da FGV, ainda em fase de confirma\u00e7\u00e3o, apontam que o potencial de guarda de acervo pode superar significativamente as estimativas iniciais e abre a possibilidade de transferimos outros acervos al\u00e9m do previsto inicialmente. Nesse pr\u00e9dio, a prioridade \u00e9 a prepara\u00e7\u00e3o da infraestrutura: el\u00e9trica, hidr\u00e1ulica, inc\u00eandio, seguran\u00e7a e a constru\u00e7\u00e3o dos armaz\u00e9ns para guarda do acervo. A indica\u00e7\u00e3o inicial aponta que ao menos a \u00e1rea de consulta do acervo f\u00edsico e a \u00e1rea de peri\u00f3dicos poder\u00e3o ser transferidas para l\u00e1. Na sede continuar\u00e1 havendo consulta desse acervo digitalizado.<\/p>\n<p><strong>Algumas editoras j\u00e1 est\u00e3o lan\u00e7ando livros exclusivamente no formato digital e autores recorrem cada vez mais \u00e0 autopublica\u00e7\u00e3o, tamb\u00e9m mais frequente em e-book. Como fica a quest\u00e3o do dep\u00f3sito legal?<\/strong><\/p>\n<p><strong><\/strong>O e-book, mesmo sendo de uma obra j\u00e1 existente no impresso, necessita de um novo ISBN. Esse novo formato se enquadra na Lei do Dep\u00f3sito Legal e \u00e9 preciso que sejam enviados, em alguma m\u00eddia, para o setor respons\u00e1vel na BN.<\/p>\n<p><strong>A FBN anunciou a digitaliza\u00e7\u00e3o de 100 obras cl\u00e1ssicas em e-books. Para tal, investiria R$ 140 mil. Quantos e-books j\u00e1 est\u00e3o dispon\u00edveis? Como est\u00e1 o andamento deste projeto? A ideia \u00e9 emprestar esses livros ou permitir apenas consulta pelo site da FBN?<\/strong><\/p>\n<p><strong><\/strong>A BN Digital est\u00e1 trabalhando na prepara\u00e7\u00e3o de uma boa quantidade de livros da literatura brasileira em dom\u00ednio p\u00fablico para colocar \u00e0 disposi\u00e7\u00e3o dos seus usu\u00e1rios. Num primeiro momento, os livros j\u00e1 ficar\u00e3o dispon\u00edveis para consulta e leitura na internet, mas o objetivo \u00e9 criar um sistema de empr\u00e9stimo, para o qual est\u00e3o sendo analisadas as diferentes experi\u00eancias praticadas no mundo.<\/p>\n<p>Dispon\u00edvel em: &lt;<a href=\"http:\/\/www.estadao.com.br\/noticias\/arteelazer,obras-devem-levar-no-minimo-dez-anos,1000323,0.htm\">http:\/\/www.estadao.com.br\/noticias\/arteelazer,obras-devem-levar-no-minimo-dez-anos,1000323,0.htm<\/a>&gt;. Acesso em: 25 fev. 2013.<\/p>\n","protected":false},"excerpt":{"rendered":"<p>Fundada em 1810 e aberta ao p\u00fablico quatro anos depois, a Biblioteca Nacional \u00e9 a maior de sua esp\u00e9cie na Am\u00e9rica Latina e est\u00e1 entre as dez maiores do mundo. Acumulou, ao longo de sua hist\u00f3ria, 9 milh\u00f5es de itens entre livros, peri\u00f3dicos, cartas, documentos, mapas, discos, partituras e moedas. E o n\u00famero cresce a &#8230; <a title=\"&#8216;Obras devem levar no m\u00ednimo dez anos&#8217;\" class=\"read-more\" href=\"https:\/\/mundobibliotecario.com.br\/index.php\/2013\/02\/25\/obras-devem-levar-no-minimo-dez-anos\/\" aria-label=\"Read more about &#8216;Obras devem levar no m\u00ednimo dez anos&#8217;\">Ler mais<\/a><\/p>\n","protected":false},"author":1,"featured_media":0,"comment_status":"open","ping_status":"open","sticky":false,"template":"","format":"standard","meta":{"_mi_skip_tracking":false,"_exactmetrics_sitenote_active":false,"_exactmetrics_sitenote_note":"","_exactmetrics_sitenote_category":0,"_jetpack_newsletter_access":"","footnotes":""},"categories":[60],"tags":[877],"class_list":["post-2944","post","type-post","status-publish","format-standard","hentry","category-noticias","tag-fundacao-biblioteca-nacional"],"jetpack_featured_media_url":"","jetpack_sharing_enabled":true,"jetpack-related-posts":[{"id":4918,"url":"https:\/\/mundobibliotecario.com.br\/index.php\/2013\/02\/25\/obras-devem-levar-no-minimo-dez-anos-2\/","url_meta":{"origin":2944,"position":0},"title":"&#039;Obras devem levar no m\u00ednimo dez anos&#039;","author":"mundobibliotecario","date":"25\/02\/2013","format":false,"excerpt":"Fundada em 1810 e aberta ao p\u00fablico quatro anos depois, a Biblioteca Nacional \u00e9 a maior de sua esp\u00e9cie na Am\u00e9rica Latina e est\u00e1 entre as dez maiores do mundo. Acumulou, ao longo de sua hist\u00f3ria, 9 milh\u00f5es de itens entre livros, peri\u00f3dicos, cartas, documentos, mapas, discos, partituras e moedas.\u2026","rel":"","context":"Em &quot;Not\u00edcias&quot;","block_context":{"text":"Not\u00edcias","link":"https:\/\/mundobibliotecario.com.br\/index.php\/category\/noticias\/"},"img":{"alt_text":"","src":"","width":0,"height":0},"classes":[]},{"id":2394,"url":"https:\/\/mundobibliotecario.com.br\/index.php\/2012\/01\/07\/biblioteca-nacional-tera-visitas-gratuitas-ate-fevereiro\/","url_meta":{"origin":2944,"position":1},"title":"Biblioteca Nacional ter\u00e1 visitas gratuitas at\u00e9 fevereiro","author":"mundobibliotecario","date":"07\/01\/2012","format":false,"excerpt":"Neste per\u00edodo de f\u00e9rias, a Biblioteca Nacional presenteia turistas e moradores do Rio de Janeiro, com visitas guiadas gratuitas. At\u00e9 fevereiro, as visitas n\u00e3o ser\u00e3o cobradas (nos outros meses do ano, \u00e9 cobrado o valor de R$2,00 por pessoa, com meia entrada para estudantes e gratuidade para maiores de 60\u2026","rel":"","context":"Em &quot;Not\u00edcias&quot;","block_context":{"text":"Not\u00edcias","link":"https:\/\/mundobibliotecario.com.br\/index.php\/category\/noticias\/"},"img":{"alt_text":"","src":"","width":0,"height":0},"classes":[]},{"id":3795,"url":"https:\/\/mundobibliotecario.com.br\/index.php\/2015\/08\/03\/ibama-disponibiliza-biblioteca-digital-com-130-mil-itens\/","url_meta":{"origin":2944,"position":2},"title":"IBAMA disponibiliza biblioteca digital com 130 mil itens","author":"mundobibliotecario","date":"03\/08\/2015","format":false,"excerpt":"Ol\u00e1 pessoal! A sede do Ibama, em Bras\u00edlia, possui uma biblioteca aberta ao p\u00fablico com 130 mil itens entre livros, teses, peri\u00f3dicos, imagens e v\u00eddeos. Mas s\u00f3 quem ia \u00e0 capital federal podia consult\u00e1-los fisicamente. Aos poucos, por\u00e9m, esse material come\u00e7ou a ser digitalizado e inclu\u00eddo na internet, dentro da\u2026","rel":"","context":"Em &quot;Not\u00edcias&quot;","block_context":{"text":"Not\u00edcias","link":"https:\/\/mundobibliotecario.com.br\/index.php\/category\/noticias\/"},"img":{"alt_text":"","src":"","width":0,"height":0},"classes":[]},{"id":388,"url":"https:\/\/mundobibliotecario.com.br\/index.php\/2009\/02\/15\/projeto-fixa-prazo-de-cinco-anos-para-escolas-terem-bibliotecas\/","url_meta":{"origin":2944,"position":3},"title":"Projeto fixa prazo de cinco anos para escolas terem bibliotecas","author":"mundobibliotecario","date":"15\/02\/2009","format":false,"excerpt":"NOT\u00cdCIAS \u00a0Quinta-feira, dia 12 de Fevereiro de 2009 \u00e0s 17:20hs http:\/\/www2.camara.gov.br\/internet\/homeagencia\/materias.html?pk=131004 O Projeto de Lei 4536\/08, em tramita\u00e7\u00e3o na C\u00e2mara, d\u00e1 prazo de cinco anos para que todas as escolas, p\u00fablicas e privadas, tenham bibliotecas. De autoria do deputado Marcelo Almeida (PMDB-PR), o projeto considera como acervo ideal a m\u00e9dia\u2026","rel":"","context":"Em &quot;Not\u00edcias&quot;","block_context":{"text":"Not\u00edcias","link":"https:\/\/mundobibliotecario.com.br\/index.php\/category\/noticias\/"},"img":{"alt_text":"","src":"","width":0,"height":0},"classes":[]},{"id":1540,"url":"https:\/\/mundobibliotecario.com.br\/index.php\/2010\/11\/03\/1540\/","url_meta":{"origin":2944,"position":4},"title":"Biblioteca Nacional: 200 anos!","author":"mundobibliotecario","date":"03\/11\/2010","format":false,"excerpt":"\ufeffFonte: www.bn.br A Biblioteca Nacional do Brasil comemora seus 200 anos. Considerada pela Unesco como uma das dez maiores bibliotecas nacionais do mundo, neste ano, a institui\u00e7\u00e3o comemora, tamb\u00e9m, o centen\u00e1rio de funda\u00e7\u00e3o do pr\u00e9dio, localizado na Cinel\u00e2ndia, no Rio de Janeiro. Sob sua guarda, somam-se mais de 9 milh\u00f5es\u2026","rel":"","context":"Em &quot;Not\u00edcias&quot;","block_context":{"text":"Not\u00edcias","link":"https:\/\/mundobibliotecario.com.br\/index.php\/category\/noticias\/"},"img":{"alt_text":"","src":"","width":0,"height":0},"classes":[]},{"id":2364,"url":"https:\/\/mundobibliotecario.com.br\/index.php\/2011\/12\/16\/fbn-investe-mais-de-r-40-milhoes-em-acervo-para-bibliotecas\/","url_meta":{"origin":2944,"position":5},"title":"FBN investe mais de R$ 40 milh\u00f5es em acervo para bibliotecas","author":"mundobibliotecario","date":"16\/12\/2011","format":false,"excerpt":"CBL - 05\/12\/2011 A Funda\u00e7\u00e3o Biblioteca Nacional publicou o maior edital de apoio \u00e0s bibliotecas da\u00a0hist\u00f3ria do Minist\u00e9rio da Cultura. Ser\u00e3o investidos mais de R$ 40 milh\u00f5es na amplia\u00e7\u00e3o e atualiza\u00e7\u00e3o de acervos de bibliotecas municipais, comunit\u00e1rias, rurais e pontos de leitura que estiverem inscritos no Cadastro Nacional de Bibliotecas.\u2026","rel":"","context":"Em &quot;Not\u00edcias&quot;","block_context":{"text":"Not\u00edcias","link":"https:\/\/mundobibliotecario.com.br\/index.php\/category\/noticias\/"},"img":{"alt_text":"","src":"","width":0,"height":0},"classes":[]}],"jetpack_likes_enabled":true,"jetpack_shortlink":"https:\/\/wp.me\/pcbzwa-Lu","_links":{"self":[{"href":"https:\/\/mundobibliotecario.com.br\/index.php\/wp-json\/wp\/v2\/posts\/2944","targetHints":{"allow":["GET"]}}],"collection":[{"href":"https:\/\/mundobibliotecario.com.br\/index.php\/wp-json\/wp\/v2\/posts"}],"about":[{"href":"https:\/\/mundobibliotecario.com.br\/index.php\/wp-json\/wp\/v2\/types\/post"}],"author":[{"embeddable":true,"href":"https:\/\/mundobibliotecario.com.br\/index.php\/wp-json\/wp\/v2\/users\/1"}],"replies":[{"embeddable":true,"href":"https:\/\/mundobibliotecario.com.br\/index.php\/wp-json\/wp\/v2\/comments?post=2944"}],"version-history":[{"count":0,"href":"https:\/\/mundobibliotecario.com.br\/index.php\/wp-json\/wp\/v2\/posts\/2944\/revisions"}],"wp:attachment":[{"href":"https:\/\/mundobibliotecario.com.br\/index.php\/wp-json\/wp\/v2\/media?parent=2944"}],"wp:term":[{"taxonomy":"category","embeddable":true,"href":"https:\/\/mundobibliotecario.com.br\/index.php\/wp-json\/wp\/v2\/categories?post=2944"},{"taxonomy":"post_tag","embeddable":true,"href":"https:\/\/mundobibliotecario.com.br\/index.php\/wp-json\/wp\/v2\/tags?post=2944"}],"curies":[{"name":"wp","href":"https:\/\/api.w.org\/{rel}","templated":true}]}}