{"id":2963,"date":"2013-02-27T18:17:49","date_gmt":"2013-02-27T21:17:49","guid":{"rendered":"http:\/\/mundobibliotecario.wordpress.com\/?p=2963"},"modified":"2013-02-27T18:17:49","modified_gmt":"2013-02-27T21:17:49","slug":"caso-unir-nota-de-esclarecimento-do-departamento-de-biblioteconomia","status":"publish","type":"post","link":"https:\/\/mundobibliotecario.com.br\/index.php\/2013\/02\/27\/caso-unir-nota-de-esclarecimento-do-departamento-de-biblioteconomia\/","title":{"rendered":"Caso UNIR &#8211; Nota de esclarecimento do Departamento de Biblioteconomia"},"content":{"rendered":"<div id=\"noticia\">\n<p>Considerando nota divulgada pelo Centro Acad\u00eamico de Biblioteconomia (CABIBLIO) em 22 de fevereiro de 2013, em que questiona a falta de altera\u00e7\u00e3o na nomenclatura do curso de Biblioteconomia no e-MEC, falta de professores e notas no SINGU, o Departamento de Ci\u00eancias da Informa\u00e7\u00e3o da Funda\u00e7\u00e3o Universidade Federal de Rond\u00f4nia (UNIR) vem a p\u00fablico informar que:<\/p>\n<p><span style=\"line-height:1.7;\">&#8211; a altera\u00e7\u00e3o de nomenclatura do curso de Ci\u00eancias da Informa\u00e7\u00e3o para Biblioteconomia foi aprovada no Conselho Superior Acad\u00eamico em 26 de mar\u00e7o de 2012 (Resolu \u00e7\u00e3o 268\/2012\/CONSEA);<\/span><\/p>\n<p><span style=\"line-height:1.7;\">&#8211; conforme informa\u00e7\u00f5es da PROGRAD, a altera\u00e7\u00e3o de nomenclatura do curso de Biblioteconomia junto ao sistema e-MEC foi encaminhada ao Minist\u00e9rio da Educa\u00e7\u00e3o (MEC), via correio eletr\u00f4nico e of\u00edcio, no dia 24 de abril de 2012, e reiterada nos dias 06 de dezembro de 2012 e 10 de janeiro de 2013, estando, desta forma, esta IFES, aguardando a manifesta\u00e7\u00e3o do MEC;<\/span><\/p>\n<p><span style=\"line-height:1.7;\">&#8211; h\u00e1 um procedimento de contrata \u00e7\u00e3o de quatro professores para o Departamento de Biblioteconomia em andamento desde o dia 17 de setembro de 2012, conforme o processo 23118.002287\/2012-32;<\/span><\/p>\n<p><span style=\"line-height:1.7;\">&#8211; o departamento est\u00e1 adotando procedimentos de regulariza\u00e7\u00e3o para sanar os poss\u00edveis casos de falta de notas e\/ou disciplinas no sistema SINGU.<\/span><\/p>\n<p><span style=\"line-height:1.7;\">Reiteramos a disposi\u00e7\u00e3o deste departamento em continuar buscando solu\u00e7\u00f5es para o curso, bem como permanecer aberto ao di\u00e1logo com os acad\u00eamicos.\u00a0<\/span><\/p>\n<p style=\"text-align:center;\"><span style=\"line-height:1.7;\">\u00a0 \u00a0 Porto Velho, 22 de fevereiro de 2013.<\/span><\/p>\n<p style=\"text-align:center;\"><span style=\"line-height:1.7;\">Prof. Ms. Marcelo Batista de Oliveira<\/span><\/p>\n<p align=\"center\">\nChefe do Departamento de Ci\u00eancias da Informa\u00e7\u00e3o<\/p>\n<p align=\"center\">\nPortaria 475\/2010\/GR<\/p>\n<\/div>\n<div>Fonte: UNIR\u00a0\u00a0<a href=\"http:\/\/www.unir.br\/index.php?pag=noticias&amp;id=7603\" target=\"_blank\">http:\/\/www.unir.br\/index.php?pag=noticias&amp;id=7603<\/a><br \/>\nComunicado:\u00a0<a href=\"http:\/\/www.unir.br\/noticias_arquivos\/7603_comunicado_biblioteconomia.pdf\" target=\"_blank\">http:\/\/www.unir.br\/noticias_arquivos\/7603_comunicado _biblioteconomia.pdf<\/a><\/div>\n","protected":false},"excerpt":{"rendered":"<p>Considerando nota divulgada pelo Centro Acad\u00eamico de Biblioteconomia (CABIBLIO) em 22 de fevereiro de 2013, em que questiona a falta de altera\u00e7\u00e3o na nomenclatura do curso de Biblioteconomia no e-MEC, falta de professores e notas no SINGU, o Departamento de Ci\u00eancias da Informa\u00e7\u00e3o da Funda\u00e7\u00e3o Universidade Federal de Rond\u00f4nia (UNIR) vem a p\u00fablico informar que: &#8230; <a title=\"Caso UNIR &#8211; Nota de esclarecimento do Departamento de Biblioteconomia\" class=\"read-more\" href=\"https:\/\/mundobibliotecario.com.br\/index.php\/2013\/02\/27\/caso-unir-nota-de-esclarecimento-do-departamento-de-biblioteconomia\/\" aria-label=\"Read more about Caso UNIR &#8211; Nota de esclarecimento do Departamento de Biblioteconomia\">Ler mais<\/a><\/p>\n","protected":false},"author":1,"featured_media":0,"comment_status":"open","ping_status":"open","sticky":false,"template":"","format":"standard","meta":{"_mi_skip_tracking":false,"_exactmetrics_sitenote_active":false,"_exactmetrics_sitenote_note":"","_exactmetrics_sitenote_category":0,"_jetpack_newsletter_access":"","footnotes":""},"categories":[60],"tags":[63,1047],"class_list":["post-2963","post","type-post","status-publish","format-standard","hentry","category-noticias","tag-biblioteconomia","tag-unir"],"jetpack_featured_media_url":"","jetpack_sharing_enabled":true,"jetpack-related-posts":[{"id":2936,"url":"https:\/\/mundobibliotecario.com.br\/index.php\/2013\/02\/25\/unir-nao-respeita-academicos\/","url_meta":{"origin":2963,"position":0},"title":"UNIR n\u00e3o respeita acad\u00eamicos","author":"mundobibliotecario","date":"25\/02\/2013","format":false,"excerpt":"Acad\u00eamicos da Universidade Federal de Rond\u00f4nia (UNIR), ap\u00f3s anos de sil\u00eancio perante a omiss\u00e3o da institui\u00e7\u00e3o de ensino, vem a p\u00fablico mostrar sua indigna\u00e7\u00e3o. Ap\u00f3s assembleia Geral, ocorrida na noite de ontem (21), lan\u00e7am nota. UNIR n\u00e3o respeita acad\u00eamicos\u200f No ano de 2009 a Universidade Federal de Rond\u00f4nia (UNIR), Criou\u2026","rel":"","context":"Em &quot;Not\u00edcias&quot;","block_context":{"text":"Not\u00edcias","link":"https:\/\/mundobibliotecario.com.br\/index.php\/category\/noticias\/"},"img":{"alt_text":"","src":"","width":0,"height":0},"classes":[]},{"id":2746,"url":"https:\/\/mundobibliotecario.com.br\/index.php\/2012\/11\/11\/capes-aprova-curso-de-biblioteconomia-na-modalidade-a-distancia\/","url_meta":{"origin":2963,"position":1},"title":"Capes aprova curso de Biblioteconomia na modalidade \u00e0 dist\u00e2ncia","author":"mundobibliotecario","date":"11\/11\/2012","format":false,"excerpt":"No \u00faltimo dia 29 de outubro, o Conselho Federal de Biblioteconomia (CFB) protagonizou um momento hist\u00f3rico para a Biblioteconomia no Pa\u00eds. A presidente do CFB, N\u00eamora Rodrigues, assinou junto ao Prof. Dr. Jorge Almeida Guimar\u00e3es, presidente da Coordena\u00e7\u00e3o de Aperfei\u00e7oamento de Pessoal de N\u00edvel Superior (CAPES), um acordo de parceria\u2026","rel":"","context":"Em &quot;Not\u00edcias&quot;","block_context":{"text":"Not\u00edcias","link":"https:\/\/mundobibliotecario.com.br\/index.php\/category\/noticias\/"},"img":{"alt_text":"","src":"","width":0,"height":0},"classes":[]},{"id":953,"url":"https:\/\/mundobibliotecario.com.br\/index.php\/2009\/10\/28\/semana-de-biblioteconomia-e-ciencia-da-informacao-ufscar\/","url_meta":{"origin":2963,"position":2},"title":"VI Semana de Biblioteconomia e Ci\u00eancia da Informa\u00e7\u00e3o &#8211; UFSCar","author":"mundobibliotecario","date":"28\/10\/2009","format":false,"excerpt":"VI Semana de Biblioteconomia e Ci\u00eancia da Informa\u00e7\u00e3o: M\u00daTIPLOS OLHARES E PR\u00c1TICAS AFINS De 09 \u00e0 14 de novembro ocorrer\u00e1 a VI Semana de Biblioteconomia e Ci\u00eancia da Inform\u00e7\u00e3o. Organizada pelos alunos do Curso de Biblioteconomia e Ci\u00eancia da Informa\u00e7\u00e3o da Universidade Federal de S\u00e3o Carlos, junto com a Coordena\u00e7\u00e3o\u2026","rel":"","context":"Em &quot;Eventos&quot;","block_context":{"text":"Eventos","link":"https:\/\/mundobibliotecario.com.br\/index.php\/category\/eventos\/"},"img":{"alt_text":"","src":"","width":0,"height":0},"classes":[]},{"id":2401,"url":"https:\/\/mundobibliotecario.com.br\/index.php\/2012\/01\/14\/curso-biblioteconomia-para-concursos-com-gustavo-henn\/","url_meta":{"origin":2963,"position":3},"title":"Curso \u201cBiblioteconomia para concursos\u201d, com Gustavo Henn","author":"mundobibliotecario","date":"14\/01\/2012","format":false,"excerpt":"Nova turma para o curso: \u201cBiblioteconomia para concursos\u201d, com Gustavo Henn. Inscri\u00e7\u00f5es abertas! A primeira turma desse curso em S\u00e3o Paulo foi um sucesso! Todas as vagas foram preenchidas e, com isso, muitas pessoas n\u00e3o puderam participar. Desta forma, tendo em vista a grande procura e os concursos em aberto,\u2026","rel":"","context":"Em &quot;Curso&quot;","block_context":{"text":"Curso","link":"https:\/\/mundobibliotecario.com.br\/index.php\/category\/curso\/"},"img":{"alt_text":"","src":"","width":0,"height":0},"classes":[]},{"id":2561,"url":"https:\/\/mundobibliotecario.com.br\/index.php\/2012\/04\/26\/saber-profissional-e-tema-de-evento-promovido-pelo-pet-bci-no-dia-4-de-maio\/","url_meta":{"origin":2963,"position":4},"title":"Saber profissional \u00e9 tema de evento promovido pelo PET-BCI no dia 4 de maio","author":"mundobibliotecario","date":"26\/04\/2012","format":false,"excerpt":"No dia 4 de maio, acontece na UFSCar o \"II Semin\u00e1rio O saber profissional\", realizado pelo Programa de Educa\u00e7\u00e3o Tutorial em Biblioteconomia e Ci\u00eancia da Informa\u00e7\u00e3o (Grupo PET - BCI). Durante o evento, trabalhos acad\u00eamicos e bibliotec\u00e1rios desenvolvidos por alunos egressos do curso de Biblioteconomia e Ci\u00eancia da Informa\u00e7\u00e3o da\u2026","rel":"","context":"Em &quot;Not\u00edcias&quot;","block_context":{"text":"Not\u00edcias","link":"https:\/\/mundobibliotecario.com.br\/index.php\/category\/noticias\/"},"img":{"alt_text":"","src":"","width":0,"height":0},"classes":[]},{"id":2124,"url":"https:\/\/mundobibliotecario.com.br\/index.php\/2011\/07\/13\/cursos-de-extensao-em-biblioteconomia-e-ciencia-da-informacao\/","url_meta":{"origin":2963,"position":5},"title":"Cursos de extens\u00e3o em Biblioteconomia e Ci\u00eancia da Informa\u00e7\u00e3o","author":"mundobibliotecario","date":"13\/07\/2011","format":false,"excerpt":"A Funda\u00e7\u00e3o Escola de Sociologia e Pol\u00edtica de S\u00e3o Paulo (FESPSP) est\u00e1 com inscri\u00e7\u00f5es abertas para cursos de extens\u00e3o em Biblioteconomia e Ci\u00eancia da Informa\u00e7\u00e3o. Confira a rela\u00e7\u00e3o completa aqui! Bons estudos!","rel":"","context":"Em &quot;Curso&quot;","block_context":{"text":"Curso","link":"https:\/\/mundobibliotecario.com.br\/index.php\/category\/curso\/"},"img":{"alt_text":"","src":"","width":0,"height":0},"classes":[]}],"jetpack_likes_enabled":true,"jetpack_shortlink":"https:\/\/wp.me\/pcbzwa-LN","_links":{"self":[{"href":"https:\/\/mundobibliotecario.com.br\/index.php\/wp-json\/wp\/v2\/posts\/2963","targetHints":{"allow":["GET"]}}],"collection":[{"href":"https:\/\/mundobibliotecario.com.br\/index.php\/wp-json\/wp\/v2\/posts"}],"about":[{"href":"https:\/\/mundobibliotecario.com.br\/index.php\/wp-json\/wp\/v2\/types\/post"}],"author":[{"embeddable":true,"href":"https:\/\/mundobibliotecario.com.br\/index.php\/wp-json\/wp\/v2\/users\/1"}],"replies":[{"embeddable":true,"href":"https:\/\/mundobibliotecario.com.br\/index.php\/wp-json\/wp\/v2\/comments?post=2963"}],"version-history":[{"count":0,"href":"https:\/\/mundobibliotecario.com.br\/index.php\/wp-json\/wp\/v2\/posts\/2963\/revisions"}],"wp:attachment":[{"href":"https:\/\/mundobibliotecario.com.br\/index.php\/wp-json\/wp\/v2\/media?parent=2963"}],"wp:term":[{"taxonomy":"category","embeddable":true,"href":"https:\/\/mundobibliotecario.com.br\/index.php\/wp-json\/wp\/v2\/categories?post=2963"},{"taxonomy":"post_tag","embeddable":true,"href":"https:\/\/mundobibliotecario.com.br\/index.php\/wp-json\/wp\/v2\/tags?post=2963"}],"curies":[{"name":"wp","href":"https:\/\/api.w.org\/{rel}","templated":true}]}}