{"id":2989,"date":"2013-03-05T18:21:34","date_gmt":"2013-03-05T21:21:34","guid":{"rendered":"http:\/\/mundobibliotecario.wordpress.com\/?p=2989"},"modified":"2013-03-05T18:21:34","modified_gmt":"2013-03-05T21:21:34","slug":"feira-na-alemanha-mostra-tecnologia-que-explora-livros-antigos-em-3d","status":"publish","type":"post","link":"https:\/\/mundobibliotecario.com.br\/index.php\/2013\/03\/05\/feira-na-alemanha-mostra-tecnologia-que-explora-livros-antigos-em-3d\/","title":{"rendered":"Feira na Alemanha mostra tecnologia que explora livros antigos em 3D"},"content":{"rendered":"<p>Os livros medievais de grande valor, que em geral s\u00e3o exibidos em caixas de vidro e s\u00f3 podem ser tocados com luvas, poder\u00e3o ser consultados agora com tecnologia 3D gra\u00e7as a um sistema revelado nesta ter\u00e7a-feira (5) na principal feira de tecnologia do mundo, na cidade alem\u00e3 de Hanover. A CeBIT acontece at\u00e9 9 de mar\u00e7o.<br \/>\nGra\u00e7as ao explorador interativo de livros em 3D, desenvolvido pelo Instituto Fraunhofer da <a href=\"http:\/\/g1.globo.com\/topico\/alemanha\/\">Alemanha<\/a>, os leitores podem ler os textos em latim e aproveitar as ilustra\u00e7\u00f5es coloridas elaboradas h\u00e1 v\u00e1rios s\u00e9culos, mas de forma moderna.<\/p>\n<div><img loading=\"lazy\" decoding=\"async\" title=\"Explorador interativo de livros em 3D foi desenvolvido pelo Instituto Fraunhofer (Foto: Reprodu\u00e7\u00e3o)\" alt=\"Explorador interativo de livros em 3D foi desenvolvido pelo Instituto Fraunhofer (Foto: Reprodu\u00e7\u00e3o)\" src=\"http:\/\/s2.glbimg.com\/XUDn2oSuCYx4-33FjJoixoe36C0TtavFYGZgn_7VYBtIoz-HdGixxa_8qOZvMp3w\/s.glbimg.com\/jo\/g1\/f\/original\/2013\/03\/05\/01zmaislivroo.jpg\" width=\"620\" height=\"400\" \/><\/div>\n<div><strong>Explorador interativo de livros em 3D foi desenvolvido pelo Instituto Fraunhofer (Foto: Reprodu\u00e7\u00e3o)<\/strong><\/div>\n<p>O texto \u00e9 escaneado e disponibilizado em uma tela plana. Os leitores, de p\u00e9 e a poucos metros de dist\u00e2ncia da tela, mudam as p\u00e1ginas movimentando as m\u00e3os no ar para acionar os sensores das c\u00e2meras.<\/p>\n<p>O Instituto Fraunhofer trabalha com a Biblioteca do Estado de Baviera na cidade de Munique para levar algumas de suas cole\u00e7\u00f5es antigas a um p\u00fablico mais amplo, explicou o diretor do projeto, Paul Chojecki.<\/p>\n<p>\u201cAcredito que o livro mais antigo que foi digitalizado at\u00e9 agora tem pelo menos 1 mil anos\u201d, disse. O leitor, apenas com os movimentos das m\u00e3os, pode interagir com o livro em 360 graus e em 3D. \u201cO passo seguinte seria melhorar o conte\u00fado digital. Podemos imaginar uma fun\u00e7\u00e3o de busca ou uma tradu\u00e7\u00e3o simult\u00e2nea se, por exemplo, voc\u00ea n\u00e3o fala latim\u201d, disse.<\/p>\n<p>Dispon\u00edvel em: &lt;<a href=\"http:\/\/g1.globo.com\/tecnologia\/noticia\/2013\/03\/feira-na-alemanha-mostra-tecnologia-que-explora-livros-antigos-em-3d.html\">http:\/\/g1.globo.com\/tecnologia\/noticia\/2013\/03\/feira-na-alemanha-mostra-tecnologia-que-explora-livros-antigos-em-3d.html<\/a>&gt;. Acesso em: 5 mar. 2013.<\/p>\n","protected":false},"excerpt":{"rendered":"<p>Os livros medievais de grande valor, que em geral s\u00e3o exibidos em caixas de vidro e s\u00f3 podem ser tocados com luvas, poder\u00e3o ser consultados agora com tecnologia 3D gra\u00e7as a um sistema revelado nesta ter\u00e7a-feira (5) na principal feira de tecnologia do mundo, na cidade alem\u00e3 de Hanover. A CeBIT acontece at\u00e9 9 de &#8230; <a title=\"Feira na Alemanha mostra tecnologia que explora livros antigos em 3D\" class=\"read-more\" href=\"https:\/\/mundobibliotecario.com.br\/index.php\/2013\/03\/05\/feira-na-alemanha-mostra-tecnologia-que-explora-livros-antigos-em-3d\/\" aria-label=\"Read more about Feira na Alemanha mostra tecnologia que explora livros antigos em 3D\">Ler mais<\/a><\/p>\n","protected":false},"author":1,"featured_media":0,"comment_status":"open","ping_status":"open","sticky":false,"template":"","format":"standard","meta":{"_mi_skip_tracking":false,"_exactmetrics_sitenote_active":false,"_exactmetrics_sitenote_note":"","_exactmetrics_sitenote_category":0,"_jetpack_newsletter_access":"","footnotes":""},"categories":[60],"tags":[1053,1054],"class_list":["post-2989","post","type-post","status-publish","format-standard","hentry","category-noticias","tag-3d","tag-livros-antigos"],"jetpack_featured_media_url":"","jetpack_sharing_enabled":true,"jetpack-related-posts":[{"id":1179,"url":"https:\/\/mundobibliotecario.com.br\/index.php\/2010\/03\/23\/palestra-bibliotecas-na-era-digital-desafios-e-perspectivas-as-atividades-da-biblioteca-estadual-da-baviera\/","url_meta":{"origin":2989,"position":0},"title":"Palestra &#8220;Bibliotecas na era digital: desafios e perspectivas, as atividades da Biblioteca Estadual da Baviera&#8221;","author":"mundobibliotecario","date":"23\/03\/2010","format":false,"excerpt":"*O Goethe-Institut S\u00e3o Paulo com apoio do Ita\u00fa Cultural promove a palestra* *\"Bibliotecas na era digital: desafios e perspectivas, as atividades da Biblioteca Estadual da Baviera\"* por *Klaus Ceynowa*, diretor da Biblioteca Estadual da Baviera Localizada em Munique e fundada em 1558, a Biblioteca Estadual da Baviera ( www.bsb-muenchen.de )\u2026","rel":"","context":"Em &quot;Eventos&quot;","block_context":{"text":"Eventos","link":"https:\/\/mundobibliotecario.com.br\/index.php\/category\/eventos\/"},"img":{"alt_text":"","src":"","width":0,"height":0},"classes":[]},{"id":4847,"url":"https:\/\/mundobibliotecario.com.br\/index.php\/2010\/03\/23\/palestra-bibliotecas-na-era-digital-desafios-e-perspectivas-as-atividades-da-biblioteca-estadual-da-baviera-2\/","url_meta":{"origin":2989,"position":1},"title":"Palestra &quot;Bibliotecas na era digital: desafios e perspectivas, as atividades da Biblioteca Estadual da Baviera&quot;","author":"mundobibliotecario","date":"23\/03\/2010","format":false,"excerpt":"*O Goethe-Institut S\u00e3o Paulo com apoio do Ita\u00fa Cultural promove a palestra* *\"Bibliotecas na era digital: desafios e perspectivas, as atividades da Biblioteca Estadual da Baviera\"* por *Klaus Ceynowa*, diretor da Biblioteca Estadual da Baviera Localizada em Munique e fundada em 1558, a Biblioteca Estadual da Baviera ( www.bsb-muenchen.de )\u2026","rel":"","context":"Em &quot;Eventos&quot;","block_context":{"text":"Eventos","link":"https:\/\/mundobibliotecario.com.br\/index.php\/category\/eventos\/"},"img":{"alt_text":"","src":"","width":0,"height":0},"classes":[]},{"id":4848,"url":"https:\/\/mundobibliotecario.com.br\/index.php\/2010\/03\/23\/palestra-bibliotecas-na-era-digital-desafios-e-perspectivas-as-atividades-da-biblioteca-estadual-da-baviera-2-2\/","url_meta":{"origin":2989,"position":2},"title":"Palestra &#034;Bibliotecas na era digital: desafios e perspectivas, as atividades da Biblioteca Estadual da Baviera&#034;","author":"mundobibliotecario","date":"23\/03\/2010","format":false,"excerpt":"*O Goethe-Institut S\u00e3o Paulo com apoio do Ita\u00fa Cultural promove a palestra* *\"Bibliotecas na era digital: desafios e perspectivas, as atividades da Biblioteca Estadual da Baviera\"* por *Klaus Ceynowa*, diretor da Biblioteca Estadual da Baviera Localizada em Munique e fundada em 1558, a Biblioteca Estadual da Baviera ( www.bsb-muenchen.de )\u2026","rel":"","context":"Em &quot;Eventos&quot;","block_context":{"text":"Eventos","link":"https:\/\/mundobibliotecario.com.br\/index.php\/category\/eventos\/"},"img":{"alt_text":"","src":"","width":0,"height":0},"classes":[]},{"id":4345,"url":"https:\/\/mundobibliotecario.com.br\/index.php\/2016\/09\/14\/52-bibliotecas-em-52-semanas-37\/","url_meta":{"origin":2989,"position":3},"title":"52 bibliotecas em 52 semanas (37)","author":"mundobibliotecario","date":"14\/09\/2016","format":false,"excerpt":"Library 21c, Pikes Peak Library District, Colorado Springs, Colorado Pikes Peak Library Districtdeu vida nova a um espa\u00e7o vago h\u00e1 d\u00e9cadas, criando uma aprendizagem interativa e facilitada com impressoras 3D, m\u00e1quinas de costura, compet\u00eancias para o desenvolvimento de jogos de video-game, um local de 400 lugares para apresenta\u00e7\u00f5es, est\u00fadios de\u2026","rel":"","context":"Em &quot;Not\u00edcias&quot;","block_context":{"text":"Not\u00edcias","link":"https:\/\/mundobibliotecario.com.br\/index.php\/category\/noticias\/"},"img":{"alt_text":"Library 21c, Pikes Peak Library District","src":"https:\/\/i0.wp.com\/americanlibrariesmagazine.org\/wp-content\/uploads\/2015\/08\/0915-designF.jpg?resize=350%2C200","width":350,"height":200},"classes":[]},{"id":3956,"url":"https:\/\/mundobibliotecario.com.br\/index.php\/2015\/09\/24\/bibliotecas-dos-eua-emprestam-desde-varas-de-pesca-ate-ukuleles\/","url_meta":{"origin":2989,"position":4},"title":"Bibliotecas dos EUA emprestam desde varas de pesca at\u00e9 ukuleles","author":"mundobibliotecario","date":"24\/09\/2015","format":false,"excerpt":"Patricia Leigh Brown Jim Wilson \/ New York Times Jessica Zacker, da equipe da Biblioteca P\u00fablica de Sacramento, arruma viol\u00f5es que fazem parte do projeto \"Biblioteca das Coisas\" em Sacramento, na Calif\u00f3rnia, EUA As bibliotecas n\u00e3o s\u00e3o mais s\u00f3 para os livros, ou mesmo e-books. Nos Estados Unidos elas servem\u2026","rel":"","context":"Em &quot;Not\u00edcias&quot;","block_context":{"text":"Not\u00edcias","link":"https:\/\/mundobibliotecario.com.br\/index.php\/category\/noticias\/"},"img":{"alt_text":"Jessica Zacker, da equipe da Biblioteca P\u00c3\u00bablica de Sacramento, arruma viol\u00c3\u00b5es que fazem parte do projeto \"Biblioteca das Coisas\" em Sacramento, na Calif\u00c3\u00b3rnia, EUA","src":"https:\/\/i0.wp.com\/imguol.com\/c\/noticias\/b0\/2015\/09\/16\/jessica-zacker-da-equipe-da-biblioteca-publica-de-sacramento-arruma-violoes-que-fazem-parte-do-projeto-biblioteca-das-coisas-em-sacramento-na-california-estados-unidos-1442421950804_615x470.jpg?resize=350%2C200","width":350,"height":200},"classes":[]},{"id":1910,"url":"https:\/\/mundobibliotecario.com.br\/index.php\/2011\/03\/27\/curso-da-fiocruz-andando-nas-nuvens\/","url_meta":{"origin":2989,"position":5},"title":"Curso da Fiocruz &#8220;Andando nas nuvens&#8221;","author":"mundobibliotecario","date":"27\/03\/2011","format":false,"excerpt":"\u201cAndando nas nuvens: Introdu\u00e7\u00e3o ao uso das tecnologias interativas na educa\u00e7\u00e3o, pesquisa, gest\u00e3o e sa\u00fade e no\u00e7\u00f5es de computa\u00e7\u00e3o em nuvem\u201d A partir de segunda-feira, 21 de mar\u00e7o, estar\u00e3o abertas as inscri\u00e7\u00f5es para o curso de atualiza\u00e7\u00e3o \u201cAndando nas nuvens: Introdu\u00e7\u00e3o ao uso das tecnologias interativas na educa\u00e7\u00e3o, pesquisa, gest\u00e3o\u2026","rel":"","context":"Em &quot;Curso&quot;","block_context":{"text":"Curso","link":"https:\/\/mundobibliotecario.com.br\/index.php\/category\/curso\/"},"img":{"alt_text":"","src":"","width":0,"height":0},"classes":[]}],"jetpack_likes_enabled":true,"jetpack_shortlink":"https:\/\/wp.me\/pcbzwa-Md","_links":{"self":[{"href":"https:\/\/mundobibliotecario.com.br\/index.php\/wp-json\/wp\/v2\/posts\/2989","targetHints":{"allow":["GET"]}}],"collection":[{"href":"https:\/\/mundobibliotecario.com.br\/index.php\/wp-json\/wp\/v2\/posts"}],"about":[{"href":"https:\/\/mundobibliotecario.com.br\/index.php\/wp-json\/wp\/v2\/types\/post"}],"author":[{"embeddable":true,"href":"https:\/\/mundobibliotecario.com.br\/index.php\/wp-json\/wp\/v2\/users\/1"}],"replies":[{"embeddable":true,"href":"https:\/\/mundobibliotecario.com.br\/index.php\/wp-json\/wp\/v2\/comments?post=2989"}],"version-history":[{"count":0,"href":"https:\/\/mundobibliotecario.com.br\/index.php\/wp-json\/wp\/v2\/posts\/2989\/revisions"}],"wp:attachment":[{"href":"https:\/\/mundobibliotecario.com.br\/index.php\/wp-json\/wp\/v2\/media?parent=2989"}],"wp:term":[{"taxonomy":"category","embeddable":true,"href":"https:\/\/mundobibliotecario.com.br\/index.php\/wp-json\/wp\/v2\/categories?post=2989"},{"taxonomy":"post_tag","embeddable":true,"href":"https:\/\/mundobibliotecario.com.br\/index.php\/wp-json\/wp\/v2\/tags?post=2989"}],"curies":[{"name":"wp","href":"https:\/\/api.w.org\/{rel}","templated":true}]}}