{"id":3048,"date":"2013-03-30T13:52:43","date_gmt":"2013-03-30T16:52:43","guid":{"rendered":"http:\/\/mundobibliotecario.wordpress.com\/?p=3048"},"modified":"2020-07-22T11:06:22","modified_gmt":"2020-07-22T14:06:22","slug":"uma-biblioteca-por-dia-ate-2020","status":"publish","type":"post","link":"https:\/\/mundobibliotecario.com.br\/index.php\/2013\/03\/30\/uma-biblioteca-por-dia-ate-2020\/","title":{"rendered":"Uma biblioteca por dia at\u00e9 2020"},"content":{"rendered":"<p>O Brasil precisa construir 39 bibliotecas por dia nos pr\u00f3ximos sete anos para cumprir a Lei n.\u00ba 12.244\/2010, que prev\u00ea que toda escola p\u00fablica ou privada tenha o seu pr\u00f3prio espa\u00e7o de leitura at\u00e9 2020. A defasagem total do pa\u00eds \u00e9 de 128 mil bibliotecas. No Paran\u00e1, segundo informa\u00e7\u00f5es do Censo Escolar de 2011, 42% das 9.110 escolas n\u00e3o t\u00eam uma sala de livros, o que exige a constru\u00e7\u00e3o de 1,2 biblioteca por dia at\u00e9 2020.<\/p>\n<p>O levantamento foi feito pelo movimento Todos pela Educa\u00e7\u00e3o, com base em dados cedidos pelo Instituto Nacional de Estudos e Pesquisas Educacionais An\u00edsio Teixeira (Inep). Embora o n\u00famero total relativo \u00e0 falta de bibliotecas inclua todas as redes de ensino, \u00e9 nas escolas p\u00fablicas que o problema se concentra. Nas redes municipal, estadual e federal \u00e9 preciso construir 113.269 unidades.<\/p>\n<p>Parte da explica\u00e7\u00e3o para a aus\u00eancia t\u00e3o significativa de espa\u00e7os de leitura seria hist\u00f3rica. Segundo o professor Ren\u00ea W\u00e1gner Ramos, coordenador de Pesquisas Educacionais na Secretaria de Estado da Educa\u00e7\u00e3o (Seed), h\u00e1 50 anos n\u00e3o era obrigat\u00f3rio nem comum que toda escola tivesse a pr\u00f3pria biblioteca. Por isso, o projeto arquitet\u00f4nico de estabelecimentos mais antigos n\u00e3o contava com o ambiente.<\/p>\n<p>A transforma\u00e7\u00e3o em salas de aula e laborat\u00f3rios de inform\u00e1tica tamb\u00e9m teria contribu\u00eddo para o desaparecimento de alguns espa\u00e7os. \u201cAlgumas escolas tiveram de lidar com uma demanda muito alta de alunos, ent\u00e3o a comunidade optou por desativar a biblioteca para poder abrir mais turmas\u201d, conta Ramos.<\/p>\n<p><strong>Situa\u00e7\u00e3o atual<\/strong><\/p>\n<p>Segundo dados atualizados da Seed, o problema afeta 13% das escolas estaduais. Situa\u00e7\u00e3o menos preocupante que a de outros estados, como o Maranh\u00e3o, onde 61,7% dos col\u00e9gios do governo do estado n\u00e3o tinham biblioteca, ao menos at\u00e9 2011. No estado de S\u00e3o Paulo, onde o n\u00famero de escolas \u00e9 mais que o dobro das existentes no Paran\u00e1, o cumprimento da meta exigiria do governo local a constru\u00e7\u00e3o de 46 bibliotecas por m\u00eas. O caso paranaense pode ser resolvido com aproximadamente duas novas unidades ao m\u00eas.<\/p>\n<p>Na rede municipal de Curitiba, apenas oito das 184 escolas n\u00e3o t\u00eam biblioteca. Tr\u00eas dessas estariam em situa\u00e7\u00e3o de dualidade administrativa, j\u00e1 que o Estado as cedeu ao munic\u00edpio h\u00e1 pouco tempo, conforme explica Let\u00edcia Meira, diretora do Departamento de Tecnologia e Difus\u00e3o Educacional do munic\u00edpio. \u201cA nossa meta \u00e9 suprir essa necessidade o mais r\u00e1pido poss\u00edvel, mas n\u00e3o temos previs\u00e3o porque estamos num momento de diagn\u00f3stico.\u201d Dificuldades arquitet\u00f4nicas seriam o motivo pelo qual essas escolas ainda n\u00e3o contam com bibliotecas.<\/p>\n<p><big><strong>Projeto prev\u00ea consulta on-line dos acervos<\/strong><\/big><\/p>\n<p>No m\u00eas passado, a Rede de Bibliotecas Escolares P\u00fablicas, programa lan\u00e7ado pelo governo do estado, completou dois anos. A iniciativa prev\u00ea uma s\u00e9rie de a\u00e7\u00f5es de moderniza\u00e7\u00e3o de espa\u00e7os j\u00e1 existentes e de incentivo \u00e0 leitura. Entre elas, pretende incluir as bibliotecas escolares de todo o estado num mesmo sistema de software que permitir\u00e1 a alunos e comunidade a consulta ao acervo por meio da internet. Em 2011, foram 32 as escolas escolhidas para receber o projeto piloto.<\/p>\n<p>Segundo o professor Ren\u00ea W\u00e1gner Ramos, da Secretaria de Educa\u00e7\u00e3o do Paran\u00e1 (Seed), at\u00e9 o fim do ano 532 bibliotecas devem estar integradas. \u201cNeste momento estamos trabalhando para invidualizar o acesso, o que dar\u00e1 senha e login a cada estudante\u201d, diz. Uma parceria entre a Seed e a Pontif\u00edcia Universidade Cat\u00f3lica do Paran\u00e1 viabilizou a implanta\u00e7\u00e3o do sistema Pergamum. Outra a\u00e7\u00e3o da rede \u00e9 a designa\u00e7\u00e3o de um funcion\u00e1rio para cada biblioteca at\u00e9 o fim de 2013 . De acordo com Ramos, est\u00e1 em estudo a abertura de um concurso p\u00fablico para suprir essa necessidade.<\/p>\n<p><img decoding=\"async\" src=\"http:\/\/www.gazetadopovo.com.br\/midia\/CONTRAOTEMPO_270313.jpg\" alt=\"\" border=\"0\" \/>Dispon\u00edvel em: &lt;http:\/\/www.gazetadopovo.com.br\/vidaecidadania\/conteudo.phtml?tl=1&amp;id=1357359&amp;tit=Uma-biblioteca-por-dia-ate-2020&gt;. Acesso em: 30 mar. 2013.<\/p>\n","protected":false},"excerpt":{"rendered":"<p>O Brasil precisa construir 39 bibliotecas por dia nos pr\u00f3ximos sete anos para cumprir a Lei n.\u00ba 12.244\/2010, que prev\u00ea que toda escola p\u00fablica ou privada tenha o seu pr\u00f3prio espa\u00e7o de leitura at\u00e9 2020. A defasagem total do pa\u00eds \u00e9 de 128 mil bibliotecas. No Paran\u00e1, segundo informa\u00e7\u00f5es do Censo Escolar de 2011, 42% &#8230; <a title=\"Uma biblioteca por dia at\u00e9 2020\" class=\"read-more\" href=\"https:\/\/mundobibliotecario.com.br\/index.php\/2013\/03\/30\/uma-biblioteca-por-dia-ate-2020\/\" aria-label=\"Read more about Uma biblioteca por dia at\u00e9 2020\">Ler mais<\/a><\/p>\n","protected":false},"author":1,"featured_media":0,"comment_status":"open","ping_status":"open","sticky":false,"template":"","format":"standard","meta":{"_mi_skip_tracking":false,"_exactmetrics_sitenote_active":false,"_exactmetrics_sitenote_note":"","_exactmetrics_sitenote_category":0,"_jetpack_newsletter_access":"","footnotes":""},"categories":[60],"tags":[462],"class_list":["post-3048","post","type-post","status-publish","format-standard","hentry","category-noticias","tag-biblioteca-escolar"],"jetpack_featured_media_url":"","jetpack_sharing_enabled":true,"jetpack-related-posts":[{"id":3609,"url":"https:\/\/mundobibliotecario.com.br\/index.php\/2014\/10\/10\/3609\/","url_meta":{"origin":3048,"position":0},"title":"Movimento Brasil Liter\u00e1rio - 28\/09\/2014\u2026","author":"mundobibliotecario","date":"10\/10\/2014","format":false,"excerpt":"Movimento Brasil Liter\u00e1rio - 28\/09\/2014 A Lei 12.244\/10 determina que todas as institui\u00e7\u00f5es de ensino do Brasil tenham uma biblioteca at\u00e9 2020. Al\u00e9m disso, bibliotecas em escolas s\u00e3o fundamentais para o atingimento das Metas 7 e 9 do Plano Nacional de Educa\u00e7\u00e3o (PNE) e converge com o Eixo 1 do\u2026","rel":"","context":"Em &quot;Not\u00edcias&quot;","block_context":{"text":"Not\u00edcias","link":"https:\/\/mundobibliotecario.com.br\/index.php\/category\/noticias\/"},"img":{"alt_text":"","src":"","width":0,"height":0},"classes":[]},{"id":1302,"url":"https:\/\/mundobibliotecario.com.br\/index.php\/2010\/06\/05\/brasil-vai-precisar-de-pelo-menos-178-mil-bibliotecarios-ate-2020\/","url_meta":{"origin":3048,"position":1},"title":"Brasil vai precisar de pelo menos 178 mil bibliotec\u00e1rios at\u00e9 2020","author":"mundobibliotecario","date":"05\/06\/2010","format":false,"excerpt":"Atualmente, pa\u00eds s\u00f3 tem 21,6 mil formados em Biblioteconomia. Por lei, \u00e9 preciso ter diploma para trabalhar na \u00e1rea. Da reda\u00e7\u00e3o Al\u00e9m de ter de construir 25 bibliotecas por dia, o Brasil ter\u00e1 de, pelo menos, formar oito vezes mais bibliotec\u00e1rios at\u00e9 2020. Lei aprovada no fim de maio determina\u2026","rel":"","context":"Em &quot;Not\u00edcias&quot;","block_context":{"text":"Not\u00edcias","link":"https:\/\/mundobibliotecario.com.br\/index.php\/category\/noticias\/"},"img":{"alt_text":"","src":"","width":0,"height":0},"classes":[]},{"id":7793,"url":"https:\/\/mundobibliotecario.com.br\/index.php\/2020\/08\/18\/ministerio-publico-da-paraiba-recomenda-a-criacao-de-bibliotecas-escolares-em-municipio-da-grande-joao-pessoa\/","url_meta":{"origin":3048,"position":2},"title":"Minist\u00e9rio P\u00fablico da Para\u00edba recomenda a cria\u00e7\u00e3o de bibliotecas escolares em munic\u00edpio da Grande Jo\u00e3o Pessoa","author":"mundobibliotecario","date":"18\/08\/2020","format":false,"excerpt":"Recomenda\u00e7\u00e3o visa atender os dispositivos da lei 12.244 de 2010, que prev\u00ea a universaliza\u00e7\u00e3o das bibliotecas escolares Com base na Lei 12.244 de 2010, que prev\u00ea a universaliza\u00e7\u00e3o das bibliotecas escolares, a promotora de Justi\u00e7a Ana Caroline Almeida, do Minist\u00e9rio P\u00fablico da Para\u00edba, recomendou \u00e0 prefeitura de Bayeux, cidade da\u2026","rel":"","context":"Em &quot;Not\u00edcias&quot;","block_context":{"text":"Not\u00edcias","link":"https:\/\/mundobibliotecario.com.br\/index.php\/category\/noticias\/"},"img":{"alt_text":"","src":"","width":0,"height":0},"classes":[]},{"id":4447,"url":"https:\/\/mundobibliotecario.com.br\/index.php\/2017\/01\/03\/lei-obriga-escolas-a-ter-biblioteca-bibliotecario-e-um-livro-por-aluno\/","url_meta":{"origin":3048,"position":3},"title":"Lei obriga escolas a ter biblioteca, bibliotec\u00e1rio e um livro por aluno","author":"mundobibliotecario","date":"03\/01\/2017","format":false,"excerpt":"O Projeto de Lei que obriga toda escola a ter biblioteca, bibliotec\u00e1rio e, no m\u00ednimo, um livro por aluno, de autoria do deputado estadual Jos\u00e9 Ricardo Wendling (PT), foi promulgado nesta quinta-feira (22) pelo plen\u00e1rio da Assembleia Legislativa do Amazonas (Aleam), passando a vigorar na data da publica\u00e7\u00e3o. A proposta\u2026","rel":"","context":"Em &quot;Not\u00edcias&quot;","block_context":{"text":"Not\u00edcias","link":"https:\/\/mundobibliotecario.com.br\/index.php\/category\/noticias\/"},"img":{"alt_text":"","src":"","width":0,"height":0},"classes":[]},{"id":2822,"url":"https:\/\/mundobibliotecario.com.br\/index.php\/2013\/01\/29\/no-brasil-bibliotecas-inovadoras-convivem-com-quadro-de-descaso\/","url_meta":{"origin":3048,"position":4},"title":"No Brasil, bibliotecas inovadoras convivem com quadro de descaso","author":"mundobibliotecario","date":"29\/01\/2013","format":false,"excerpt":"Enquanto algumas passam por reformas, incorporam novas m\u00eddias e tend\u00eancias, pa\u00eds ainda tem deficit de bibliotecas nas escolas. \u00a0BBC Biblioteca de S\u00e3o Paulo (Foto: BBC Brasil) No t\u00e9rreo da Biblioteca de S\u00e3o Paulo, ouve-se o burburinho de crian\u00e7as brincando nos computadores, jogando jogos de tabuleiros ou circulando entre as estantes\u2026","rel":"","context":"Em &quot;Not\u00edcias&quot;","block_context":{"text":"Not\u00edcias","link":"https:\/\/mundobibliotecario.com.br\/index.php\/category\/noticias\/"},"img":{"alt_text":"","src":"https:\/\/i0.wp.com\/s2.glbimg.com\/p3dWMRRupYn2ypZ8QV67PjlBF3gDK8Hf5yJwAEaxfgxIoz-HdGixxa_8qOZvMp3w\/s.glbimg.com\/jo\/g1\/f\/original\/2013\/01\/25\/bibliotecasp_1.jpg?resize=350%2C200","width":350,"height":200},"classes":[]},{"id":5239,"url":"https:\/\/mundobibliotecario.com.br\/index.php\/2019\/08\/19\/comissao-de-cultura-aprova-criacao-de-mais-bibliotecas-publicas\/","url_meta":{"origin":3048,"position":5},"title":"Comiss\u00e3o de Cultura aprova cria\u00e7\u00e3o de mais bibliotecas p\u00fablicas","author":"mundobibliotecario","date":"19\/08\/2019","format":false,"excerpt":"Proposta segue para an\u00e1lise de outras duas comiss\u00f5es da C\u00e2mara: a de Finan\u00e7as e Tributa\u00e7\u00e3o; e a de Constitui\u00e7\u00e3o e Justi\u00e7a e de Cidadania 16\/08\/2019 - 12:11 A Comiss\u00e3o de Cultura da C\u00e2mara dos Deputados aprovou o Projeto de Lei\u00a011157\/18, que aprimora a Pol\u00edtica Nacional do Livro (Lei 10.753\/03) para\u2026","rel":"","context":"Em &quot;Not\u00edcias&quot;","block_context":{"text":"Not\u00edcias","link":"https:\/\/mundobibliotecario.com.br\/index.php\/category\/noticias\/"},"img":{"alt_text":"","src":"","width":0,"height":0},"classes":[]}],"jetpack_likes_enabled":true,"jetpack_shortlink":"https:\/\/wp.me\/pcbzwa-Na","_links":{"self":[{"href":"https:\/\/mundobibliotecario.com.br\/index.php\/wp-json\/wp\/v2\/posts\/3048","targetHints":{"allow":["GET"]}}],"collection":[{"href":"https:\/\/mundobibliotecario.com.br\/index.php\/wp-json\/wp\/v2\/posts"}],"about":[{"href":"https:\/\/mundobibliotecario.com.br\/index.php\/wp-json\/wp\/v2\/types\/post"}],"author":[{"embeddable":true,"href":"https:\/\/mundobibliotecario.com.br\/index.php\/wp-json\/wp\/v2\/users\/1"}],"replies":[{"embeddable":true,"href":"https:\/\/mundobibliotecario.com.br\/index.php\/wp-json\/wp\/v2\/comments?post=3048"}],"version-history":[{"count":1,"href":"https:\/\/mundobibliotecario.com.br\/index.php\/wp-json\/wp\/v2\/posts\/3048\/revisions"}],"predecessor-version":[{"id":7542,"href":"https:\/\/mundobibliotecario.com.br\/index.php\/wp-json\/wp\/v2\/posts\/3048\/revisions\/7542"}],"wp:attachment":[{"href":"https:\/\/mundobibliotecario.com.br\/index.php\/wp-json\/wp\/v2\/media?parent=3048"}],"wp:term":[{"taxonomy":"category","embeddable":true,"href":"https:\/\/mundobibliotecario.com.br\/index.php\/wp-json\/wp\/v2\/categories?post=3048"},{"taxonomy":"post_tag","embeddable":true,"href":"https:\/\/mundobibliotecario.com.br\/index.php\/wp-json\/wp\/v2\/tags?post=3048"}],"curies":[{"name":"wp","href":"https:\/\/api.w.org\/{rel}","templated":true}]}}