{"id":3051,"date":"2013-03-30T14:01:37","date_gmt":"2013-03-30T17:01:37","guid":{"rendered":"http:\/\/mundobibliotecario.wordpress.com\/?p=3051"},"modified":"2020-07-21T23:11:09","modified_gmt":"2020-07-22T02:11:09","slug":"bibliogo-agora-aceita-a-importacao-de-feeds-rss-do-google-reader","status":"publish","type":"post","link":"https:\/\/mundobibliotecario.com.br\/index.php\/2013\/03\/30\/bibliogo-agora-aceita-a-importacao-de-feeds-rss-do-google-reader\/","title":{"rendered":"Bibliogo agora aceita a importa\u00e7\u00e3o de feeds RSS do Google Reader"},"content":{"rendered":"<p>Reprints Desk, Inc.\u00a0\u00a0anunciou o lan\u00e7amento do novo Really Simple Syndication (RSS) funcionalidade de importa\u00e7\u00e3o de alimenta\u00e7\u00e3o para o <a href=\"http:\/\/info.bibliogo.com\/\">Bibliogo, o leitor livre\u00a0de feeds RSS e sistema de gest\u00e3o de refer\u00eancia<\/a>. A nova funcionalidade foi criada especificamente para acomodar as necessidades dos profissionais que monitoram \u00a0o conte\u00fado de peri\u00f3dicos revisados por pares que est\u00e3o buscando uma alternativa ao\u00a0<span style=\"line-height:1.7;\">leitor de feeds <\/span><span style=\"line-height:1.7;\">Google Reader, em meio ao <a href=\"http:\/\/googlereader.blogspot.com.br\/2013\/03\/powering-down-google-reader.html\">an\u00fancio de 13 de mar\u00e7o da Google Inc.<\/a> que ir\u00e1 desativar o servi\u00e7o em julho de 2013.<\/span><\/p>\n<p>A not\u00edcia completa, em ingl\u00eas, pode ser lida no <a href=\"http:\/\/newsbreaks.infotoday.com\/Digest\/Bibliogo-Now-Accepts-Imports-of-RSS-Feeds-From-Google-Reader-88587.asp\">Infotoday<\/a>.<\/p>\n","protected":false},"excerpt":{"rendered":"<p>Reprints Desk, Inc.\u00a0\u00a0anunciou o lan\u00e7amento do novo Really Simple Syndication (RSS) funcionalidade de importa\u00e7\u00e3o de alimenta\u00e7\u00e3o para o Bibliogo, o leitor livre\u00a0de feeds RSS e sistema de gest\u00e3o de refer\u00eancia. A nova funcionalidade foi criada especificamente para acomodar as necessidades dos profissionais que monitoram \u00a0o conte\u00fado de peri\u00f3dicos revisados por pares que est\u00e3o buscando uma &#8230; <a title=\"Bibliogo agora aceita a importa\u00e7\u00e3o de feeds RSS do Google Reader\" class=\"read-more\" href=\"https:\/\/mundobibliotecario.com.br\/index.php\/2013\/03\/30\/bibliogo-agora-aceita-a-importacao-de-feeds-rss-do-google-reader\/\" aria-label=\"Read more about Bibliogo agora aceita a importa\u00e7\u00e3o de feeds RSS do Google Reader\">Ler mais<\/a><\/p>\n","protected":false},"author":1,"featured_media":0,"comment_status":"open","ping_status":"open","sticky":false,"template":"","format":"standard","meta":{"_mi_skip_tracking":false,"_exactmetrics_sitenote_active":false,"_exactmetrics_sitenote_note":"","_exactmetrics_sitenote_category":0,"_jetpack_newsletter_access":"","footnotes":""},"categories":[60],"tags":[1064,1065,270],"class_list":["post-3051","post","type-post","status-publish","format-standard","hentry","category-noticias","tag-bibliogo","tag-google-reader","tag-rss"],"jetpack_featured_media_url":"","jetpack_sharing_enabled":true,"jetpack-related-posts":[{"id":3102,"url":"https:\/\/mundobibliotecario.com.br\/index.php\/2013\/05\/05\/o-google-reader-vai-morrer-veja-as-alternativas-ao-servico\/","url_meta":{"origin":3051,"position":0},"title":"O Google Reader vai morrer. Veja as alternativas ao servi\u00e7o","author":"mundobibliotecario","date":"05\/05\/2013","format":false,"excerpt":"H\u00e1 v\u00e1rios servi\u00e7os que podem substituir o Google Reader, e outros devem surgir nos pr\u00f3ximos meses S\u00e3o Paulo \u2014 O agregador de not\u00edcias\u00a0Google\u00a0Reader vai ser desativado em 1\u00ba de julho. O fim do servi\u00e7o cria um problema para quem gosta de ler informa\u00e7\u00f5es distribu\u00eddas nos padr\u00f5es RSS e Atom, uma\u2026","rel":"","context":"Em &quot;Not\u00edcias&quot;","block_context":{"text":"Not\u00edcias","link":"https:\/\/mundobibliotecario.com.br\/index.php\/category\/noticias\/"},"img":{"alt_text":"","src":"","width":0,"height":0},"classes":[]},{"id":8478,"url":"https:\/\/mundobibliotecario.com.br\/index.php\/2021\/03\/25\/google-play-books-apresenta-novas-funcionalidades-que-facilitam-a-leitura-dos-livros-infantis\/","url_meta":{"origin":3051,"position":1},"title":"Google Play Books apresenta novas funcionalidades que facilitam a leitura dos livros infantis","author":"mundobibliotecario","date":"25\/03\/2021","format":false,"excerpt":"Fonte: Juli\u00e1n Marquina O Google Play Livros introduziu um conjunto de ferramentas para ajudar os novos leitores e suas fam\u00edlias a aproveitar o processo de aprender a ler. Essas novas funcionalidades dizem respeito \u00e0 reprodu\u00e7\u00e3o do \u00e1udio do livro para dar continuidade \u00e0 leitura e \u00e0 utiliza\u00e7\u00e3o de um dicion\u00e1rio\u2026","rel":"","context":"Em &quot;Not\u00edcias&quot;","block_context":{"text":"Not\u00edcias","link":"https:\/\/mundobibliotecario.com.br\/index.php\/category\/noticias\/"},"img":{"alt_text":"","src":"","width":0,"height":0},"classes":[]},{"id":417,"url":"https:\/\/mundobibliotecario.com.br\/index.php\/2009\/02\/26\/cursos-content-digital-2009\/","url_meta":{"origin":3051,"position":2},"title":"Cursos Content Digital 2009","author":"mundobibliotecario","date":"26\/02\/2009","format":false,"excerpt":"CURSOS CONTENT DIGITAL 2009 (www.contentdigital.com.br) PROGRAME-SE para aproveitar os cursos de seu interesse, em nossa grade enriquecida de cursos em gest\u00e3o de conte\u00fado , gest\u00e3o do conhecimento e ambientes digitais, com consultores que est\u00e3o nas linhas de frente em suas \u00e1reas de atua\u00e7\u00e3o. RESERVE desde j\u00e1 sua vaga no curso\u2026","rel":"","context":"Em &quot;Curso&quot;","block_context":{"text":"Curso","link":"https:\/\/mundobibliotecario.com.br\/index.php\/category\/curso\/"},"img":{"alt_text":"","src":"","width":0,"height":0},"classes":[]},{"id":496,"url":"https:\/\/mundobibliotecario.com.br\/index.php\/2009\/03\/27\/leitor-da-sony-tera-mais-de-600-mil-titulos\/","url_meta":{"origin":3051,"position":3},"title":"Leitor da Sony ter\u00e1 mais de 600 mil t\u00edtulos","author":"mundobibliotecario","date":"27\/03\/2009","format":false,"excerpt":"JORNAL DO COMMERCIO, 20.03.09 p. B10 Tecnologia E-READER - Obras de dom\u00ednio p\u00fablico digitalizadas pelo Google poder\u00e3o ser lidas no aparelho ou direto no computador, baixando um arquivo em PDF DA REDA\u00c7\u00c3O, COM AG\u00caNCIAS A Sony est\u00e1 disponibilizando livros de dom\u00ednio p\u00fablico do Google para usu\u00e1rios de seu aparelho leitor\u2026","rel":"","context":"Em &quot;Not\u00edcias&quot;","block_context":{"text":"Not\u00edcias","link":"https:\/\/mundobibliotecario.com.br\/index.php\/category\/noticias\/"},"img":{"alt_text":"","src":"","width":0,"height":0},"classes":[]},{"id":2026,"url":"https:\/\/mundobibliotecario.com.br\/index.php\/2011\/05\/16\/curso-unidades-de-informacao-na-web-2-0-conceitos-estrategias-e-praticas\/","url_meta":{"origin":3051,"position":4},"title":"Curso &#8220;Unidades de informa\u00e7\u00e3o na web 2.0: conceitos, estrat\u00e9gias e pr\u00e1ticas&#8221;","author":"mundobibliotecario","date":"16\/05\/2011","format":false,"excerpt":"Ap\u00f3s um ano de sucesso em sua vers\u00e3o on-line, agora tamb\u00e9m presencial! Instrutoras: Renate Landshoff e Suely de Brito Clemente Soares Data: 21 e 22 de junho de 2011 (ter\u00e7a e quarta-feira) Hor\u00e1rio: 8h30 \u00e0s 12h30 \u2013 14h \u00e0s 18h Local: Av. Paulista 807 \u2013 18\u00ba andar. Pr\u00f3ximo \u00e0 esta\u00e7\u00e3o\u2026","rel":"","context":"Em &quot;Curso&quot;","block_context":{"text":"Curso","link":"https:\/\/mundobibliotecario.com.br\/index.php\/category\/curso\/"},"img":{"alt_text":"","src":"","width":0,"height":0},"classes":[]},{"id":4877,"url":"https:\/\/mundobibliotecario.com.br\/index.php\/2011\/05\/16\/curso-unidades-de-informacao-na-web-2-0-conceitos-estrategias-e-praticas-2\/","url_meta":{"origin":3051,"position":5},"title":"Curso &quot;Unidades de informa\u00e7\u00e3o na web 2.0: conceitos, estrat\u00e9gias e pr\u00e1ticas&quot;","author":"mundobibliotecario","date":"16\/05\/2011","format":false,"excerpt":"Ap\u00f3s um ano de sucesso em sua vers\u00e3o on-line, agora tamb\u00e9m presencial! Instrutoras: Renate Landshoff e Suely de Brito Clemente Soares Data: 21 e 22 de junho de 2011 (ter\u00e7a e quarta-feira) Hor\u00e1rio: 8h30 \u00e0s 12h30 \u2013 14h \u00e0s 18h Local: Av. Paulista 807 \u2013 18\u00ba andar. Pr\u00f3ximo \u00e0 esta\u00e7\u00e3o\u2026","rel":"","context":"Em &quot;Curso&quot;","block_context":{"text":"Curso","link":"https:\/\/mundobibliotecario.com.br\/index.php\/category\/curso\/"},"img":{"alt_text":"","src":"","width":0,"height":0},"classes":[]}],"jetpack_likes_enabled":true,"jetpack_shortlink":"https:\/\/wp.me\/pcbzwa-Nd","_links":{"self":[{"href":"https:\/\/mundobibliotecario.com.br\/index.php\/wp-json\/wp\/v2\/posts\/3051","targetHints":{"allow":["GET"]}}],"collection":[{"href":"https:\/\/mundobibliotecario.com.br\/index.php\/wp-json\/wp\/v2\/posts"}],"about":[{"href":"https:\/\/mundobibliotecario.com.br\/index.php\/wp-json\/wp\/v2\/types\/post"}],"author":[{"embeddable":true,"href":"https:\/\/mundobibliotecario.com.br\/index.php\/wp-json\/wp\/v2\/users\/1"}],"replies":[{"embeddable":true,"href":"https:\/\/mundobibliotecario.com.br\/index.php\/wp-json\/wp\/v2\/comments?post=3051"}],"version-history":[{"count":1,"href":"https:\/\/mundobibliotecario.com.br\/index.php\/wp-json\/wp\/v2\/posts\/3051\/revisions"}],"predecessor-version":[{"id":6014,"href":"https:\/\/mundobibliotecario.com.br\/index.php\/wp-json\/wp\/v2\/posts\/3051\/revisions\/6014"}],"wp:attachment":[{"href":"https:\/\/mundobibliotecario.com.br\/index.php\/wp-json\/wp\/v2\/media?parent=3051"}],"wp:term":[{"taxonomy":"category","embeddable":true,"href":"https:\/\/mundobibliotecario.com.br\/index.php\/wp-json\/wp\/v2\/categories?post=3051"},{"taxonomy":"post_tag","embeddable":true,"href":"https:\/\/mundobibliotecario.com.br\/index.php\/wp-json\/wp\/v2\/tags?post=3051"}],"curies":[{"name":"wp","href":"https:\/\/api.w.org\/{rel}","templated":true}]}}