{"id":3084,"date":"2013-04-18T12:24:37","date_gmt":"2013-04-18T15:24:37","guid":{"rendered":"http:\/\/mundobibliotecario.wordpress.com\/?p=3084"},"modified":"2020-07-21T23:54:48","modified_gmt":"2020-07-22T02:54:48","slug":"curso-coleta-e-monitoramento-de-informacao-estrategica","status":"publish","type":"post","link":"https:\/\/mundobibliotecario.com.br\/index.php\/2013\/04\/18\/curso-coleta-e-monitoramento-de-informacao-estrategica\/","title":{"rendered":"Curso: Coleta e Monitoramento de Informa\u00e7\u00e3o Estrat\u00e9gica"},"content":{"rendered":"<p>Divulgando cursos recebidos por e-mail.<\/p>\n<p>*************<\/p>\n<div dir=\"ltr\">\n<p>Prezados,<\/p>\n<div>\n<div dir=\"ltr\">\n<div dir=\"ltr\">\n<div dir=\"ltr\">\n<div dir=\"ltr\">\n<div>\n<div dir=\"ltr\">\n<div dir=\"ltr\">\n<div dir=\"ltr\">\n<p><span style=\"font-family:Verdana;\">Convidamos voc\u00eas para participarem dos Cursos que a EVTur Corporativo\u00a0 programou para o 1\u00ba semestre de 2013. Verifiquem nossa\u00a0 Agenda de Cursos abaixo\u00a0 e\/ou acesse site www.evtur.com.br e click Agenda de Cursos.<\/span><\/p>\n<div>\n<div dir=\"ltr\">\n<div dir=\"ltr\">\n<div dir=\"ltr\">\n<div>\n<p align=\"center\"><b>Curso: Coleta e Monitoramento de Informa\u00e7\u00e3o Estrat\u00e9gica.<\/b><\/p>\n<p align=\"center\"><b>Hotel Faial, Florian\u00f3polis &#8211; SC<\/b><\/p>\n<p align=\"center\"><b>Data: 19\/04\/2013 das 8:30 \u00e0s 18:30<\/b><\/p>\n<p><b>P\u00fablico alvo: <\/b>O programa se destina a bibliotec\u00e1rios, administradores, jornalistas, engenheiros, advogados, analistas de diversas \u00e1reas e profissionais de intelig\u00eancia e qualificar\u00e1 os participantes na coleta de informa\u00e7\u00f5es estrat\u00e9gicas para suporte \u00e0 tomada de decis\u00e3o dentro de empresas e organiza\u00e7\u00f5es de qualquer setor.<\/p>\n<p><b>Programa:<\/b><b><\/b><\/p>\n<p>&#8211; O que \u00e9 informa\u00e7\u00e3o estrat\u00e9gica? (No\u00e7\u00f5es de estrat\u00e9gia, intelig\u00eancia<\/p>\n<p>competitiva, dados, informa\u00e7\u00e3o e an\u00e1lise)<\/p>\n<p>&#8211; Classifica\u00e7\u00e3o e categoriza\u00e7\u00e3o de fontes (Prim\u00e1rias, secund\u00e1rias, p\u00fablicas, privadas, abertas, fechadas, etc.)<\/p>\n<p>&#8211; Coleta em fontes secund\u00e1rias (Buscadores, bases de dados, CAR, deep web, correla\u00e7\u00f5es)<\/p>\n<p>&#8211; Coleta em fontes prim\u00e1rias (T\u00e9cnicas de entrevista, elicita\u00e7\u00e3o e<\/p>\n<p>relacionamento com especialistas)<\/p>\n<p>&#8211; \u00c9tica e uso de informa\u00e7\u00f5es de fontes prim\u00e1rias<\/p>\n<p>&#8211; Monitoramento de informa\u00e7\u00e3o (Sistemas de notifica\u00e7\u00e3o &#8211; RSS, Alerts ? e servi\u00e7os de informa\u00e7\u00e3o; sinais fracos, avisos antecipados, pontos cegos)<\/p>\n<p><b>Investimento<\/b>: <b>R$ 240,00\u00a0 &#8211; 2\u00ba lote\u00a0 &#8211;\u00a0 at\u00e9 10 de abril de 2013.<\/b><b><\/b><\/p>\n<p>Para\u00a0 realizar sua inscri\u00e7\u00e3o e pagamento online, entre no site www.evtur.com.br\u00a0 e click em Agenda de Cursos<\/p>\n<p><b> <\/b><b>Carga Hor\u00e1ria<\/b>: <b>8 horas<\/b>\/aula<\/p>\n<p>Inclui: Coffee Breaks e Certificado.<\/p>\n<p><b>Ministrante:<\/b><b> <\/b><b>Giancarlo Proen\u00e7a<\/b>, atua como profissional de intelig\u00eancia e estrat\u00e9gia desde 2003 e tem MBA em Gest\u00e3o Estrat\u00e9gica pela Funda\u00e7\u00e3o Get\u00falio Vargas ? Rio de Janeiro. Ex-diretor da Knowtec Intelig\u00eancia, atualmente \u00e9 diretor da Link Estrat\u00e9gia, consultoria com sede em Florian\u00f3polis. Participou de mais de 400 horas de treinamento em intelig\u00eancia e estrat\u00e9gia no Brasil e no exterior com renomados profissionais, como Ben Gilad, Ken Potter e Leonard Fuld. Ministrou mais de 150 horas de treinamento e workshops de intelig\u00eancia no Brasil, para clientes como Tigre Tubos e Conex\u00f5es, D\u00edgitro Tecnologia, Senac\/SC, Sebrae\/NA, Sebrae\/SC, ABIH\/NA, entre outros.<\/p>\n<p><b>Local<\/b>: Hotel Faial ? Rua Felipe Schmidt, 603 ? Florian\u00f3polis\/SC<\/p>\n<p>Para solicitar pagamento parcelado no cart\u00e3o de cr\u00e9dito ou atrav\u00e9s de boleto banc\u00e1rio favor entrar em contato.<\/p>\n<p>Para duas ou mais inscri\u00e7\u00f5es da mesma empresa\/institui\u00e7\u00e3o consulte descontos especiais.<\/p>\n<p>*** O curso acontece havendo minimo de 25 inscri\u00e7\u00f5es.<\/p>\n<p>Caso esse n\u00famero n\u00e3o seja atingido o curso n\u00e3o ser\u00e1 realizado e devolveremos o valor pago aos que se inscreveram.<\/p>\n<\/div>\n<div dir=\"ltr\"><\/div>\n<p><span style=\"font-family:Verdana;\">Atenciosamente,<\/span><b> <\/b><\/p>\n<div>\n<p><b>Simone de Avila<\/b><b><i>, EVTur Corporativo<\/i><\/b><b> Tel: <\/b><a target=\"_blank\" rel=\"noopener noreferrer\"><b>48 3284-1005<\/b><\/a><b> | Mobile: <a href=\"tel:48%209119-1005\" target=\"_blank\" rel=\"noopener noreferrer\">48 9119-1005<\/a> <\/b><b>evtur@evtur.com.br<\/b><b> | <\/b><b>www.evtur.com.br<\/b><\/p>\n<p><b>Elizabeth H. Braga Moreira <a href=\"tel:%2848%29%209983-2871\" target=\"_blank\" rel=\"noopener noreferrer\">(48) 9983-2871<\/a><\/b><\/p>\n<p><b>Bibliotec\u00e1ria CRB 14\/102<\/b><\/p>\n<p><b>bethbragamoreira@gmail.com<\/b><\/p>\n<\/div>\n<p><strong><em><span style=\"font-size:large;\"><span style=\"color:#d24726;\">Agenda de Cursos:<\/span><\/span><\/em><\/strong><\/p>\n<p><b>1. Capta\u00e7\u00e3o de recursos para projetos.<\/b><\/p>\n<p><b>Ministrante<\/b>: Rejane Gontow<\/p>\n<p><b>Data<\/b>: <b>27 de abril ? 8h30 \u00e0s 18h30.<\/b><\/p>\n<p><b>Publico alvo:<\/b> profissionais da informa\u00e7\u00e3o ( bibliotec\u00e1rios, documentalistas, arquivistas, cientistas da informa\u00e7\u00e3o, entre outros) e interessados em Capta\u00e7\u00e3o de Recursos para Projetos.<\/p>\n<p><b>Informa\u00e7\u00f5es e inscri\u00e7\u00f5es clique aqui<\/b>: <span style=\"color:#0000ff;\"><\/span><\/p>\n<p><b>2\u00a0 Empreendedorismo para profissionais da informa\u00e7\u00e3o<\/b>.<\/p>\n<p><b>Ministrante<\/b>: Nelson Oliveira da Silva<\/p>\n<p><b>Data<\/b>: <b>10 de maio de 2013 &#8211;\u00a0 08h30 \u00e0s 18h30<\/b>.<\/p>\n<p><b>Publico alvo:<\/b> profissionais da informa\u00e7\u00e3o ( bibliotec\u00e1rios, documentalistas, arquivistas, cientistas da informa\u00e7\u00e3o,) e interessados em Empreendedorismo.<\/p>\n<p><b>Informa\u00e7\u00f5es e inscri\u00e7\u00f5es clique aqui<\/b>: <span style=\"color:#0000ff;\"><\/span><\/p>\n<p><b><span style=\"font-family:Tahoma;\"><strong>3.<\/strong><\/span>\u00a0 <\/b><b>Biblioteca Universit\u00e1ria: qualidade e avalia\u00e7\u00e3o do MEC <\/b><\/p>\n<p><b>Ministrante<\/b>: Rosa Maria G. Beretta<\/p>\n<p><b>Data: 24 de maio\u00a0 ? 8h30 \u00e0s 18h30.<\/b><\/p>\n<p><b>Publico alvo:<\/b> profissionais e estudantes de Biblioteconomia interessados em aperfei\u00e7oar os conhecimentos nos processos avaliativos do MEC.<\/p>\n<p><b>Informa\u00e7\u00f5es e inscri\u00e7\u00f5es clique aqui<\/b>: <span style=\"color:#0000ff;\"><\/span><\/p>\n<p><b>4. Gera\u00e7\u00e3o digital e servi\u00e7os de Informa\u00e7\u00e3o.<\/b><\/p>\n<p><b>Ministrante<\/b>: Rosa Maria G. Beretta<\/p>\n<p><b>Datas<\/b>: <b>25 de maio\u00a0 &#8211;\u00a0\u00a0 8h30 \u00e0s 18h30.<\/b><\/p>\n<p><b>Publico alvo:<\/b> profissionais da informa\u00e7\u00e3o ( bibliotec\u00e1rios, documentalistas, arquivistas, cientistas da informa\u00e7\u00e3o, entre outros )<\/p>\n<p><b>Informa\u00e7\u00f5es e inscri\u00e7\u00f5es clique aqui<\/b>: <span style=\"color:#0000ff;\"><\/span><\/p>\n<p><b>5. Pessoas o principal ativo das organiza\u00e7\u00f5es &#8211; Gest\u00e3o de Pessoas.<\/b><\/p>\n<p><b>Ministrante:<\/b> Rejane Gontow<\/p>\n<p><b>Data:<\/b> <b>08 de junho ? 8h30 \u00e0s 18h30.<\/b><\/p>\n<p><b>Publico alvo:<\/b> profissionais da informa\u00e7\u00e3o ( bibliotec\u00e1rios, documentalistas, arquivistas, cientistas da informa\u00e7\u00e3o, entre outros) e interessados em Gest\u00e3o de Pessoas.<\/p>\n<p><b>Informa\u00e7\u00f5es e inscri\u00e7\u00f5es clique aqui:<\/b> <span style=\"color:#0000ff;\"><\/span><\/p>\n<\/div>\n<\/div>\n<\/div>\n<\/div>\n<\/div>\n<\/div>\n<\/div>\n<\/div>\n<\/div>\n<\/div>\n<\/div>\n<\/div>\n<\/div>\n<\/div>\n","protected":false},"excerpt":{"rendered":"<p>Divulgando cursos recebidos por e-mail. ************* Prezados, Convidamos voc\u00eas para participarem dos Cursos que a EVTur Corporativo\u00a0 programou para o 1\u00ba semestre de 2013. Verifiquem nossa\u00a0 Agenda de Cursos abaixo\u00a0 e\/ou acesse site www.evtur.com.br e click Agenda de Cursos. Curso: Coleta e Monitoramento de Informa\u00e7\u00e3o Estrat\u00e9gica. Hotel Faial, Florian\u00f3polis &#8211; SC Data: 19\/04\/2013 das 8:30 &#8230; <a title=\"Curso: Coleta e Monitoramento de Informa\u00e7\u00e3o Estrat\u00e9gica\" class=\"read-more\" href=\"https:\/\/mundobibliotecario.com.br\/index.php\/2013\/04\/18\/curso-coleta-e-monitoramento-de-informacao-estrategica\/\" aria-label=\"Read more about Curso: Coleta e Monitoramento de Informa\u00e7\u00e3o Estrat\u00e9gica\">Ler mais<\/a><\/p>\n","protected":false},"author":1,"featured_media":0,"comment_status":"open","ping_status":"open","sticky":false,"template":"","format":"standard","meta":{"_mi_skip_tracking":false,"_exactmetrics_sitenote_active":false,"_exactmetrics_sitenote_note":"","_exactmetrics_sitenote_category":0,"_jetpack_newsletter_access":"","footnotes":""},"categories":[252],"tags":[373,827,1069],"class_list":["post-3084","post","type-post","status-publish","format-standard","hentry","category-curso","tag-biblioteca-universitaria","tag-empreendedorismo","tag-informacao-estrategica"],"jetpack_featured_media_url":"","jetpack_sharing_enabled":true,"jetpack-related-posts":[{"id":2138,"url":"https:\/\/mundobibliotecario.com.br\/index.php\/2011\/07\/28\/cursos-para-bibliotecarios\/","url_meta":{"origin":3084,"position":0},"title":"Cursos para bibliotec\u00e1rios!","author":"mundobibliotecario","date":"28\/07\/2011","format":false,"excerpt":"A Content Mind - Educa\u00e7\u00e3o Continuada On-Line para Profissionais da Informa\u00e7\u00e3o promover\u00e1 os seguintes cursos em agosto de 2011: \u00a0 UNIDADES DE INFORMA\u00c7\u00c3O NA WEB 2.0 - Conceitos, estrat\u00e9gias e pr\u00e1ticas \u00a0 BOAS PR\u00c1TICAS NA PRESERVA\u00c7\u00c3O DE DOCUMENTOS E INFORMA\u00c7\u00d5ES DIGITAIS \u00a0 Taxonomia: do Planejamento\u00a0a Implanta\u00e7\u00e3o \u00a0 Confira todos os\u2026","rel":"","context":"Em &quot;Curso&quot;","block_context":{"text":"Curso","link":"https:\/\/mundobibliotecario.com.br\/index.php\/category\/curso\/"},"img":{"alt_text":"","src":"","width":0,"height":0},"classes":[]},{"id":417,"url":"https:\/\/mundobibliotecario.com.br\/index.php\/2009\/02\/26\/cursos-content-digital-2009\/","url_meta":{"origin":3084,"position":1},"title":"Cursos Content Digital 2009","author":"mundobibliotecario","date":"26\/02\/2009","format":false,"excerpt":"CURSOS CONTENT DIGITAL 2009 (www.contentdigital.com.br) PROGRAME-SE para aproveitar os cursos de seu interesse, em nossa grade enriquecida de cursos em gest\u00e3o de conte\u00fado , gest\u00e3o do conhecimento e ambientes digitais, com consultores que est\u00e3o nas linhas de frente em suas \u00e1reas de atua\u00e7\u00e3o. RESERVE desde j\u00e1 sua vaga no curso\u2026","rel":"","context":"Em &quot;Curso&quot;","block_context":{"text":"Curso","link":"https:\/\/mundobibliotecario.com.br\/index.php\/category\/curso\/"},"img":{"alt_text":"","src":"","width":0,"height":0},"classes":[]},{"id":3727,"url":"https:\/\/mundobibliotecario.com.br\/index.php\/2015\/05\/30\/curso-empreendedorismo-para-profissionais-da-informacao-sp\/","url_meta":{"origin":3084,"position":2},"title":"Curso Empreendedorismo para Profissionais da Informa\u00e7\u00e3o \u2013 SP","author":"mundobibliotecario","date":"30\/05\/2015","format":false,"excerpt":"J\u00e1 fiz o curso e recomendo! *** Contribui\u00e7\u00e3o de Nelson Oliveira da Silva 19 de maio de 2015 Data: 04\/07\/2015 (s\u00e1bado) Hor\u00e1rio: das 09 \u00e0s 18 horas Local: ESPA\u00c7O PAULISTA DE EVENTOS Av. Paulista, 807 \u2013 17\u00ba andar, conjunto 1720 \u2013 Cerqueira C\u00e9sar \u2013 S\u00e3o Paulo \u2013 SP Vagas: 20\u2026","rel":"","context":"Em &quot;Curso&quot;","block_context":{"text":"Curso","link":"https:\/\/mundobibliotecario.com.br\/index.php\/category\/curso\/"},"img":{"alt_text":"","src":"","width":0,"height":0},"classes":[]},{"id":1257,"url":"https:\/\/mundobibliotecario.com.br\/index.php\/2010\/05\/04\/curso-de-especializacao-em-gestao-de-bibliotecas-universitarias\/","url_meta":{"origin":3084,"position":3},"title":"Curso de especializa\u00e7\u00e3o em Gest\u00e3o de Bibliotecas Universit\u00e1rias","author":"mundobibliotecario","date":"04\/05\/2010","format":false,"excerpt":"Inscri\u00e7\u00f5es: de 26\/04 a 26\/05\/2010.\u00a0 P\u00fablico Alvo: graduados em Biblioteconomia, Gest\u00e3o da Informa\u00e7\u00e3o e Ci\u00eancia da Informa\u00e7\u00e3o. Objetivos: O curso tem como objetivos capacitar os alunos a gerenciar bibliotecas universit\u00e1rias, utilizando as tecnologias de Informa\u00e7\u00e3o; gerenciar as avalia\u00e7\u00f5es institucionais externas; conhecer e aplicar metodologias do planejamento estrat\u00e9gico em Bibliotecas universit\u00e1rias;\u2026","rel":"","context":"Em &quot;Curso&quot;","block_context":{"text":"Curso","link":"https:\/\/mundobibliotecario.com.br\/index.php\/category\/curso\/"},"img":{"alt_text":"","src":"","width":0,"height":0},"classes":[]},{"id":2802,"url":"https:\/\/mundobibliotecario.com.br\/index.php\/2013\/01\/21\/cursos-livres-em-biblioteconomia-e-ciencia-da-informacao-em-2013\/","url_meta":{"origin":3084,"position":4},"title":"Cursos livres em Biblioteconomia e Ci\u00eancia da Informa\u00e7\u00e3o em 2013","author":"mundobibliotecario","date":"21\/01\/2013","format":false,"excerpt":"Curso\u00a0\u00a0\u00a0\u00a0\u00a0\u00a0\u00a0\u00a0\u00a0\u00a0\u00a0\u00a0\u00a0\u00a0\u00a0\u00a0\u00a0\u00a0\u00a0\u00a0\u00a0\u00a0\u00a0\u00a0\u00a0\u00a0\u00a0\u00a0\u00a0\u00a0\u00a0\u00a0\u00a0\u00a0\u00a0\u00a0\u00a0\u00a0\u00a0\u00a0\u00a0\u00a0\u00a0\u00a0\u00a0 Quem Ensina \u00e9 Gente que Faz Datas A\u00e7\u00e3o Cultural em Unidades de Informa\u00e7\u00e3o Dolores Biruel\u00a0\u00a0\u00a0\u00a0\u00a0\u00a0\u00a0\u00a0\u00a0\u00a0\u00a0\u00a0\u00a0\u00a0\u00a0\u00a0\u00a0\u00a0\u00a0\u00a0\u00a0\u00a0\u00a0\u00a0\u00a0\u00a0\u00a0\u00a0\u00a0\u00a0\u00a0\u00a0\u00a0\u00a0\u00a0\u00a0\u00a0\u00a0\u00a0\u00a0\u00a0\u00a0 25 a 27 de\u00a0 de Fevereiro de 2013 DSpace: Desenvolvimento e Administra\u00e7\u00e3o de Reposit\u00f3rios Digitais\u00a0\u00a0\u00a0 Rodrigo Prado e Vania Santos 20 a 22 de Fevereiro de 2013 Gest\u00e3o por Compet\u00eancias em Unidades de Informa\u00e7\u00e3o\u00a0\u00a0\u00a0\u00a0\u00a0\u00a0\u00a0\u2026","rel":"","context":"Em &quot;Curso&quot;","block_context":{"text":"Curso","link":"https:\/\/mundobibliotecario.com.br\/index.php\/category\/curso\/"},"img":{"alt_text":"","src":"","width":0,"height":0},"classes":[]},{"id":415,"url":"https:\/\/mundobibliotecario.com.br\/index.php\/2009\/02\/26\/curso-basico-de-propriedade-intelectual-em-sao-carlos\/","url_meta":{"origin":3084,"position":5},"title":"Curso B\u00e1sico de Propriedade Intelectual em S\u00e3o Carlos","author":"mundobibliotecario","date":"26\/02\/2009","format":false,"excerpt":"O objetivo deste curso \u00e9 o de apresentar uma vis\u00e3o atualizada dos mecanismos de prote\u00e7\u00e3o das cria\u00e7\u00f5es intelectuais, enfocando o arcabou\u00e7o legal ora dispon\u00edvel e as atribui\u00e7\u00f5es legais do INPI, com \u00eanfase na sua import\u00e2ncia como agente estrat\u00e9gico no processo prote\u00e7\u00e3o ao conhecimento, contribuindo para a inova\u00e7\u00e3o e o desenvolvimento\u2026","rel":"","context":"Em &quot;Curso&quot;","block_context":{"text":"Curso","link":"https:\/\/mundobibliotecario.com.br\/index.php\/category\/curso\/"},"img":{"alt_text":"","src":"","width":0,"height":0},"classes":[]}],"jetpack_likes_enabled":true,"jetpack_shortlink":"https:\/\/wp.me\/pcbzwa-NK","_links":{"self":[{"href":"https:\/\/mundobibliotecario.com.br\/index.php\/wp-json\/wp\/v2\/posts\/3084","targetHints":{"allow":["GET"]}}],"collection":[{"href":"https:\/\/mundobibliotecario.com.br\/index.php\/wp-json\/wp\/v2\/posts"}],"about":[{"href":"https:\/\/mundobibliotecario.com.br\/index.php\/wp-json\/wp\/v2\/types\/post"}],"author":[{"embeddable":true,"href":"https:\/\/mundobibliotecario.com.br\/index.php\/wp-json\/wp\/v2\/users\/1"}],"replies":[{"embeddable":true,"href":"https:\/\/mundobibliotecario.com.br\/index.php\/wp-json\/wp\/v2\/comments?post=3084"}],"version-history":[{"count":5,"href":"https:\/\/mundobibliotecario.com.br\/index.php\/wp-json\/wp\/v2\/posts\/3084\/revisions"}],"predecessor-version":[{"id":7291,"href":"https:\/\/mundobibliotecario.com.br\/index.php\/wp-json\/wp\/v2\/posts\/3084\/revisions\/7291"}],"wp:attachment":[{"href":"https:\/\/mundobibliotecario.com.br\/index.php\/wp-json\/wp\/v2\/media?parent=3084"}],"wp:term":[{"taxonomy":"category","embeddable":true,"href":"https:\/\/mundobibliotecario.com.br\/index.php\/wp-json\/wp\/v2\/categories?post=3084"},{"taxonomy":"post_tag","embeddable":true,"href":"https:\/\/mundobibliotecario.com.br\/index.php\/wp-json\/wp\/v2\/tags?post=3084"}],"curies":[{"name":"wp","href":"https:\/\/api.w.org\/{rel}","templated":true}]}}