{"id":3092,"date":"2013-04-21T16:25:03","date_gmt":"2013-04-21T19:25:03","guid":{"rendered":"http:\/\/mundobibliotecario.wordpress.com\/?p=3092"},"modified":"2020-07-21T23:09:36","modified_gmt":"2020-07-22T02:09:36","slug":"registrar-patentes-do-produto-gera-vantagem-comercial","status":"publish","type":"post","link":"https:\/\/mundobibliotecario.com.br\/index.php\/2013\/04\/21\/registrar-patentes-do-produto-gera-vantagem-comercial\/","title":{"rendered":"Registrar patentes do produto gera vantagem comercial"},"content":{"rendered":"<p>Minifly da Trike \u00cdcaros: pedido de patente do novo produto j\u00e1 foi protocolado, mas empresa pode esperar anos pela aprova\u00e7\u00e3o<\/p>\n<p>\u00e3o Paulo \u2013 Da ind\u00fastria fonogr\u00e1fica at\u00e9 a aerodesportiva, a dissemina\u00e7\u00e3o da tecnologia tem ampliado a preocupa\u00e7\u00e3o das empresas com o registro de suas\u00a0<strong><a href=\"http:\/\/exame.abril.com.br\/topicos\/ideias\" target=\"_blank\" rel=\"noopener noreferrer\">ideias<\/a><\/strong>, marcas e\u00a0<strong><a href=\"http:\/\/exame.abril.com.br\/topicos\/patentes\" target=\"_blank\" rel=\"noopener noreferrer\">patentes<\/a><\/strong>.<\/p>\n<p>A Trike \u00cdcaros, empresa fabricante de trikes \u2013 ultraleve pendular -, sentiu na pele essa preocupa\u00e7\u00e3o com a propriedade intelectual. \u201cV\u00edamos a\u00a0<strong><a href=\"http:\/\/exame.abril.com.br\/topicos\/concorrencia\" target=\"_blank\" rel=\"noopener noreferrer\">concorr\u00eancia<\/a><\/strong>fabricando nosso produtos e ainda utilizando nosso nome, mencionando como \u2018similar ao trike da \u00cdcaros\u2019. Percebemos que o mercado estava drenando um poss\u00edvel resultado nosso\u201d, diz Tathiane Favero, diretora comercial da empresa.<\/p>\n<p>Diante desse cen\u00e1rio, a empresa pelo registro de propriedade intelectual do modelo \u00d4mega Topless de asa, concebido pela \u00cdcaros. O resultado foi positivo.<\/p>\n<p>\u201cAcabamos coibindo um pouco a a\u00e7\u00e3o dessas empresas que replicavam nossos produtos. At\u00e9 os an\u00fancios da internet foram retirados\u201d, afirma.<\/p>\n<p>Na pr\u00e1tica o resultado \u00e9 vis\u00edvel tamb\u00e9m nos n\u00fameros: as vendas do modelo e de servi\u00e7os de manuten\u00e7\u00e3o cresceram 55% em 2012 frente ao ano anterior. \u201cOs clientes que acabavam indo para o mercado paralelo, passaram a executar os servi\u00e7os com a gente.\u201d<\/p>\n<p>Propriedade intelectual<\/p>\n<p>O registro da propriedade intelectual sobre algum produto garante uma seguran\u00e7a comercial para a empresa criadora \u2013 al\u00e9m de servir como baliza par ao mercado.<\/p>\n<p>Segundo Vin\u00edcius Moreira, diretor da AG Moreira Marcas e Patentes afirma que, via de regra, o investimento no registro n\u00e3o impacta sobre o pre\u00e7o do produto, uma vez que o custo \u00e9 baixo \u2013 por volta de R$ 2 mil.<\/p>\n<p>\u201cMuitas vezes, empresas levam 5 ou 6 anos desenvolvendo um produto e acaba perdendo dinheiro do investimento por causa da falta de registro e consequente aumento da concorr\u00eancia\u201d, diz.<\/p>\n<p>Por aqui, a estrutura regulat\u00f3ria para registro de marcas e patentes ainda \u00e9 rudimentar. \u201cO INPI ainda \u00e9 um \u00f3rg\u00e3o muito lento\u201d, diz Moreira. \u201cS\u00e3o 120 mil processos parados na institui\u00e7\u00e3o, o que faz com que o registro de patentes leve at\u00e9 10 anos para ser efetivado.\u201c<\/p>\n<p>Dispon\u00edvel em: &lt;<a href=\"http:\/\/exame.abril.com.br\/gestao\/noticias\/registrar-patentes-do-produto-gera-vantagem-comercial\">http:\/\/exame.abril.com.br\/gestao\/noticias\/registrar-patentes-do-produto-gera-vantagem-comercial<\/a>&gt;. Acesso em: 21 abr. 2013.<\/p>\n","protected":false},"excerpt":{"rendered":"<p>Minifly da Trike \u00cdcaros: pedido de patente do novo produto j\u00e1 foi protocolado, mas empresa pode esperar anos pela aprova\u00e7\u00e3o \u00e3o Paulo \u2013 Da ind\u00fastria fonogr\u00e1fica at\u00e9 a aerodesportiva, a dissemina\u00e7\u00e3o da tecnologia tem ampliado a preocupa\u00e7\u00e3o das empresas com o registro de suas\u00a0ideias, marcas e\u00a0patentes. A Trike \u00cdcaros, empresa fabricante de trikes \u2013 ultraleve &#8230; <a title=\"Registrar patentes do produto gera vantagem comercial\" class=\"read-more\" href=\"https:\/\/mundobibliotecario.com.br\/index.php\/2013\/04\/21\/registrar-patentes-do-produto-gera-vantagem-comercial\/\" aria-label=\"Read more about Registrar patentes do produto gera vantagem comercial\">Ler mais<\/a><\/p>\n","protected":false},"author":1,"featured_media":0,"comment_status":"open","ping_status":"open","sticky":false,"template":"","format":"standard","meta":{"_mi_skip_tracking":false,"_exactmetrics_sitenote_active":false,"_exactmetrics_sitenote_note":"","_exactmetrics_sitenote_category":0,"_jetpack_newsletter_access":"","footnotes":""},"categories":[60],"tags":[396],"class_list":["post-3092","post","type-post","status-publish","format-standard","hentry","category-noticias","tag-patente"],"jetpack_featured_media_url":"","jetpack_sharing_enabled":true,"jetpack-related-posts":[{"id":642,"url":"https:\/\/mundobibliotecario.com.br\/index.php\/2009\/05\/16\/a-antiga-historia-da-sae-e-das-patentes\/","url_meta":{"origin":3092,"position":0},"title":"A antiga hist\u00f3ria da SAE e das patentes","author":"mundobibliotecario","date":"16\/05\/2009","format":false,"excerpt":"SAE BRASIL - ENGENHARIA AUTOMOTIVA, n. 37, jan\/fev\/mar 2009 T\u00e3o importante quanto promover a troca de informa\u00e7\u00f5es t\u00e9cnicas, e difundi-Ias nos meios especializados, \u00e9 proteg\u00ea-las por meio de patentes que garantam o retorno financeiro da ind\u00fastria da mobilidade Marc Hargen Ehlers \u00c9 not\u00f3rio que a SAE, fundada h\u00e1 mais de\u2026","rel":"","context":"Em &quot;Not\u00edcias&quot;","block_context":{"text":"Not\u00edcias","link":"https:\/\/mundobibliotecario.com.br\/index.php\/category\/noticias\/"},"img":{"alt_text":"","src":"","width":0,"height":0},"classes":[]},{"id":2293,"url":"https:\/\/mundobibliotecario.com.br\/index.php\/2011\/10\/22\/cursos-de-busca-de-patentes-com-foco-no-questel-orbit\/","url_meta":{"origin":3092,"position":1},"title":"Cursos de Busca de Patentes, com foco no Questel Orbit","author":"mundobibliotecario","date":"22\/10\/2011","format":false,"excerpt":"Divulgando os cursos de busca de patentes que s\u00e3o abertos e gratuitos. Informa\u00e7\u00f5es sobre os eventos podem ser acessadas no site: www.axonal.com.br\/capacitacao. Nele est\u00e3o dispon\u00edveis as programa\u00e7\u00f5es, apostilas, bem como materiais did\u00e1ticos para as oficinas pr\u00e1ticas. Os objetivos incluem a dissemina\u00e7\u00e3o de conhecimentos sobre o uso de informa\u00e7\u00f5es contidas em\u2026","rel":"","context":"Em &quot;Curso&quot;","block_context":{"text":"Curso","link":"https:\/\/mundobibliotecario.com.br\/index.php\/category\/curso\/"},"img":{"alt_text":"","src":"","width":0,"height":0},"classes":[]},{"id":629,"url":"https:\/\/mundobibliotecario.com.br\/index.php\/2009\/05\/13\/iii-semana-usp-da-propriedade-intelectual\/","url_meta":{"origin":3092,"position":2},"title":"III Semana USP da Propriedade Intelectual","author":"mundobibliotecario","date":"13\/05\/2009","format":false,"excerpt":"A Assessoria Jur\u00eddica da Ag\u00eancia USP de Inova\u00e7\u00e3o tem o prazer de convid\u00e1-los para a III Semana USP da Propriedade Intelectual, a ocorrer nos dias 25 a 29 de maio, conforme documento abaixo ou consulta ao site da Ag\u00eancia USP - www.inovacao.usp.br. III SEMANA USP DA PROPRIEDADE INTELECTUAL \u2013 25\u2026","rel":"","context":"Em &quot;Eventos&quot;","block_context":{"text":"Eventos","link":"https:\/\/mundobibliotecario.com.br\/index.php\/category\/eventos\/"},"img":{"alt_text":"","src":"","width":0,"height":0},"classes":[]},{"id":3600,"url":"https:\/\/mundobibliotecario.com.br\/index.php\/2014\/10\/02\/cnpq-estimula-a-protecao-do-conhecimento-com-nova-politica-de-propriedade-intelectual\/","url_meta":{"origin":3092,"position":3},"title":"CNPq estimula a prote\u00e7\u00e3o do conhecimento com nova pol\u00edtica de Propriedade Intelectual","author":"mundobibliotecario","date":"02\/10\/2014","format":false,"excerpt":"As novas regras estimulam a inova\u00e7\u00e3o e facilitam as rela\u00e7\u00f5es entre\u00a0universidades, empresas e pesquisadores. Com a publica\u00e7\u00e3o da Resolu\u00e7\u00e3o Normativa N\u00ba 034, de 01 de setembro de 2014, o Conselho Nacional de Desenvolvimento Cient\u00edfico e Tecnol\u00f3gico (CNPq) estabelece uma nova pol\u00edtica de Propriedade Intelectual, com os objetivos de favorecer o\u2026","rel":"","context":"Em &quot;Not\u00edcias&quot;","block_context":{"text":"Not\u00edcias","link":"https:\/\/mundobibliotecario.com.br\/index.php\/category\/noticias\/"},"img":{"alt_text":"","src":"","width":0,"height":0},"classes":[]},{"id":790,"url":"https:\/\/mundobibliotecario.com.br\/index.php\/2009\/08\/06\/unesp-oferece-curso-sobre-propriedade-intelectual\/","url_meta":{"origin":3092,"position":4},"title":"Unesp oferece curso sobre propriedade intelectual","author":"mundobibliotecario","date":"06\/08\/2009","format":false,"excerpt":"Ag\u00eancia Unesp de Inova\u00e7\u00e3o oferece dois cursos gratuitos sobre propriedade intelectual para pesquisadores nos campus de Bauru e Araraquara 5\/8\/2009 Ag\u00eancia FAPESP \u2013 A Universidade Estadual Paulista (Unesp) oferece dois cursos gratuitos sobre propriedade intelectual para pesquisadores. O curso \u00e9 direcionado a docentes e p\u00f3s-graduandos da Unesp e de outras\u2026","rel":"","context":"Em &quot;Eventos&quot;","block_context":{"text":"Eventos","link":"https:\/\/mundobibliotecario.com.br\/index.php\/category\/eventos\/"},"img":{"alt_text":"","src":"","width":0,"height":0},"classes":[]},{"id":547,"url":"https:\/\/mundobibliotecario.com.br\/index.php\/2009\/04\/17\/google-tem-problemas-com-biblioteca-digital\/","url_meta":{"origin":3092,"position":5},"title":"Google tem problemas com biblioteca digital?","author":"mundobibliotecario","date":"17\/04\/2009","format":false,"excerpt":"Autor: Bruno Ferrari. Fonte: INFO Online URL: Um dos grandes esfor\u00e7os atuais do Google tem sido o escaneamento de milh\u00f5es de livros para criar um grande acervo digital online. A empresa americana j\u00e1 escaneou mais de 7 milh\u00f5es de livros \u00f3rf\u00e3os de bibliotecas americanas. O objetivo \u00e9 torn\u00e1-los dispon\u00edveis para\u2026","rel":"","context":"Em &quot;Not\u00edcias&quot;","block_context":{"text":"Not\u00edcias","link":"https:\/\/mundobibliotecario.com.br\/index.php\/category\/noticias\/"},"img":{"alt_text":"","src":"","width":0,"height":0},"classes":[]}],"jetpack_likes_enabled":true,"jetpack_shortlink":"https:\/\/wp.me\/pcbzwa-NS","_links":{"self":[{"href":"https:\/\/mundobibliotecario.com.br\/index.php\/wp-json\/wp\/v2\/posts\/3092","targetHints":{"allow":["GET"]}}],"collection":[{"href":"https:\/\/mundobibliotecario.com.br\/index.php\/wp-json\/wp\/v2\/posts"}],"about":[{"href":"https:\/\/mundobibliotecario.com.br\/index.php\/wp-json\/wp\/v2\/types\/post"}],"author":[{"embeddable":true,"href":"https:\/\/mundobibliotecario.com.br\/index.php\/wp-json\/wp\/v2\/users\/1"}],"replies":[{"embeddable":true,"href":"https:\/\/mundobibliotecario.com.br\/index.php\/wp-json\/wp\/v2\/comments?post=3092"}],"version-history":[{"count":1,"href":"https:\/\/mundobibliotecario.com.br\/index.php\/wp-json\/wp\/v2\/posts\/3092\/revisions"}],"predecessor-version":[{"id":6010,"href":"https:\/\/mundobibliotecario.com.br\/index.php\/wp-json\/wp\/v2\/posts\/3092\/revisions\/6010"}],"wp:attachment":[{"href":"https:\/\/mundobibliotecario.com.br\/index.php\/wp-json\/wp\/v2\/media?parent=3092"}],"wp:term":[{"taxonomy":"category","embeddable":true,"href":"https:\/\/mundobibliotecario.com.br\/index.php\/wp-json\/wp\/v2\/categories?post=3092"},{"taxonomy":"post_tag","embeddable":true,"href":"https:\/\/mundobibliotecario.com.br\/index.php\/wp-json\/wp\/v2\/tags?post=3092"}],"curies":[{"name":"wp","href":"https:\/\/api.w.org\/{rel}","templated":true}]}}