{"id":3145,"date":"2013-06-26T19:57:25","date_gmt":"2013-06-26T22:57:25","guid":{"rendered":"http:\/\/mundobibliotecario.wordpress.com\/?p=3145"},"modified":"2013-06-26T19:57:25","modified_gmt":"2013-06-26T22:57:25","slug":"a-falta-de-habito-de-leitura-e-o-analfabetismo-funcional","status":"publish","type":"post","link":"https:\/\/mundobibliotecario.com.br\/index.php\/2013\/06\/26\/a-falta-de-habito-de-leitura-e-o-analfabetismo-funcional\/","title":{"rendered":"A falta de h\u00e1bito de leitura e o analfabetismo funcional"},"content":{"rendered":"<p>Professor Marcus Garcia &#8211; Portal Segs &#8211; 20\/05\/13<\/p>\n<p>Segundo a ANL (Associa\u00e7\u00e3o Nacional de Livrarias), o Brasil fechou 2012 com 3.481 livrarias em opera\u00e7\u00e3o. Destas, 49% est\u00e3o instaladas nas capitais dos 27 estados e no Distrito Federal, e as 51% restantes nas demais cidades. Como temos aproximadamente 197 milh\u00f5es de habitantes, isto significa que h\u00e1 cerca de 1,8 livrarias para cada 100 mil habitantes.<\/p>\n<p>Os dados do IDEB (\u00cdndice para o Desenvolvimento da Educa\u00e7\u00e3o B\u00e1sica) de 2012, divulgados pelo MEC, mostram que as 192.676 escolas de educa\u00e7\u00e3o b\u00e1sica no pa\u00eds atendem 50.545.050 alunos. Mas, apenas perto de 64 mil delas possuem bibliotecas. Ou seja, n\u00e3o chega a ter uma biblioteca para cada mil alunos. Isso se reflete, \u00e9 claro, no d\u00e9ficit de leitura do brasileiro.<\/p>\n<p>O Instituto Pr\u00f3-Livro realizou em 2011, um estudo no qual foram entrevistadas mais de 5 mil pessoas em 384 munic\u00edpios. O levantamento revelou que a m\u00e9dia de leitura do brasileiro \u00e9 de quatro livros\u00a0<a id=\"_GPLITA_0\" title=\"Click to Continue &gt; by Text-Enhance\" href=\"http:\/\/www.brasilquele.com.br\/2013\/05\/28\/a-falta-de-habito-de-leitura-e-o-analfabetismo-funcional#\">por ano<\/a>, sendo que, somente cerca de 50% da popula\u00e7\u00e3o brasileira cultiva o h\u00e1bito de leitura. Para fazer uma compara\u00e7\u00e3o com outros pa\u00edses, na Fran\u00e7a a m\u00e9dia \u00e9 de 12 livros por ano, na Espanha, 11, nos Estados Unidos, 10, na Argentina, seis, no Chile, cinco e na Col\u00f4mbia, dois. Na Noruega, maior IDH (\u00cdndice de Desenvolvimento Humano) do mundo, as pessoas leem cerca de 16 livros por ano. N\u00e3o \u00e9 um n\u00famero t\u00e3o alto comparado a outros pa\u00edses, mas impressiona o percentual da popula\u00e7\u00e3o que cultiva o h\u00e1bito da leitura, que \u00e9 de 96%.<\/p>\n<p>O incentivo dado ao estudante para ler deveria come\u00e7ar na escola, mas quase 70% delas sequer t\u00eam uma biblioteca. Com esta realidade, o que se pode esperar a n\u00e3o ser grande n\u00famero de analfabetos funcionais? Dados do Indicador de Analfabetismo Funcional, divulgados em julho de 2012, d\u00e3o conta que 20% dos brasileiros, de 15 a 49 anos, s\u00e3o analfabetos funcionais, ou seja, aquela pessoa que, apesar de conseguir ler as palavras, n\u00e3o consegue entender e, consequentemente, interpretar a mensagem de um texto de at\u00e9 10 linhas com at\u00e9 tr\u00eas par\u00e1grafos.<\/p>\n<p>A mudan\u00e7a dessa realidade depende de conscientiza\u00e7\u00e3o e sensibiliza\u00e7\u00e3o. Para desenvolver novos patamares intelectuais, culturais e profissionais, a pessoa precisa necessariamente ampliar seu cabedal de conhecimento, o que torna a leitura fundamental. A neuroci\u00eancia j\u00e1 pesquisou e afirmou que a capacidade do c\u00e9rebro humano \u00e9 muito grande, e uma vida inteira de estudo e leitura intensivos n\u00e3o seriam suficientes para esgotar uma pequena fra\u00e7\u00e3o de sua capacidade.<\/p>\n<p>Para cultivar o h\u00e1bito da leitura nas crian\u00e7as e nos jovens \u00e9 preciso que a fam\u00edlia e a escola fa\u00e7am sua parte. Hoje, existem obras de todos os g\u00eaneros que podem agradar at\u00e9 o mais c\u00e9tico dos leitores. Um bom come\u00e7o para despertar o interesse pode ser a conta\u00e7\u00e3o de hist\u00f3rias, seguida de teatrinho, di\u00e1logo e outras t\u00e9cnicas de intera\u00e7\u00e3o e incentivo \u00e0 leitura que podem ser iniciadas logo ap\u00f3s o nascimento da crian\u00e7a. Que tal come\u00e7ar trocando o brinquedo eletr\u00f4nico por um livro de banho ou um fantoche para os beb\u00eas?<\/p>\n<p>Para dizer o m\u00ednimo, parafrasearei Mark Twain, escritor e humorista norte-americano que viveu no s\u00e9culo XIX e escreveu aquele que \u00e9 considerado o maior romance americano \u201cAs Aventuras de Huckleberry Finn\u201d: &#8220;Quem n\u00e3o l\u00ea tem pouca vantagem sobre quem n\u00e3o sabe ler.&#8221;<br \/>\n* Professor Marcus Garcia possui forma\u00e7\u00e3o na \u00e1rea de Educa\u00e7\u00e3o e Tecnologia da Informa\u00e7\u00e3o, j\u00e1 escreveu 16 livros, entre eles \u00e9 autor e organizador da s\u00e9rie de livros A Escola No S\u00e9culo XXI. www.marcusgarcia.pro.br<\/p>\n<p>Dispon\u00edvel em: &lt;<a href=\"http:\/\/www.brasilquele.com.br\/2013\/05\/28\/a-falta-de-habito-de-leitura-e-o-analfabetismo-funcional\">http:\/\/www.brasilquele.com.br\/2013\/05\/28\/a-falta-de-habito-de-leitura-e-o-analfabetismo-funcional<\/a>&gt;. Acesso em: 26 jun. 2013.<\/p>\n","protected":false},"excerpt":{"rendered":"<p>Professor Marcus Garcia &#8211; Portal Segs &#8211; 20\/05\/13 Segundo a ANL (Associa\u00e7\u00e3o Nacional de Livrarias), o Brasil fechou 2012 com 3.481 livrarias em opera\u00e7\u00e3o. Destas, 49% est\u00e3o instaladas nas capitais dos 27 estados e no Distrito Federal, e as 51% restantes nas demais cidades. Como temos aproximadamente 197 milh\u00f5es de habitantes, isto significa que h\u00e1 &#8230; <a title=\"A falta de h\u00e1bito de leitura e o analfabetismo funcional\" class=\"read-more\" href=\"https:\/\/mundobibliotecario.com.br\/index.php\/2013\/06\/26\/a-falta-de-habito-de-leitura-e-o-analfabetismo-funcional\/\" aria-label=\"Read more about A falta de h\u00e1bito de leitura e o analfabetismo funcional\">Ler mais<\/a><\/p>\n","protected":false},"author":1,"featured_media":0,"comment_status":"open","ping_status":"open","sticky":false,"template":"","format":"standard","meta":{"_mi_skip_tracking":false,"_exactmetrics_sitenote_active":false,"_exactmetrics_sitenote_note":"","_exactmetrics_sitenote_category":0,"_jetpack_newsletter_access":"","footnotes":""},"categories":[60],"tags":[1076,8],"class_list":["post-3145","post","type-post","status-publish","format-standard","hentry","category-noticias","tag-analfabetismo-funcional","tag-leitura"],"jetpack_featured_media_url":"","jetpack_sharing_enabled":true,"jetpack-related-posts":[{"id":3609,"url":"https:\/\/mundobibliotecario.com.br\/index.php\/2014\/10\/10\/3609\/","url_meta":{"origin":3145,"position":0},"title":"Movimento Brasil Liter\u00e1rio - 28\/09\/2014\u2026","author":"mundobibliotecario","date":"10\/10\/2014","format":false,"excerpt":"Movimento Brasil Liter\u00e1rio - 28\/09\/2014 A Lei 12.244\/10 determina que todas as institui\u00e7\u00f5es de ensino do Brasil tenham uma biblioteca at\u00e9 2020. Al\u00e9m disso, bibliotecas em escolas s\u00e3o fundamentais para o atingimento das Metas 7 e 9 do Plano Nacional de Educa\u00e7\u00e3o (PNE) e converge com o Eixo 1 do\u2026","rel":"","context":"Em &quot;Not\u00edcias&quot;","block_context":{"text":"Not\u00edcias","link":"https:\/\/mundobibliotecario.com.br\/index.php\/category\/noticias\/"},"img":{"alt_text":"","src":"","width":0,"height":0},"classes":[]},{"id":1630,"url":"https:\/\/mundobibliotecario.com.br\/index.php\/2010\/12\/30\/leitura-e-aprendizado-frei-betto\/","url_meta":{"origin":3145,"position":1},"title":"LEITURA E APRENDIZADO Frei Betto","author":"mundobibliotecario","date":"30\/12\/2010","format":false,"excerpt":"4 09 2010 No Brasil se l\u00ea, em m\u00e9dia, 1,3 livro por ano. Nos EUA, 11; na Fran\u00e7a, 7; e na Argentina, 3,2. E h\u00e1 em nosso pa\u00eds 2.980 livrarias, uma para cada 64 mil habitantes. A Unesco considera razo\u00e1vel uma livraria para cada 10 mil habitantes. O Minist\u00e9rio da\u2026","rel":"","context":"Em &quot;Not\u00edcias&quot;","block_context":{"text":"Not\u00edcias","link":"https:\/\/mundobibliotecario.com.br\/index.php\/category\/noticias\/"},"img":{"alt_text":"","src":"","width":0,"height":0},"classes":[]},{"id":2792,"url":"https:\/\/mundobibliotecario.com.br\/index.php\/2013\/01\/13\/pronta-para-votacao-na-ce-proposta-que-obriga-escolas-a-terem-bibliotecas\/","url_meta":{"origin":3145,"position":2},"title":"Pronta para vota\u00e7\u00e3o na CE proposta que obriga escolas a terem bibliotecas","author":"mundobibliotecario","date":"13\/01\/2013","format":false,"excerpt":"Est\u00e1 pronta para entrar na pauta da Comiss\u00e3o de Educa\u00e7\u00e3o (CE)\u00a0proposta que obriga toda escolap\u00fablicas de ensino b\u00e1sico a manter biblioteca, com profissional capacitado a atender os alunos.\u00a0O\u00a0PLC 28\/2012, do deputado Sandes J\u00fanior (PP-GO),\u00a0acrescenta dois artigos \u00e0 Lei de Diretrizes e Bases da Educa\u00e7\u00e3o (Lei 9.394\/1996) na parte\u00a0que trata das\u00a0diretrizes\u2026","rel":"","context":"Em &quot;Not\u00edcias&quot;","block_context":{"text":"Not\u00edcias","link":"https:\/\/mundobibliotecario.com.br\/index.php\/category\/noticias\/"},"img":{"alt_text":"","src":"","width":0,"height":0},"classes":[]},{"id":5094,"url":"https:\/\/mundobibliotecario.com.br\/index.php\/2019\/01\/10\/bibliotecas-publicas-de-18-municipios-serao-modernizadas-com-apoio-do-governo-federal\/","url_meta":{"origin":3145,"position":3},"title":"Bibliotecas p\u00fablicas de 18 munic\u00edpios ser\u00e3o modernizadas com apoio do governo federal","author":"mundobibliotecario","date":"10\/01\/2019","format":false,"excerpt":"Vencedoras do Edital de Bibliotecas Digitais 2018, institui\u00e7\u00f5es de sete unidades federativas de todas as regi\u00f5es do Pa\u00eds receber\u00e3o R$ 100 mil publicado: 09\/01\/2019 17h03, \u00faltima modifica\u00e7\u00e3o: 09\/01\/2019 19h24 As comunidades de 18 munic\u00edpios de sete unidades federativas das cinco regi\u00f5es do Pa\u00eds passar\u00e3o a ter acesso a bibliotecas p\u00fablicas\u2026","rel":"","context":"Em &quot;Not\u00edcias&quot;","block_context":{"text":"Not\u00edcias","link":"https:\/\/mundobibliotecario.com.br\/index.php\/category\/noticias\/"},"img":{"alt_text":"","src":"","width":0,"height":0},"classes":[]},{"id":173,"url":"https:\/\/mundobibliotecario.com.br\/index.php\/2008\/11\/18\/rede-estadual-livro-trancado-a-sete-chaves\/","url_meta":{"origin":3145,"position":4},"title":"Rede estadual: livro trancado &#8216;a sete chaves&#8217;","author":"mundobibliotecario","date":"18\/11\/2008","format":false,"excerpt":"Secretaria lan\u00e7a pacote para resolver problemas em salas de leitura de 1,3 mil escolas na Grande SP Apesar de estudar em uma rede que tem como carro-chefe o programa pedag\u00f3gico \u201cLer e Escrever\u201d, os alunos de 1,3 mil escolas estaduais da Grande S\u00e3o Paulo nem sempre t\u00eam um local apropriado\u2026","rel":"","context":"Em &quot;Not\u00edcias&quot;","block_context":{"text":"Not\u00edcias","link":"https:\/\/mundobibliotecario.com.br\/index.php\/category\/noticias\/"},"img":{"alt_text":"","src":"","width":0,"height":0},"classes":[]},{"id":4833,"url":"https:\/\/mundobibliotecario.com.br\/index.php\/2008\/11\/18\/rede-estadual-livro-trancado-a-sete-chaves-2\/","url_meta":{"origin":3145,"position":5},"title":"Rede estadual: livro trancado &#039;a sete chaves&#039;","author":"mundobibliotecario","date":"18\/11\/2008","format":false,"excerpt":"Secretaria lan\u00e7a pacote para resolver problemas em salas de leitura de 1,3 mil escolas na Grande SP Apesar de estudar em uma rede que tem como carro-chefe o programa pedag\u00f3gico \u201cLer e Escrever\u201d, os alunos de 1,3 mil escolas estaduais da Grande S\u00e3o Paulo nem sempre t\u00eam um local apropriado\u2026","rel":"","context":"Em &quot;Not\u00edcias&quot;","block_context":{"text":"Not\u00edcias","link":"https:\/\/mundobibliotecario.com.br\/index.php\/category\/noticias\/"},"img":{"alt_text":"","src":"","width":0,"height":0},"classes":[]}],"jetpack_likes_enabled":true,"jetpack_shortlink":"https:\/\/wp.me\/pcbzwa-OJ","_links":{"self":[{"href":"https:\/\/mundobibliotecario.com.br\/index.php\/wp-json\/wp\/v2\/posts\/3145","targetHints":{"allow":["GET"]}}],"collection":[{"href":"https:\/\/mundobibliotecario.com.br\/index.php\/wp-json\/wp\/v2\/posts"}],"about":[{"href":"https:\/\/mundobibliotecario.com.br\/index.php\/wp-json\/wp\/v2\/types\/post"}],"author":[{"embeddable":true,"href":"https:\/\/mundobibliotecario.com.br\/index.php\/wp-json\/wp\/v2\/users\/1"}],"replies":[{"embeddable":true,"href":"https:\/\/mundobibliotecario.com.br\/index.php\/wp-json\/wp\/v2\/comments?post=3145"}],"version-history":[{"count":0,"href":"https:\/\/mundobibliotecario.com.br\/index.php\/wp-json\/wp\/v2\/posts\/3145\/revisions"}],"wp:attachment":[{"href":"https:\/\/mundobibliotecario.com.br\/index.php\/wp-json\/wp\/v2\/media?parent=3145"}],"wp:term":[{"taxonomy":"category","embeddable":true,"href":"https:\/\/mundobibliotecario.com.br\/index.php\/wp-json\/wp\/v2\/categories?post=3145"},{"taxonomy":"post_tag","embeddable":true,"href":"https:\/\/mundobibliotecario.com.br\/index.php\/wp-json\/wp\/v2\/tags?post=3145"}],"curies":[{"name":"wp","href":"https:\/\/api.w.org\/{rel}","templated":true}]}}