{"id":3147,"date":"2013-06-29T14:29:30","date_gmt":"2013-06-29T17:29:30","guid":{"rendered":"http:\/\/mundobibliotecario.wordpress.com\/?p=3147"},"modified":"2013-06-29T14:29:30","modified_gmt":"2013-06-29T17:29:30","slug":"modernizacao-das-bibliotecas-educacionais","status":"publish","type":"post","link":"https:\/\/mundobibliotecario.com.br\/index.php\/2013\/06\/29\/modernizacao-das-bibliotecas-educacionais\/","title":{"rendered":"Moderniza\u00e7\u00e3o das Bibliotecas Educacionais"},"content":{"rendered":"<p>Os gestores educacionais, em sua maioria, est\u00e3o acompanhando a r\u00e1pida evolu\u00e7\u00e3o de diversas transforma\u00e7\u00f5es na sala de aula, nas institui\u00e7\u00f5es, no modo de ensinar e nos alunos, no entanto, muitos acabam se esquecendo de um espa\u00e7o que fornece o aprimoramento intelectual, promove o conv\u00edvio social e transforma o conte\u00fado em novos conhecimentos para os estudantes: a biblioteca. Havendo a conviv\u00eancia dos alunos com este espa\u00e7o, a experi\u00eancia ser\u00e1 positiva, gerando uma cultura de pesquisa e de troca de informa\u00e7\u00f5es, principalmente, com os bibliotec\u00e1rios. Para contribuir com esta conviv\u00eancia em um mundo totalmente informatizado, se faz necess\u00e1ria a moderniza\u00e7\u00e3o da biblioteca, proporcionando todos os seus benef\u00edcios atrav\u00e9s da intera\u00e7\u00e3o.<\/p>\n<p>Com o objetivo de auxiliar as institui\u00e7\u00f5es de ensino neste sentido, a HUMUS realizar\u00e1 no dia 29 de agosto o <b>ENB 2013 \u2013 V Encontro Nacional de Bibliotec\u00e1rios de IES &amp; V Encontro Nacional de Bibliotec\u00e1rios Escolares<\/b>, com o tema central <b>Gerenciando uma Biblioteca Inovadora<\/b>. O Encontro acontecer\u00e1 no Hotel Park Inn Ibirapuera, localizado na Av. Ibirapuera, 2.534, em Moema, S\u00e3o Paulo\/SP.<\/p>\n<p>No per\u00edodo da manh\u00e3 ser\u00e3o abordados temas abrangentes para todas as institui\u00e7\u00f5es de ensino, tais como a relev\u00e2ncia da Biblioteca Digital, a utiliza\u00e7\u00e3o do acervo digital e o uso de redes sociais na dissemina\u00e7\u00e3o e recupera\u00e7\u00e3o da informa\u00e7\u00e3o.<\/p>\n<h3>Para fornecer informa\u00e7\u00f5es particulares sobre cada segmento, no per\u00edodo da tarde os participantes ser\u00e3o divididos em duas salas, sendo uma espec\u00edfica para o Ensino B\u00e1sico e a outra exclusiva para a Educa\u00e7\u00e3o Superior.<\/h3>\n<h3><\/h3>\n<p>Para as IES, os palestrantes abordar\u00e3o a gest\u00e3o da inova\u00e7\u00e3o na Biblioteca Acad\u00eamica, as leis de incentivo \u00e0 cultura, o marketing cultural em bibliotecas e trar\u00e3o para debate um <i>case <\/i>da USP sobre como integrar Bibliotecas Digitais.<\/p>\n<p>Para o Ensino B\u00e1sico, as palestras ser\u00e3o sobre a pesquisa escolar e como ela pode ajudar o aluno a se tornar um indiv\u00edduo melhor, sobre o importante papel das bibliotecas na forma\u00e7\u00e3o de leitores de 6 meses a 6 anos de idade, e tamb\u00e9m sobre <strong>o profissional bibliotec\u00e1rio e suas atribui\u00e7\u00f5es.<\/strong><\/p>\n<p><strong>Ap\u00f3s o Encontro, acontecer\u00e3o, no mesmo local, das 17h15 \u00e0s 19h00, dois <i>workshops <\/i>simult\u00e2neos: <\/strong><\/p>\n<p>&#8211;\u00a0\u00a0 <b><i>E-books<\/i><\/b><b> em bibliotecas: impactos e tend\u00eancias<\/b>. Este <i>workshop<\/i> auxiliar\u00e1 os participantes sobre a utiliza\u00e7\u00e3o de <i>e-books<\/i>, desenvolvimento de cole\u00e7\u00f5es, aquisi\u00e7\u00f5es e acesso. Como docente, teremos a presen\u00e7a de Liliana Giusti Serra, profissional com mais de 20 anos de experi\u00eancia nas \u00e1reas de gest\u00e3o de acervos documentais, arquitetura da informa\u00e7\u00e3o em projetos web e bibliotecas digitais.<\/p>\n<p>&nbsp;<\/p>\n<p>&#8211;\u00a0\u00a0 <b>Produtos e Servi\u00e7os inovadores em Bibliotecas Nacionais e Internacionais<\/b>.\u00a0 A docente Leila Rabello de Oliveira, gestora da Informa\u00e7\u00e3o e Professora no Centro Universit\u00e1rio Belas Artes de S\u00e3o Paulo, mostrar\u00e1 aos participantes as inova\u00e7\u00f5es em bibliotecas com novas ideias, novas regras e novos modelos, al\u00e9m de como os bibliotec\u00e1rios podem ser inovadores e os 10 h\u00e1bitos muito eficazes dos profissionais da informa\u00e7\u00e3o.<\/p>\n<p align=\"center\"><b>\u00a0<\/b><\/p>\n<p align=\"center\"><b>Gerencie uma Biblioteca Inovadora e obtenha ainda mais destaque no segmento educacional!<\/b><\/p>\n<p>&nbsp;<\/p>\n<p>Para mais informa\u00e7\u00f5es e inscri\u00e7\u00f5es acesse: <a href=\"http:\/\/www.humus.com.br\/eventos\/enb\/\">www.humus.com.br\/eventos\/enb\/<\/a> ou entre em contato com a nossa Central de Atendimento: (011) 5535-1397 \/ <a href=\"mailto:humus@humus.com.br\">humus@humus.com.br<\/a><strong>. <\/strong><\/p>\n<p><strong>\u00a0<\/strong><\/p>\n<p><strong>Patroc\u00ednio: Sophia Biblioteca (<\/strong><a href=\"http:\/\/www.portalsophia.com.br\/\"><b>www.portalsophia.com.br\/<\/b><\/a><b>)<strong><\/strong><\/b><\/p>\n<p><strong>\u00a0<\/strong><\/p>\n<p><b>Sobre a HUMUS<\/b><\/p>\n<p>Desde sua funda\u00e7\u00e3o em 1994, a Humus atua no segmento educacional, trabalhando para o aperfei\u00e7oamento constante das compet\u00eancias empresariais e do desenvolvimento humano. Consolida-se como uma empresa comprometida com a QUALIDADE de seus produtos e servi\u00e7os, garantindo, assim, a satisfa\u00e7\u00e3o de seus clientes. O foco de todo o trabalho desenvolvido pela equipe Humus est\u00e1 baseado na conscientiza\u00e7\u00e3o, mobiliza\u00e7\u00e3o e capacita\u00e7\u00e3o do profissional para gerar melhorias e aperfei\u00e7oamento cont\u00ednuos das atividades organizacionais.<\/p>\n","protected":false},"excerpt":{"rendered":"<p>Os gestores educacionais, em sua maioria, est\u00e3o acompanhando a r\u00e1pida evolu\u00e7\u00e3o de diversas transforma\u00e7\u00f5es na sala de aula, nas institui\u00e7\u00f5es, no modo de ensinar e nos alunos, no entanto, muitos acabam se esquecendo de um espa\u00e7o que fornece o aprimoramento intelectual, promove o conv\u00edvio social e transforma o conte\u00fado em novos conhecimentos para os estudantes: &#8230; <a title=\"Moderniza\u00e7\u00e3o das Bibliotecas Educacionais\" class=\"read-more\" href=\"https:\/\/mundobibliotecario.com.br\/index.php\/2013\/06\/29\/modernizacao-das-bibliotecas-educacionais\/\" aria-label=\"Read more about Moderniza\u00e7\u00e3o das Bibliotecas Educacionais\">Ler mais<\/a><\/p>\n","protected":false},"author":1,"featured_media":0,"comment_status":"open","ping_status":"open","sticky":false,"template":"","format":"standard","meta":{"_mi_skip_tracking":false,"_exactmetrics_sitenote_active":false,"_exactmetrics_sitenote_note":"","_exactmetrics_sitenote_category":0,"_jetpack_newsletter_access":"","footnotes":""},"categories":[27],"tags":[462,373,964],"class_list":["post-3147","post","type-post","status-publish","format-standard","hentry","category-eventos","tag-biblioteca-escolar","tag-biblioteca-universitaria","tag-enb"],"jetpack_featured_media_url":"","jetpack_sharing_enabled":true,"jetpack-related-posts":[{"id":3048,"url":"https:\/\/mundobibliotecario.com.br\/index.php\/2013\/03\/30\/uma-biblioteca-por-dia-ate-2020\/","url_meta":{"origin":3147,"position":0},"title":"Uma biblioteca por dia at\u00e9 2020","author":"mundobibliotecario","date":"30\/03\/2013","format":false,"excerpt":"O Brasil precisa construir 39 bibliotecas por dia nos pr\u00f3ximos sete anos para cumprir a Lei n.\u00ba 12.244\/2010, que prev\u00ea que toda escola p\u00fablica ou privada tenha o seu pr\u00f3prio espa\u00e7o de leitura at\u00e9 2020. A defasagem total do pa\u00eds \u00e9 de 128 mil bibliotecas. No Paran\u00e1, segundo informa\u00e7\u00f5es do\u2026","rel":"","context":"Em &quot;Not\u00edcias&quot;","block_context":{"text":"Not\u00edcias","link":"https:\/\/mundobibliotecario.com.br\/index.php\/category\/noticias\/"},"img":{"alt_text":"","src":"","width":0,"height":0},"classes":[]},{"id":1282,"url":"https:\/\/mundobibliotecario.com.br\/index.php\/2010\/05\/25\/sancionada-a-lei-sobre-a-universalizacao-das-bibliotecas-nas-instituicoes-de-ensino-do-pais\/","url_meta":{"origin":3147,"position":1},"title":"Sancionada a lei sobre a universaliza\u00e7\u00e3o das bibliotecas nas institui\u00e7\u00f5es de ensino do pa\u00eds","author":"mundobibliotecario","date":"25\/05\/2010","format":false,"excerpt":"LEI No- 12.244, DE 24 DE MAIO DE 2010 Disp\u00f5e sobre a universaliza\u00e7\u00e3o das bibliotecas nas institui\u00e7\u00f5es de ensino do Pa\u00eds. \u00a0O\u00a0 P R E S I D E N T E \u00a0D A \u00a0R E P \u00da B L I C A Fa\u00e7o saber que o Congresso Nacional decreta\u2026","rel":"","context":"Em &quot;Not\u00edcias&quot;","block_context":{"text":"Not\u00edcias","link":"https:\/\/mundobibliotecario.com.br\/index.php\/category\/noticias\/"},"img":{"alt_text":"","src":"","width":0,"height":0},"classes":[]},{"id":5135,"url":"https:\/\/mundobibliotecario.com.br\/index.php\/2019\/05\/06\/investir-em-educacao-e-investir-em-biblioteca-escolar\/","url_meta":{"origin":3147,"position":2},"title":"Investir em Educa\u00e7\u00e3o \u00e9 investir em Biblioteca Escolar!","author":"mundobibliotecario","date":"06\/05\/2019","format":false,"excerpt":"PUBLISHNEWS, VOLNEI CAN\u00d4NICA, 03\/05\/2019 Em sua coluna, Volnei Can\u00f4nica explica detalhes da pesquisa sobre bibliotecas escolares realizada recentemente pelo Instituto Pr\u00f3-Livro Infelizmente tornou-se comum ouvir not\u00edcias de que, pela falta de estrutura e investimentos nas escolas, ou devido ao n\u00famero crescente de crian\u00e7as fora delas, gestores p\u00fablicos fecham as bibliotecas\u2026","rel":"","context":"Em &quot;Not\u00edcias&quot;","block_context":{"text":"Not\u00edcias","link":"https:\/\/mundobibliotecario.com.br\/index.php\/category\/noticias\/"},"img":{"alt_text":"","src":"https:\/\/i0.wp.com\/www.publishnews.com.br\/estaticos\/uploads\/2019\/05\/204x272xPiEAxv3Lrein8HUGtIZexuUnIn31e4Q9nLrf9JL6dybZDs4ZLsVvO55wHiUhF3Ec6nzCwKHARuZ758RI.jpeg.pagespeed.ic.fSrQwYe4oG.webp?resize=350%2C200&ssl=1","width":350,"height":200},"classes":[]},{"id":3945,"url":"https:\/\/mundobibliotecario.com.br\/index.php\/2015\/09\/19\/cengage-learning-participa-do-e-learning-summit-evento-de-educacao-a-distancia-para-o-segmento-corporativo\/","url_meta":{"origin":3147,"position":3},"title":"Cengage Learning participa do E-learning Summit, evento de Educa\u00e7\u00e3o a Dist\u00e2ncia para o segmento corporativo","author":"mundobibliotecario","date":"19\/09\/2015","format":false,"excerpt":"Brasil, S\u00e3o Paulo - 16 de setembro de 2015 \u2013 O estudo E-learning Market Trends & Forecast 2014-2016 Report revela que utilizar o e-learning para capacita\u00e7\u00e3o de funcion\u00e1rios torna os neg\u00f3cios mais duradouros e a for\u00e7a de trabalho mais produtiva. Atenta a essa oportunidade, a Cengage Learning, l\u00edder no fornecimento\u2026","rel":"","context":"Em &quot;Eventos&quot;","block_context":{"text":"Eventos","link":"https:\/\/mundobibliotecario.com.br\/index.php\/category\/eventos\/"},"img":{"alt_text":"","src":"","width":0,"height":0},"classes":[]},{"id":5094,"url":"https:\/\/mundobibliotecario.com.br\/index.php\/2019\/01\/10\/bibliotecas-publicas-de-18-municipios-serao-modernizadas-com-apoio-do-governo-federal\/","url_meta":{"origin":3147,"position":4},"title":"Bibliotecas p\u00fablicas de 18 munic\u00edpios ser\u00e3o modernizadas com apoio do governo federal","author":"mundobibliotecario","date":"10\/01\/2019","format":false,"excerpt":"Vencedoras do Edital de Bibliotecas Digitais 2018, institui\u00e7\u00f5es de sete unidades federativas de todas as regi\u00f5es do Pa\u00eds receber\u00e3o R$ 100 mil publicado: 09\/01\/2019 17h03, \u00faltima modifica\u00e7\u00e3o: 09\/01\/2019 19h24 As comunidades de 18 munic\u00edpios de sete unidades federativas das cinco regi\u00f5es do Pa\u00eds passar\u00e3o a ter acesso a bibliotecas p\u00fablicas\u2026","rel":"","context":"Em &quot;Not\u00edcias&quot;","block_context":{"text":"Not\u00edcias","link":"https:\/\/mundobibliotecario.com.br\/index.php\/category\/noticias\/"},"img":{"alt_text":"","src":"","width":0,"height":0},"classes":[]},{"id":2822,"url":"https:\/\/mundobibliotecario.com.br\/index.php\/2013\/01\/29\/no-brasil-bibliotecas-inovadoras-convivem-com-quadro-de-descaso\/","url_meta":{"origin":3147,"position":5},"title":"No Brasil, bibliotecas inovadoras convivem com quadro de descaso","author":"mundobibliotecario","date":"29\/01\/2013","format":false,"excerpt":"Enquanto algumas passam por reformas, incorporam novas m\u00eddias e tend\u00eancias, pa\u00eds ainda tem deficit de bibliotecas nas escolas. \u00a0BBC Biblioteca de S\u00e3o Paulo (Foto: BBC Brasil) No t\u00e9rreo da Biblioteca de S\u00e3o Paulo, ouve-se o burburinho de crian\u00e7as brincando nos computadores, jogando jogos de tabuleiros ou circulando entre as estantes\u2026","rel":"","context":"Em &quot;Not\u00edcias&quot;","block_context":{"text":"Not\u00edcias","link":"https:\/\/mundobibliotecario.com.br\/index.php\/category\/noticias\/"},"img":{"alt_text":"","src":"https:\/\/i0.wp.com\/s2.glbimg.com\/p3dWMRRupYn2ypZ8QV67PjlBF3gDK8Hf5yJwAEaxfgxIoz-HdGixxa_8qOZvMp3w\/s.glbimg.com\/jo\/g1\/f\/original\/2013\/01\/25\/bibliotecasp_1.jpg?resize=350%2C200","width":350,"height":200},"classes":[]}],"jetpack_likes_enabled":true,"jetpack_shortlink":"https:\/\/wp.me\/pcbzwa-OL","_links":{"self":[{"href":"https:\/\/mundobibliotecario.com.br\/index.php\/wp-json\/wp\/v2\/posts\/3147","targetHints":{"allow":["GET"]}}],"collection":[{"href":"https:\/\/mundobibliotecario.com.br\/index.php\/wp-json\/wp\/v2\/posts"}],"about":[{"href":"https:\/\/mundobibliotecario.com.br\/index.php\/wp-json\/wp\/v2\/types\/post"}],"author":[{"embeddable":true,"href":"https:\/\/mundobibliotecario.com.br\/index.php\/wp-json\/wp\/v2\/users\/1"}],"replies":[{"embeddable":true,"href":"https:\/\/mundobibliotecario.com.br\/index.php\/wp-json\/wp\/v2\/comments?post=3147"}],"version-history":[{"count":0,"href":"https:\/\/mundobibliotecario.com.br\/index.php\/wp-json\/wp\/v2\/posts\/3147\/revisions"}],"wp:attachment":[{"href":"https:\/\/mundobibliotecario.com.br\/index.php\/wp-json\/wp\/v2\/media?parent=3147"}],"wp:term":[{"taxonomy":"category","embeddable":true,"href":"https:\/\/mundobibliotecario.com.br\/index.php\/wp-json\/wp\/v2\/categories?post=3147"},{"taxonomy":"post_tag","embeddable":true,"href":"https:\/\/mundobibliotecario.com.br\/index.php\/wp-json\/wp\/v2\/tags?post=3147"}],"curies":[{"name":"wp","href":"https:\/\/api.w.org\/{rel}","templated":true}]}}