{"id":3153,"date":"2013-07-05T12:03:19","date_gmt":"2013-07-05T15:03:19","guid":{"rendered":"http:\/\/mundobibliotecario.wordpress.com\/?p=3153"},"modified":"2013-07-05T12:03:19","modified_gmt":"2013-07-05T15:03:19","slug":"com-participacao-de-artistas-ccj-aprova-projeto-que-restringe-poderes-ao-ecad","status":"publish","type":"post","link":"https:\/\/mundobibliotecario.com.br\/index.php\/2013\/07\/05\/com-participacao-de-artistas-ccj-aprova-projeto-que-restringe-poderes-ao-ecad\/","title":{"rendered":"Com participa\u00e7\u00e3o de artistas, CCJ aprova projeto que restringe poderes ao Ecad"},"content":{"rendered":"<p><img loading=\"lazy\" decoding=\"async\" title=\"Reprodu\u00e7\u00e3o Twitter\" alt=\"Carlinhos Brown, Gaby Amarantos, Roberta Miranda e Emicida aguardam na sala do senador Randolfe Rodrigues (PSOL-AP)\" src=\"http:\/\/imguol.com\/c\/entretenimento\/2013\/07\/03\/carlinhos-brown-gaby-amarantos-roberta-miranda-e-emicida-aguardam-na-sala-do-senador-randolfe-rodrigues-psol-ap-1372865663694_615x300.jpg\" width=\"600\" height=\"300\" \/><\/p>\n<p>Carlinhos Brown, Gaby Amarantos, Roberta Miranda e Emicida aguardam na sala do senador Randolfe Rodrigues (PSOL-AP)<\/p>\n<p>O colegiado da C\u00e2mara de Constitui\u00e7\u00e3o e Justi\u00e7a (CCJ) aprovou nesta quarta-feira (3) o projeto de lei 129\/12, que muda as regras de arrecada\u00e7\u00e3o dos direitos autorais e interfere no funcionamento do Escrit\u00f3rio Central de Arrecada\u00e7\u00e3o e Distribui\u00e7\u00e3o (Ecad). O relat\u00f3rio foi aprovado e ser\u00e1 encaminhado ainda nesta tarde ao plen\u00e1rio do Senado em regime de urg\u00eancia.<\/p>\n<p><a href=\"http:\/\/entretenimento.uol.com.br\/noticias\/redacao\/2012\/04\/26\/relatorio-final-da-cpi-do-ecad-e-aprovado.htm\" target=\"_blank\">Artistas voltaram em peso<\/a>\u00a0ao Senado para acompanhar a vota\u00e7\u00e3o do projeto, que\u00a0quer conceder ao Minist\u00e9rio da Cultura o poder de fiscaliza\u00e7\u00e3o sobre o Ecad. Com relatoria do senador Humberto Costa, o projeto \u00e9 resultado da CPI realizada em 2012, que investigou supostas irregularidades na arrecada\u00e7\u00e3o e distribui\u00e7\u00e3o de direitos por execu\u00e7\u00e3o de m\u00fasicas por parte do \u00f3rg\u00e3o.<\/p>\n<p>Em 2012, o Ecad\u00a0<a href=\"http:\/\/entretenimento.uol.com.br\/noticias\/redacao\/2012\/04\/27\/alvo-de-cpi-ecad-acusa-tv-paga-de-inadimplencia-abta-contesta-modo-da-cobranca.htm\" target=\"_blank\">acusou TVs por assinatura, emissoras de TV e r\u00e1dios de ter &#8220;os maiores \u00edndices de inadimpl\u00eancia&#8221;<\/a>\u00a0por falta de pagamento de direitos autorais.<\/p>\n<p>Junto com o Ecad, a turma contr\u00e1ria ao projeto, com a participa\u00e7\u00e3o presencial do cantor Jair Rodrigues na Comiss\u00e3o, tentou postergar a vota\u00e7\u00e3o, pedindo um debate amplo sobre o assunto com a classe art\u00edstica. O \u00f3rg\u00e3o tamb\u00e9m\u00a0<a href=\"http:\/\/www1.folha.uol.com.br\/ilustrada\/2013\/07\/1305187-ecad-banca-viagens-a-brasilia-para-artistas-contrarios-a-projeto.shtml\" target=\"_blank\">tem atuado de perto com o manifesto &#8220;Vivo de M\u00fasica&#8221;<\/a>, com o apoio de artistas como o compositor Michael Sullivan, dono de uma lista grande de sucessos.<\/p>\n<p>Do grupo de artistas a favor do PLS 129, encabe\u00e7ado pelo grupo &#8220;Procure Saber&#8221;, Carlinhos Brown, Emicida, Roberta Miranda, Otto e Gaby Amarantos tamb\u00e9m foram assistir a vota\u00e7\u00e3o na CCJ. Havia ainda a possibilidade de Roberto Carlos participar da vota\u00e7\u00e3o. O cantor, por\u00e9m, restringiu seu apoio atrav\u00e9s do Twitter, junto com artistas como Gilberto Gil, Caetano Veloso, Ivete Sangalo e a produtora Paula Lavigne.<\/p>\n<p><img decoding=\"async\" style=\"line-height:1.7;\" title=\"Reprodu\u00e7\u00e3o\/Facebook\" alt=\"Reprodu\u00e7\u00e3o\/Facebook\" src=\"http:\/\/imguol.com\/c\/entretenimento\/2013\/07\/03\/jair-rodrigues-e-um-dos-artistas-contrarios-ao-ls-1292012-a-foto-foi-divulgada-pelo-proprio-ecad-alvo-da-discussao-1372864759420_564x430.jpg\" border=\"0\" \/><\/p>\n<p>Jair Rodrigues \u00e9 um dos artistas contr\u00e1rios ao LS 129\/2012. A foto foi divulgada pelo pr\u00f3prio ECAD, alvo da discuss\u00e3o<\/p>\n<p><strong style=\"line-height:1.7;\">Entenda o caso<\/strong><\/p>\n<p>O projeto de lei 129\/12 \u00e9 resultado de uma CPI conclu\u00edda em 26 de abril de 2012, que investigou den\u00fancias de irregularidades no\u00a0Ecad. O relat\u00f3rio final da CPI pede o indiciamento de 15 pessoas por apropria\u00e7\u00e3o indevida de verbas, cobran\u00e7as excessivas, dentre outras acusa\u00e7\u00f5es, al\u00e9m de novas regras para que haja mais transpar\u00eancia nas atividades do escrit\u00f3rio e um \u00f3rg\u00e3o que seja ligado ao Minist\u00e9rio da Justi\u00e7a para fazer a fiscaliza\u00e7\u00e3o do Ecad.<\/p>\n<p>A investiga\u00e7\u00e3o do Ecad, presidida pelo senador Randolfe Rodrigues (PSOL-AP) e criada em junho de 2011, n\u00e3o foi a primeira. Antes, j\u00e1 foram feitas quatro CPIs: uma da C\u00e2mara dos Deputados (entre 1995\/96), e tr\u00eas em assembleias legislativa estaduais &#8211;em S\u00e3o Paulo (2009), em Mato Grosso do Sul (2005) e no Rio de Janeiro (2011).<\/p>\n<p>Sobre o relat\u00f3rio da CPI, o Ecad disse, em nota, \u00e0 \u00e9poca, que n\u00e3o identificou &#8220;qualquer irregularidade na arrecada\u00e7\u00e3o e distribui\u00e7\u00e3o de direitos autorais que justifique o indiciamento de dirigentes&#8221;, e que acusa\u00e7\u00f5es de abuso de ordem econ\u00f4mica e cartel &#8220;j\u00e1 foram afastados pelo MPF, manifestando-se pelo arquivamento do processo por inaplicabilidade do direito concorrencial&#8221;.<\/p>\n<p>Dispon\u00edvel em: &lt;<a href=\"http:\/\/musica.uol.com.br\/noticias\/redacao\/2013\/07\/03\/com-participacao-de-artistas-ccj-aprova-projeto-que-restringe-poderes-ao-ecad.htm\">http:\/\/musica.uol.com.br\/noticias\/redacao\/2013\/07\/03\/com-participacao-de-artistas-ccj-aprova-projeto-que-restringe-poderes-ao-ecad.htm<\/a>&gt;. Acesso em: 5 jul. 2013.<\/p>\n","protected":false},"excerpt":{"rendered":"<p>Carlinhos Brown, Gaby Amarantos, Roberta Miranda e Emicida aguardam na sala do senador Randolfe Rodrigues (PSOL-AP) O colegiado da C\u00e2mara de Constitui\u00e7\u00e3o e Justi\u00e7a (CCJ) aprovou nesta quarta-feira (3) o projeto de lei 129\/12, que muda as regras de arrecada\u00e7\u00e3o dos direitos autorais e interfere no funcionamento do Escrit\u00f3rio Central de Arrecada\u00e7\u00e3o e Distribui\u00e7\u00e3o (Ecad). &#8230; <a title=\"Com participa\u00e7\u00e3o de artistas, CCJ aprova projeto que restringe poderes ao Ecad\" class=\"read-more\" href=\"https:\/\/mundobibliotecario.com.br\/index.php\/2013\/07\/05\/com-participacao-de-artistas-ccj-aprova-projeto-que-restringe-poderes-ao-ecad\/\" aria-label=\"Read more about Com participa\u00e7\u00e3o de artistas, CCJ aprova projeto que restringe poderes ao Ecad\">Ler mais<\/a><\/p>\n","protected":false},"author":1,"featured_media":0,"comment_status":"open","ping_status":"open","sticky":false,"template":"","format":"standard","meta":{"_mi_skip_tracking":false,"_exactmetrics_sitenote_active":false,"_exactmetrics_sitenote_note":"","_exactmetrics_sitenote_category":0,"_jetpack_newsletter_access":"","footnotes":""},"categories":[60],"tags":[76,1078],"class_list":["post-3153","post","type-post","status-publish","format-standard","hentry","category-noticias","tag-direito-autoral","tag-ecad"],"jetpack_featured_media_url":"","jetpack_sharing_enabled":true,"jetpack-related-posts":[{"id":9565,"url":"https:\/\/mundobibliotecario.com.br\/index.php\/2021\/10\/25\/comissao-aprova-projeto-que-obriga-editoras-a-destinarem-livros-desatualizados-de-direito-para-reciclagem\/","url_meta":{"origin":3153,"position":0},"title":"Comiss\u00e3o aprova projeto que obriga editoras a destinarem livros desatualizados de Direito para reciclagem","author":"mundobibliotecario","date":"25\/10\/2021","format":false,"excerpt":"Erika Kokay recomendou a aprova\u00e7\u00e3o da proposta A Comiss\u00e3o de Cultura da C\u00e2mara dos Deputados aprovou o Projeto de Lei\u00a0 624\/20, que obriga as editoras de livros de Direito a destinarem para a reciclagem as obras desatualizadas n\u00e3o comercializadas. O descumprimento da medida sujeitar\u00e1 a editora ao pagamento de multa\u2026","rel":"","context":"Em &quot;Not\u00edcias&quot;","block_context":{"text":"Not\u00edcias","link":"https:\/\/mundobibliotecario.com.br\/index.php\/category\/noticias\/"},"img":{"alt_text":"","src":"https:\/\/i0.wp.com\/mundobibliotecario.com.br\/wp-content\/uploads\/2021\/10\/livro-direito.jpg?resize=350%2C200&ssl=1","width":350,"height":200},"classes":[]},{"id":4528,"url":"https:\/\/mundobibliotecario.com.br\/index.php\/2017\/05\/24\/comissao-de-justica-aprova-criacao-de-politica-nacional-de-bibliotecas\/","url_meta":{"origin":3153,"position":1},"title":"Comiss\u00e3o de Justi\u00e7a aprova cria\u00e7\u00e3o de Pol\u00edtica Nacional de Bibliotecas","author":"mundobibliotecario","date":"24\/05\/2017","format":false,"excerpt":"A senadora F\u00e1tima Bezerra, relatora da mat\u00e9ria, elogiou a proposta de Cristovam Buarque O Brasil poder\u00e1 contar em breve com uma Pol\u00edtica Nacional de Bibliotecas. \u00c9 o que estabelece o Projeto de Lei do Senado (PLS) 28\/2015, de autoria do senador Cristovam Buarque (PPS-DF), que foi aprovado nesta quarta-feira (24)\u2026","rel":"","context":"Em &quot;Not\u00edcias&quot;","block_context":{"text":"Not\u00edcias","link":"https:\/\/mundobibliotecario.com.br\/index.php\/category\/noticias\/"},"img":{"alt_text":"","src":"","width":0,"height":0},"classes":[]},{"id":982,"url":"https:\/\/mundobibliotecario.com.br\/index.php\/2009\/11\/13\/camara-aprova-biblioteca-em-cada-escola-e-numero-minimo-de-livros\/","url_meta":{"origin":3153,"position":2},"title":"C\u00e2mara aprova biblioteca em cada escola e n\u00famero m\u00ednimo de livros","author":"mundobibliotecario","date":"13\/11\/2009","format":false,"excerpt":"Aconteceu - 12\/11\/2009 \u00a017h19 C\u00e2mara aprova biblioteca em cada escola e n\u00famero m\u00ednimo de livros J.Batista Marcelo Guimar\u00e3es votou pela aprova\u00e7\u00e3o de duas propostas que tratam do tema. A Comiss\u00e3o de Constitui\u00e7\u00e3o e Justi\u00e7a e de Cidadania (CCJ) aprovou dia na quarta-feira (11) o Projeto de Lei 1831\/03, do deputado\u2026","rel":"","context":"Em &quot;Not\u00edcias&quot;","block_context":{"text":"Not\u00edcias","link":"https:\/\/mundobibliotecario.com.br\/index.php\/category\/noticias\/"},"img":{"alt_text":"","src":"","width":0,"height":0},"classes":[]},{"id":3731,"url":"https:\/\/mundobibliotecario.com.br\/index.php\/2015\/05\/31\/ccj-da-aval-a-projeto-de-classificacao-de-acervo-literario\/","url_meta":{"origin":3153,"position":3},"title":"CCJ d\u00e1 aval a projeto de classifica\u00e7\u00e3o de acervo liter\u00e1rio","author":"mundobibliotecario","date":"31\/05\/2015","format":false,"excerpt":"By ALAMO | Published: 27 DE MAIO DE 2015 Projeto de Lei 347\/15 determina que bibliotecas p\u00fablicas classifiquem obras conforme faixa et\u00e1ria. Na reuni\u00e3o da manh\u00e3 do dia\u00a019 de maio, a Comiss\u00e3o de Constitui\u00e7\u00e3o e Justi\u00e7a (CCJ) da Assembleia Legislativa de Minas Gerais (ALMG) aprovou parecer pela legalidade do Projeto\u2026","rel":"","context":"Em &quot;Not\u00edcias&quot;","block_context":{"text":"Not\u00edcias","link":"https:\/\/mundobibliotecario.com.br\/index.php\/category\/noticias\/"},"img":{"alt_text":"O Projeto de Lei 347\/15 segue agora para an\u00c3\u00a1lise da Comiss\u00c3\u00a3o de Cultura","src":"https:\/\/i0.wp.com\/blog.crb6.org.br\/wp-content\/uploads\/2015\/05\/Projeto-de-Lei-PL-347-15.jpg?resize=350%2C200","width":350,"height":200},"classes":[]},{"id":3695,"url":"https:\/\/mundobibliotecario.com.br\/index.php\/2015\/03\/15\/ce-analisa-proposta-que-permite-copia-de-ate-25-de-uma-obra-para-uso-privado\/","url_meta":{"origin":3153,"position":4},"title":"CE analisa proposta que permite c\u00f3pia de at\u00e9 25% de uma obra para uso privado","author":"mundobibliotecario","date":"15\/03\/2015","format":false,"excerpt":"Elina Rodrigues Pozzebom | 02\/03\/2015, 14h56 - ATUALIZADO EM 02\/03\/2015, 22h48\u00a0 Cris Castello Branco\/Governo SP Com o intuito de isentar principalmente os estudantes universit\u00e1rios de penalidades por infra\u00e7\u00e3o de direitos autorais ao copiar trechos de livros, o senador Valdir Raupp (PMDB-RO) apresentou projeto para regulamentar essa reprodu\u00e7\u00e3o para uso privado.\u2026","rel":"","context":"Em &quot;Not\u00edcias&quot;","block_context":{"text":"Not\u00edcias","link":"https:\/\/mundobibliotecario.com.br\/index.php\/category\/noticias\/"},"img":{"alt_text":"","src":"","width":0,"height":0},"classes":[]},{"id":5653,"url":"https:\/\/mundobibliotecario.com.br\/index.php\/2020\/06\/14\/bibliotecas-do-senado-e-da-camara-promovem-live-para-divulgar-acervos-digitais\/","url_meta":{"origin":3153,"position":5},"title":"Bibliotecas do Senado e da C\u00e2mara promovem &#8216;live&#8217; para divulgar acervos digitais","author":"mundobibliotecario","date":"14\/06\/2020","format":false,"excerpt":"Biblioteca do Senado est\u00e1 fechada fisicamente desde o in\u00edcio da pandemia. Evento on-line em parceria com a Biblioteca da C\u00e2mara possibilita que usu\u00e1rios continuem acessando o acervo pela internetRoque de S\u00e1\/Ag\u00eancia Senado As bibliotecas do\u00a0Senado Federal\u00a0e da\u00a0C\u00e2mara dos Deputados\u00a0promoveram a primeira\u00a0live\u00a0da iniciativa Parlabiblio, que pretende apresentar ao p\u00fablico os servi\u00e7os\u2026","rel":"","context":"Em &quot;Not\u00edcias&quot;","block_context":{"text":"Not\u00edcias","link":"https:\/\/mundobibliotecario.com.br\/index.php\/category\/noticias\/"},"img":{"alt_text":"","src":"","width":0,"height":0},"classes":[]}],"jetpack_likes_enabled":true,"jetpack_shortlink":"https:\/\/wp.me\/pcbzwa-OR","_links":{"self":[{"href":"https:\/\/mundobibliotecario.com.br\/index.php\/wp-json\/wp\/v2\/posts\/3153","targetHints":{"allow":["GET"]}}],"collection":[{"href":"https:\/\/mundobibliotecario.com.br\/index.php\/wp-json\/wp\/v2\/posts"}],"about":[{"href":"https:\/\/mundobibliotecario.com.br\/index.php\/wp-json\/wp\/v2\/types\/post"}],"author":[{"embeddable":true,"href":"https:\/\/mundobibliotecario.com.br\/index.php\/wp-json\/wp\/v2\/users\/1"}],"replies":[{"embeddable":true,"href":"https:\/\/mundobibliotecario.com.br\/index.php\/wp-json\/wp\/v2\/comments?post=3153"}],"version-history":[{"count":0,"href":"https:\/\/mundobibliotecario.com.br\/index.php\/wp-json\/wp\/v2\/posts\/3153\/revisions"}],"wp:attachment":[{"href":"https:\/\/mundobibliotecario.com.br\/index.php\/wp-json\/wp\/v2\/media?parent=3153"}],"wp:term":[{"taxonomy":"category","embeddable":true,"href":"https:\/\/mundobibliotecario.com.br\/index.php\/wp-json\/wp\/v2\/categories?post=3153"},{"taxonomy":"post_tag","embeddable":true,"href":"https:\/\/mundobibliotecario.com.br\/index.php\/wp-json\/wp\/v2\/tags?post=3153"}],"curies":[{"name":"wp","href":"https:\/\/api.w.org\/{rel}","templated":true}]}}