{"id":3155,"date":"2013-07-11T23:25:43","date_gmt":"2013-07-12T02:25:43","guid":{"rendered":"http:\/\/mundobibliotecario.wordpress.com\/?p=3155"},"modified":"2013-07-11T23:25:43","modified_gmt":"2013-07-12T02:25:43","slug":"sobre-o-cbbd-2013","status":"publish","type":"post","link":"https:\/\/mundobibliotecario.com.br\/index.php\/2013\/07\/11\/sobre-o-cbbd-2013\/","title":{"rendered":"Sobre o CBBD 2013"},"content":{"rendered":"<p>A abertura do evento teve como destaque a confer\u00eancia da presidente da <a href=\"http:\/\/www.ifla.org\/\">IFLA<\/a>, Ingrid Parent, e foi seguida de um coquetel que aparentemente n\u00e3o p\u00f4de atender todos os presentes. Apesar da ilustre presen\u00e7a de nossa l\u00edder maior, p<span style=\"line-height:1.7;\">osso estar enganado, mas tive a impress\u00e3o de que o evento n\u00e3o foi tudo aquilo que muitos bibliotec\u00e1rios esperavam. Quero dizer, n\u00e3o foi padr\u00e3o IFLA, como li em alguma mensagem do Facebook. Primeiro, pelo fato (ir\u00f4nico) de n\u00e3o ter acesso wifi (e d\u00e1-lhe os discursos sobre tecnologia, redes sociais, etc.). Segundo, pela interessant\u00edssima palestra de <\/span><a style=\"line-height:1.7;\" href=\"http:\/\/stephenslighthouse.com\/\">Stephen Abram<\/a><span style=\"line-height:1.7;\"> (Mudar! Mudando as estrat\u00e9gias de lideran\u00e7a para as bibliotecas) ter sido interrompida no meio por problemas de conex\u00e3o do palestrante, conforme alegou um dos membros de apoio da palestra. Uma pena. Antes que o an\u00fancio desse problema fosse feito, uma participante pediu a palavra avisando que ainda faltavam 20 minutos para se encerrar. Foi quando o an\u00fancio caiu como uma bomba.<\/span><\/p>\n<p>Apesar desses contratempos, o evento como um todo foi bom. Em rela\u00e7\u00e3o \u00e0 softwares, conheci um novo, que foi lan\u00e7ado na feira de exposi\u00e7\u00f5es. Trata-se do <a href=\"http:\/\/citavi.com\/\">Citavi<\/a>, um gerenciador de refer\u00eancias alem\u00e3o que est\u00e1 sendo traduzido para o portugu\u00eas. Pelo que entendi da demonstra\u00e7\u00e3o, al\u00e9m de gerenciar refer\u00eancias, o Citavi tamb\u00e9m permite trabalhar a organiza\u00e7\u00e3o textual (introdu\u00e7\u00e3o, desenvolvimento e conclus\u00e3o).<\/p>\n<p>Em rela\u00e7\u00e3o aos trabalhos, tive a satisfa\u00e7\u00e3o de assistir o de colegas que comigo se formaram (Parab\u00e9ns, Fl\u00e1via! Continue explorando os resultados dos buscadores sob a \u00f3tica do discurso, \u00e9 uma vis\u00e3o que promete revolucionar acervos!), de uma colega que se formou um ano depois (Mayara, sucesso na continua\u00e7\u00e3o do seu trabalho no mestrado! Voc\u00ea mostrou que o bibliotec\u00e1rio pode dar enormes contribui\u00e7\u00f5es para a \u00e1rea de patrim\u00f4nio!). Meninas, sucesso no mestrado em Ci\u00eancia, Tecnologia e Sociedade da UFSCar! Tamb\u00e9m \u00a0tive a honra de conhecer pessoalmente um colega do <a href=\"http:\/\/infobci.wordpress.com\/\">InfoBCI<\/a>, <a href=\"http:\/\/fabricioassumpcao.com\/\">Fabr\u00edcio Assump\u00e7\u00e3o<\/a>. Os estudos na gradua\u00e7\u00e3o e no mestrado na UNESP de Mar\u00edlia est\u00e3o levando Fabr\u00edcio para ser o futuro da cataloga\u00e7\u00e3o, haja vista os trabalhos por ele apresentados sobre o cat\u00e1logo e a web 2.0 e sobre a convers\u00e3o de registros PHL em MARC. Vale ressaltar que no segundo trabalho faltou lugar e tinha fila de espera do lado de fora da sala. Isso ilustra um pouco mais o que quero dizer. O meu amigo Anderson tamb\u00e9m apresentou seu trabalho sobre a avalia\u00e7\u00e3o qualitativa-sociocognitiva de linguagens document\u00e1rias, que infelizmente n\u00e3o pude assistir, mas que pelo que pude ver no Facebook, tamb\u00e9m foi um sucesso. Parab\u00e9ns, rapaz! Tive a oportunidade de conhecer um novo\u00a0colega, Silvio Marcos Dias Santos, da Universidade Federal da Fronteira Sul, para o qual tamb\u00e9m registro aqui meus parab\u00e9ns pelo trabalho que permitiu refletir sobre tornar a san\u00e7\u00e3o pela devolu\u00e7\u00e3o de documentos um projeto educativo, e n\u00e3o meramente punitivo. Al\u00e9m desses, tamb\u00e9m foi muito esclarecedor o trabalho dos professores Fernando Modesto e Marcos Mucheroni sobre a biblioteca nas nuvens, que mais do que nunca, nesse contexto, ter\u00e3o um papel fundamental como prestadoras de servi\u00e7o. Como exemplo, o professor Modesto apresentou a OCLC, que dentre outros produtos e servi\u00e7os, tamb\u00e9m est\u00e1 oferecendo <em>softwares<\/em>.<\/p>\n<p><span style=\"line-height:1.7;\">No mais, os trabalhos em geral versaram sobre tem\u00e1ticas como redes sociais, avalia\u00e7\u00e3o de servi\u00e7os, sustentabilidade, forma\u00e7\u00e3o e identidade profissional, dentre outras. Por outro lado, senti falta de trabalhos sobre direitos autorais (s\u00f3 localizei um na programa\u00e7\u00e3o) e, principalmente, sobre <a href=\"http:\/\/pt.wikipedia.org\/wiki\/MOOC\">Massive Open Online Courses<\/a>, que apesar de ser um tema emergente, merece ser discutido, para o bem da biblioteconomia brasileira, para depois que importar ficar achando que \u00e9 novidade ou moda, como aconteceu com as redes sociais.<\/span><\/p>\n<p>Espero que nas pr\u00f3ximas edi\u00e7\u00f5es sejam superados os problemas tecnol\u00f3gicos e que a organiza\u00e7\u00e3o tome cuidado para que o ditado &#8220;Em casa de ferreiro, o espeto \u00e9 de pau.&#8221; n\u00e3o fique na mem\u00f3ria do evento. Que venham os pr\u00f3ximos.<\/p>\n<p>D\u00favidas, cr\u00edticas, sugest\u00f5es e, principalmente, corre\u00e7\u00f5es sobre os coment\u00e1rios dos trabalhos citados, s\u00e3o essenciais para o nosso desenvolvimento profissional. Por favor, sintam-se \u00e0 vontade para contribu\u00edrem!<\/p>\n","protected":false},"excerpt":{"rendered":"<p>A abertura do evento teve como destaque a confer\u00eancia da presidente da IFLA, Ingrid Parent, e foi seguida de um coquetel que aparentemente n\u00e3o p\u00f4de atender todos os presentes. Apesar da ilustre presen\u00e7a de nossa l\u00edder maior, posso estar enganado, mas tive a impress\u00e3o de que o evento n\u00e3o foi tudo aquilo que muitos bibliotec\u00e1rios &#8230; <a title=\"Sobre o CBBD 2013\" class=\"read-more\" href=\"https:\/\/mundobibliotecario.com.br\/index.php\/2013\/07\/11\/sobre-o-cbbd-2013\/\" aria-label=\"Read more about Sobre o CBBD 2013\">Ler mais<\/a><\/p>\n","protected":false},"author":1,"featured_media":0,"comment_status":"open","ping_status":"open","sticky":false,"template":"","format":"standard","meta":{"_mi_skip_tracking":false,"_exactmetrics_sitenote_active":false,"_exactmetrics_sitenote_note":"","_exactmetrics_sitenote_category":0,"_jetpack_newsletter_access":"","footnotes":""},"categories":[27,60],"tags":[1079],"class_list":["post-3155","post","type-post","status-publish","format-standard","hentry","category-eventos","category-noticias","tag-cbbd-2013"],"jetpack_featured_media_url":"","jetpack_sharing_enabled":true,"jetpack-related-posts":[{"id":9828,"url":"https:\/\/mundobibliotecario.com.br\/index.php\/2022\/02\/23\/palestra-tendencias-em-bibliotecas-reflexoes-sobre-o-relatorio-da-ifla\/","url_meta":{"origin":3155,"position":0},"title":"Palestra &#8211; Tend\u00eancias em Bibliotecas: reflex\u00f5es sobre o relat\u00f3rio da IFLA","author":"mundobibliotecario","date":"23\/02\/2022","format":false,"excerpt":"*O\u00a0link para inscri\u00e7\u00e3o e posterior certifica\u00e7\u00e3o ser\u00e1 divulgado durante a\u00a0palestra* Transmiss\u00e3o:\u00a0www.youtube.com\/unespdemarilia","rel":"","context":"Em &quot;Eventos&quot;","block_context":{"text":"Eventos","link":"https:\/\/mundobibliotecario.com.br\/index.php\/category\/eventos\/"},"img":{"alt_text":"","src":"https:\/\/i0.wp.com\/mundobibliotecario.com.br\/wp-content\/uploads\/2022\/02\/Palestra_Dudziak_edited.jpg?resize=350%2C200&ssl=1","width":350,"height":200},"classes":[]},{"id":3218,"url":"https:\/\/mundobibliotecario.com.br\/index.php\/2013\/08\/23\/encerramento-do-congresso-da-ifla-2013\/","url_meta":{"origin":3155,"position":1},"title":"Encerramento do Congresso da IFLA 2013","author":"mundobibliotecario","date":"23\/08\/2013","format":false,"excerpt":"Infelizmente n\u00e3o pude cobrir o Congresso da IFLA 2013 como gostaria, mas fica registrado meu agradecimento pela divulga\u00e7\u00e3o do Mundo Bibliotec\u00e1rio no IFLA Express. \u00c9 uma oportunidade \u00fanica e muito gratificante para trazer ao conhecimento dos bibliotec\u00e1rios brasileiros um pouco do que est\u00e1 sendo discutindo no maior evento da \u00e1rea.\u2026","rel":"","context":"Em &quot;Eventos&quot;","block_context":{"text":"Eventos","link":"https:\/\/mundobibliotecario.com.br\/index.php\/category\/eventos\/"},"img":{"alt_text":"","src":"","width":0,"height":0},"classes":[]},{"id":3214,"url":"https:\/\/mundobibliotecario.com.br\/index.php\/2013\/08\/18\/show-de-abertura-do-congresso-da-ifla-2013\/","url_meta":{"origin":3155,"position":2},"title":"Show de abertura do Congresso da IFLA 2013","author":"mundobibliotecario","date":"18\/08\/2013","format":false,"excerpt":"[youtube=http:\/\/www.youtube.com\/watch?v=so5Br27du2A&feature=youtu.be]","rel":"","context":"Em &quot;Eventos&quot;","block_context":{"text":"Eventos","link":"https:\/\/mundobibliotecario.com.br\/index.php\/category\/eventos\/"},"img":{"alt_text":"","src":"","width":0,"height":0},"classes":[]},{"id":3617,"url":"https:\/\/mundobibliotecario.com.br\/index.php\/2014\/10\/23\/encontro-abrainfo-passo-a-passo\/","url_meta":{"origin":3155,"position":3},"title":"Encontro &#8220;ABRAINFO: passo a passo&#8221;","author":"mundobibliotecario","date":"23\/10\/2014","format":false,"excerpt":"Problema com a visualiza\u00e7\u00e3o da mensagem? Clique aqui. Prezada(o) Amig(a)o, Em comemora\u00e7\u00e3o ao nosso segundo ano de exist\u00eancia, realizaremos um encontro para promover um balan\u00e7o desse per\u00edodo e das perspectivas que se apresentam para a \u00e1rea de informa\u00e7\u00e3o. Nesta oportunidade, realizaremos tamb\u00e9m uma mesa-redonda para que alguns profissionais, que participaram\u2026","rel":"","context":"Em &quot;Eventos&quot;","block_context":{"text":"Eventos","link":"https:\/\/mundobibliotecario.com.br\/index.php\/category\/eventos\/"},"img":{"alt_text":"","src":"","width":0,"height":0},"classes":[]},{"id":654,"url":"https:\/\/mundobibliotecario.com.br\/index.php\/2009\/05\/24\/cbbd-2009-trabalhos-aprovados\/","url_meta":{"origin":3155,"position":4},"title":"CBBD 2009: trabalhos aprovados","author":"mundobibliotecario","date":"24\/05\/2009","format":false,"excerpt":"Foi publicada a lista dos trabalhos aprovados do CBBD 2009. Confira aqui! Parab\u00e9ns a todos os que tiveram seus trabalhos aceitos para o evento!","rel":"","context":"Em &quot;Not\u00edcias&quot;","block_context":{"text":"Not\u00edcias","link":"https:\/\/mundobibliotecario.com.br\/index.php\/category\/noticias\/"},"img":{"alt_text":"","src":"","width":0,"height":0},"classes":[]},{"id":5098,"url":"https:\/\/mundobibliotecario.com.br\/index.php\/2019\/01\/18\/esta-no-ar-o-site-do-cbbd-2019\/","url_meta":{"origin":3155,"position":5},"title":"Est\u00e1 no ar o site do CBBD 2019!","author":"mundobibliotecario","date":"18\/01\/2019","format":false,"excerpt":"Fonte: Facebook da FEBAB Desigualdade e Democracia: qual \u00e9 o papel das bibliotecas? Esse \u00e9 o chamado da FEBAB para a 28\u00aa. edi\u00e7\u00e3o do Congresso Brasileiro de Biblioteconomia, Documenta\u00e7\u00e3o e Ci\u00eancia da Informa\u00e7\u00e3o que entende que nossa responsabilidade como bibliotec\u00e1rios - reafirmada em nosso juramento, - nos compromete a defender\u2026","rel":"","context":"Em &quot;Eventos&quot;","block_context":{"text":"Eventos","link":"https:\/\/mundobibliotecario.com.br\/index.php\/category\/eventos\/"},"img":{"alt_text":"","src":"https:\/\/i0.wp.com\/mundobibliotecario.com.br\/wp-content\/uploads\/2019\/01\/cbbd-2019.jpg?resize=350%2C200","width":350,"height":200},"classes":[]}],"jetpack_likes_enabled":true,"jetpack_shortlink":"https:\/\/wp.me\/pcbzwa-OT","_links":{"self":[{"href":"https:\/\/mundobibliotecario.com.br\/index.php\/wp-json\/wp\/v2\/posts\/3155","targetHints":{"allow":["GET"]}}],"collection":[{"href":"https:\/\/mundobibliotecario.com.br\/index.php\/wp-json\/wp\/v2\/posts"}],"about":[{"href":"https:\/\/mundobibliotecario.com.br\/index.php\/wp-json\/wp\/v2\/types\/post"}],"author":[{"embeddable":true,"href":"https:\/\/mundobibliotecario.com.br\/index.php\/wp-json\/wp\/v2\/users\/1"}],"replies":[{"embeddable":true,"href":"https:\/\/mundobibliotecario.com.br\/index.php\/wp-json\/wp\/v2\/comments?post=3155"}],"version-history":[{"count":0,"href":"https:\/\/mundobibliotecario.com.br\/index.php\/wp-json\/wp\/v2\/posts\/3155\/revisions"}],"wp:attachment":[{"href":"https:\/\/mundobibliotecario.com.br\/index.php\/wp-json\/wp\/v2\/media?parent=3155"}],"wp:term":[{"taxonomy":"category","embeddable":true,"href":"https:\/\/mundobibliotecario.com.br\/index.php\/wp-json\/wp\/v2\/categories?post=3155"},{"taxonomy":"post_tag","embeddable":true,"href":"https:\/\/mundobibliotecario.com.br\/index.php\/wp-json\/wp\/v2\/tags?post=3155"}],"curies":[{"name":"wp","href":"https:\/\/api.w.org\/{rel}","templated":true}]}}