{"id":3178,"date":"2013-07-22T09:34:56","date_gmt":"2013-07-22T12:34:56","guid":{"rendered":"http:\/\/mundobibliotecario.wordpress.com\/?p=3178"},"modified":"2020-07-21T22:46:12","modified_gmt":"2020-07-22T01:46:12","slug":"relatorio-da-cgu-mostra-falta-de-condicoes-da-biblioteca-nacional-em-gerenciar-contratos","status":"publish","type":"post","link":"https:\/\/mundobibliotecario.com.br\/index.php\/2013\/07\/22\/relatorio-da-cgu-mostra-falta-de-condicoes-da-biblioteca-nacional-em-gerenciar-contratos\/","title":{"rendered":"Relat\u00f3rio da CGU mostra falta de condi\u00e7\u00f5es da Biblioteca Nacional em gerenciar contratos"},"content":{"rendered":"<div>\n<div>\n<figure><figcaption>Em Silva Jardim, foram comprados 16 mil livros para a bilbioteca da cidade, que tem cerca de 20 mil habitantesANA BRANCO \/ AG\u00caNCIA O GLOBO <\/figcaption><\/figure>\n<\/div>\n<\/div>\n<div>\n<p>RIO \u2014 O relat\u00f3rio preliminar da Controladoria Geral da Uni\u00e3o (CGU), ao qual O GLOBO teve acesso e que revelou ontem casos de superfaturamento, conflitos de interesse e contratos irregulares na Funda\u00e7\u00e3o Biblioteca Nacional (FBN), tamb\u00e9m mostra a total falta de condi\u00e7\u00f5es da FBN em administrar os 184 conv\u00eanios assinados com outros \u00f3rg\u00e3os p\u00fablicos e entidades privadas em vigor este ano. De acordo com o relat\u00f3rio, apenas tr\u00eas dos 184 tiveram as presta\u00e7\u00f5es de conta analisadas e aprovadas. H\u00e1, segundo o documento da CGU, 99 conv\u00eanios em execu\u00e7\u00e3o atualmente.<\/p>\n<p>O levantamento da Controladoria verificou atraso na entrega da presta\u00e7\u00e3o de contas por parte das conveniadas e em sua avalia\u00e7\u00e3o pela \u00e1rea respons\u00e1vel da FBN em 72 conv\u00eanios. A auditoria cita a \u201cincapacidade t\u00e9cnica, operacional e de gest\u00e3o para a realiza\u00e7\u00e3o de cobran\u00e7a da entrega e da respectiva an\u00e1lise das presta\u00e7\u00f5es de contas do quantitativo de conv\u00eanios atualmente vigentes no \u00e2mbito da Funda\u00e7\u00e3o, com potenciais preju\u00edzos para a avalia\u00e7\u00e3o da execu\u00e7\u00e3o f\u00edsico-financeira dos recursos p\u00fablicos federais transferidos\u201d.<\/p>\n<p>A dificuldade para gerenciar tantos conv\u00eanios foi admitida pelo presidente da FBN, Renato Lessa, que assumiu o cargo em abril deste ano. Ele afirmou que os que envolviam obras j\u00e1 foram cancelados por n\u00e3o haver meios de garantir o controle da execu\u00e7\u00e3o. Entre esses, dois tinham sido motivados por emenda parlamentar do deputado federal Domingos Dutra (PT-MA): um para a constru\u00e7\u00e3o de bibliotecas no munic\u00edpio de Lagoa Grande e outro para a amplia\u00e7\u00e3o de uma biblioteca em Porto Franco, todas no Maranh\u00e3o.<\/p>\n<p>\u2014 N\u00e3o fui informado do cancelamento do conv\u00eanio e acredito que os prefeitos tamb\u00e9m n\u00e3o foram \u2014 diz Dutra. \u2014 Acho um absurdo que, num estado em que a educa\u00e7\u00e3o \u00e9 prec\u00e1ria e o acesso a livros \u00e9 quase inexistente, conv\u00eanios sejam cancelados pelo Minist\u00e9rio da Cultura por sua incapacidade de fiscaliza\u00e7\u00e3o.<\/p>\n<p>A falta de mecanismos de supervis\u00e3o dos conv\u00eanios fica expl\u00edcita em casos como o da Biblioteca Parque da Rocinha, inaugurada em junho do ano passado. Um conv\u00eanio assinado entre a Secretaria estadual de Cultura e a FBN previa a compra de equipamentos de som e luz para o teatro da biblioteca, al\u00e9m de mobili\u00e1rio. Segundo a CGU, a secretaria n\u00e3o fez pesquisas de pre\u00e7os, e o or\u00e7amento apresentado possui sobrepre\u00e7o que chega a 2.571%.<\/p>\n<p>Em nota, a Secretaria estadual de Cultura argumentou que o or\u00e7amento foi uma estimativa dos custos. Em mar\u00e7o, o \u00f3rg\u00e3o foi informado de inconsist\u00eancias no conv\u00eanio e vem pesquisando pre\u00e7os no mercado. A secretaria ressaltou que n\u00e3o houve licita\u00e7\u00e3o e nem recebeu verbas relativas ao conv\u00eanio.<\/p>\n<p>No caso da Biblioteca P\u00fablica Municipal Tiradentes, em Silva Jardim, o conv\u00eanio entre a prefeitura da cidade e Funda\u00e7\u00e3o Biblioteca Nacional era destinado \u00e0 compra de 16.775 livros. A verba de R$ 1,05 milh\u00e3o veio de uma emenda parlamentar apresentada pela deputada federal Liliam S\u00e1 (PSD-RJ). Procurada pelo GLOBO, a assessoria da deputada informou que a emenda foi um pleito do munic\u00edpio e que o dinheiro n\u00e3o era apenas para a compra de livros, mas tamb\u00e9m para equipamentos eletr\u00f4nicos. Caso seja comprovado o superfaturamento, a deputada pretende cancelar a emenda.<\/p>\n<p>Presidente da Funda\u00e7\u00e3o Biblioteca Nacional entre janeiro de 2011 e mar\u00e7o deste ano, per\u00edodo em que esses conv\u00eanios foram assinados, Galeno Amorim n\u00e3o retornou os pedidos de entrevista.<\/p>\n<\/div>\n<p>Dispon\u00edvel em: &lt;<a href=\"http:\/\/oglobo.globo.com\/cultura\/relatorio-da-cgu-mostra-falta-de-condicoes-da-biblioteca-nacional-em-gerenciar-contratos-9090411\">http:\/\/oglobo.globo.com\/cultura\/relatorio-da-cgu-mostra-falta-de-condicoes-da-biblioteca-nacional-em-gerenciar-contratos-9090411<\/a>&gt;. Acesso em: 22 jul. 2013.<\/p>\n","protected":false},"excerpt":{"rendered":"<p>Em Silva Jardim, foram comprados 16 mil livros para a bilbioteca da cidade, que tem cerca de 20 mil habitantesANA BRANCO \/ AG\u00caNCIA O GLOBO RIO \u2014 O relat\u00f3rio preliminar da Controladoria Geral da Uni\u00e3o (CGU), ao qual O GLOBO teve acesso e que revelou ontem casos de superfaturamento, conflitos de interesse e contratos irregulares &#8230; <a title=\"Relat\u00f3rio da CGU mostra falta de condi\u00e7\u00f5es da Biblioteca Nacional em gerenciar contratos\" class=\"read-more\" href=\"https:\/\/mundobibliotecario.com.br\/index.php\/2013\/07\/22\/relatorio-da-cgu-mostra-falta-de-condicoes-da-biblioteca-nacional-em-gerenciar-contratos\/\" aria-label=\"Read more about Relat\u00f3rio da CGU mostra falta de condi\u00e7\u00f5es da Biblioteca Nacional em gerenciar contratos\">Ler mais<\/a><\/p>\n","protected":false},"author":1,"featured_media":0,"comment_status":"open","ping_status":"open","sticky":false,"template":"","format":"standard","meta":{"_mi_skip_tracking":false,"_exactmetrics_sitenote_active":false,"_exactmetrics_sitenote_note":"","_exactmetrics_sitenote_category":0,"_jetpack_newsletter_access":"","footnotes":""},"categories":[60],"tags":[877],"class_list":["post-3178","post","type-post","status-publish","format-standard","hentry","category-noticias","tag-fundacao-biblioteca-nacional"],"jetpack_featured_media_url":"","jetpack_sharing_enabled":true,"jetpack-related-posts":[{"id":2364,"url":"https:\/\/mundobibliotecario.com.br\/index.php\/2011\/12\/16\/fbn-investe-mais-de-r-40-milhoes-em-acervo-para-bibliotecas\/","url_meta":{"origin":3178,"position":0},"title":"FBN investe mais de R$ 40 milh\u00f5es em acervo para bibliotecas","author":"mundobibliotecario","date":"16\/12\/2011","format":false,"excerpt":"CBL - 05\/12\/2011 A Funda\u00e7\u00e3o Biblioteca Nacional publicou o maior edital de apoio \u00e0s bibliotecas da\u00a0hist\u00f3ria do Minist\u00e9rio da Cultura. Ser\u00e3o investidos mais de R$ 40 milh\u00f5es na amplia\u00e7\u00e3o e atualiza\u00e7\u00e3o de acervos de bibliotecas municipais, comunit\u00e1rias, rurais e pontos de leitura que estiverem inscritos no Cadastro Nacional de Bibliotecas.\u2026","rel":"","context":"Em &quot;Not\u00edcias&quot;","block_context":{"text":"Not\u00edcias","link":"https:\/\/mundobibliotecario.com.br\/index.php\/category\/noticias\/"},"img":{"alt_text":"","src":"","width":0,"height":0},"classes":[]},{"id":3090,"url":"https:\/\/mundobibliotecario.com.br\/index.php\/2013\/04\/21\/marta-suplicy-tira-politicas-de-livro-e-leitura-da-biblioteca-nacional\/","url_meta":{"origin":3178,"position":1},"title":"Marta Suplicy tira pol\u00edticas de livro e leitura da Biblioteca Nacional","author":"mundobibliotecario","date":"21\/04\/2013","format":false,"excerpt":"Folha de S. Paulo - 11\/04\/13 As pol\u00edticas de livro e leitura do pa\u00eds deixar\u00e3o de ser atribui\u00e7\u00e3o da Funda\u00e7\u00e3o Biblioteca Nacional (FBN) e voltar\u00e3o \u00e0 estrutura do Minist\u00e9rio da Cultura, em Bras\u00edlia. A decis\u00e3o da ministra Marta Suplicy foi consolidada na \u00faltima segunda-feira, quando Jos\u00e9 Castilho Marques Neto, presidente\u2026","rel":"","context":"Em &quot;Not\u00edcias&quot;","block_context":{"text":"Not\u00edcias","link":"https:\/\/mundobibliotecario.com.br\/index.php\/category\/noticias\/"},"img":{"alt_text":"","src":"","width":0,"height":0},"classes":[]},{"id":3044,"url":"https:\/\/mundobibliotecario.com.br\/index.php\/2013\/03\/30\/presidente-da-fundacao-biblioteca-nacional-e-demitido-por-marta-suplicy\/","url_meta":{"origin":3178,"position":2},"title":"Presidente da Funda\u00e7\u00e3o Biblioteca Nacional \u00e9 demitido por Marta Suplicy","author":"mundobibliotecario","date":"30\/03\/2013","format":false,"excerpt":"Marta Suplicy em uma visita a Galeno Amorim na Biblioteca Nacional MONICA IMBUZEIRO\/ AG\u00caNCIA O GLOBO RIO - Desgastado pela crise hist\u00f3rica que atinge a Funda\u00e7\u00e3o Biblioteca Nacional (FBN) e que se agu\u00e7ou no \u00faltimo ano, o paulista Galeno Amorim ser\u00e1 substitu\u00eddo na presid\u00eancia da entidade pelo cientista pol\u00edtico e\u2026","rel":"","context":"Em &quot;Not\u00edcias&quot;","block_context":{"text":"Not\u00edcias","link":"https:\/\/mundobibliotecario.com.br\/index.php\/category\/noticias\/"},"img":{"alt_text":"","src":"","width":0,"height":0},"classes":[]},{"id":3773,"url":"https:\/\/mundobibliotecario.com.br\/index.php\/2015\/06\/25\/fbn-i-editais-programa-nacional-de-apoio-a-pesquisadores-residentes-pnap-r-2015\/","url_meta":{"origin":3178,"position":3},"title":"FBN I Editais &#8211;  Programa Nacional de Apoio a Pesquisadores Residentes (PNAP-R) &#8211; 2015","author":"mundobibliotecario","date":"25\/06\/2015","format":false,"excerpt":"","rel":"","context":"Em &quot;Not\u00edcias&quot;","block_context":{"text":"Not\u00edcias","link":"https:\/\/mundobibliotecario.com.br\/index.php\/category\/noticias\/"},"img":{"alt_text":"","src":"","width":0,"height":0},"classes":[]},{"id":3075,"url":"https:\/\/mundobibliotecario.com.br\/index.php\/2013\/04\/12\/galeno-amorim-fala-sobre-sua-saida-da-fundacao-biblioteca-nacional\/","url_meta":{"origin":3178,"position":4},"title":"Galeno Amorim fala sobre sua sa\u00edda da Funda\u00e7\u00e3o Biblioteca Nacional","author":"mundobibliotecario","date":"12\/04\/2013","format":false,"excerpt":"Jornal A Cidade, Ribeir\u00e3o Preto\/SP - 06\/04\/13 Desde o dia 27 de mar\u00e7o, o ribeir\u00e3o-pretano Galeno Amorim n\u00e3o \u00e9 mais presidente da Funda\u00e7\u00e3o Biblioteca Nacional. Exonerado pela ministra da Cultura, Marta Suplicy, ap\u00f3s uma gest\u00e3o de dois anos e dois meses, ele fala nesta entrevista sobre seu trabalho \u00e0 frente\u2026","rel":"","context":"Em &quot;Not\u00edcias&quot;","block_context":{"text":"Not\u00edcias","link":"https:\/\/mundobibliotecario.com.br\/index.php\/category\/noticias\/"},"img":{"alt_text":"","src":"","width":0,"height":0},"classes":[]},{"id":2411,"url":"https:\/\/mundobibliotecario.com.br\/index.php\/2012\/01\/20\/fundacao-biblioteca-nacional-e-as-bibliotecas-publicas\/","url_meta":{"origin":3178,"position":5},"title":"Funda\u00e7\u00e3o Biblioteca Nacional e as bibliotecas p\u00fablicas","author":"mundobibliotecario","date":"20\/01\/2012","format":false,"excerpt":"Contribui\u00e7\u00e3o de Denise Bottmann, do blog n\u00e3o gosto de pl\u00e1gio boa tarde: a fbn est\u00e1 com um magn\u00edfico programa de livro de baixo pre\u00e7o para as bibliotecas p\u00fablicas de todo o pa\u00eds. o problema \u00e9 que h\u00e1 dezenas e dezenas de obras de tradu\u00e7\u00e3o esp\u00farias inscritas neste programa, oferecidas \u00e0\u2026","rel":"","context":"Em &quot;Not\u00edcias&quot;","block_context":{"text":"Not\u00edcias","link":"https:\/\/mundobibliotecario.com.br\/index.php\/category\/noticias\/"},"img":{"alt_text":"","src":"","width":0,"height":0},"classes":[]}],"jetpack_likes_enabled":true,"jetpack_shortlink":"https:\/\/wp.me\/pcbzwa-Pg","_links":{"self":[{"href":"https:\/\/mundobibliotecario.com.br\/index.php\/wp-json\/wp\/v2\/posts\/3178","targetHints":{"allow":["GET"]}}],"collection":[{"href":"https:\/\/mundobibliotecario.com.br\/index.php\/wp-json\/wp\/v2\/posts"}],"about":[{"href":"https:\/\/mundobibliotecario.com.br\/index.php\/wp-json\/wp\/v2\/types\/post"}],"author":[{"embeddable":true,"href":"https:\/\/mundobibliotecario.com.br\/index.php\/wp-json\/wp\/v2\/users\/1"}],"replies":[{"embeddable":true,"href":"https:\/\/mundobibliotecario.com.br\/index.php\/wp-json\/wp\/v2\/comments?post=3178"}],"version-history":[{"count":1,"href":"https:\/\/mundobibliotecario.com.br\/index.php\/wp-json\/wp\/v2\/posts\/3178\/revisions"}],"predecessor-version":[{"id":5962,"href":"https:\/\/mundobibliotecario.com.br\/index.php\/wp-json\/wp\/v2\/posts\/3178\/revisions\/5962"}],"wp:attachment":[{"href":"https:\/\/mundobibliotecario.com.br\/index.php\/wp-json\/wp\/v2\/media?parent=3178"}],"wp:term":[{"taxonomy":"category","embeddable":true,"href":"https:\/\/mundobibliotecario.com.br\/index.php\/wp-json\/wp\/v2\/categories?post=3178"},{"taxonomy":"post_tag","embeddable":true,"href":"https:\/\/mundobibliotecario.com.br\/index.php\/wp-json\/wp\/v2\/tags?post=3178"}],"curies":[{"name":"wp","href":"https:\/\/api.w.org\/{rel}","templated":true}]}}